{"id":17375,"date":"2014-01-02T12:57:53","date_gmt":"2014-01-02T14:57:53","guid":{"rendered":"http:\/\/aconteceunovale.com.br\/portal\/?p=17375"},"modified":"2014-01-02T12:57:53","modified_gmt":"2014-01-02T14:57:53","slug":"chegada-do-verao-e-periodo-chuvoso-aumentam-o-alerta-contra-a-dengue","status":"publish","type":"post","link":"https:\/\/aconteceunovale.com.br\/portal\/?p=17375","title":{"rendered":"Chegada do ver\u00e3o e per\u00edodo chuvoso aumentam o alerta contra a dengue"},"content":{"rendered":"<p><em><strong>Popula\u00e7\u00e3o precisa ficar atenta para evitar a prolifera\u00e7\u00e3o da doen\u00e7a; em 80% dos casos o foco do mosquito est\u00e1 nas resid\u00eancias<\/strong><\/em><\/p>\n<p><img decoding=\"async\" src=\"http:\/\/aconteceunovale.com.br\/portal\/wp-content\/uploads\/2014\/01\/chegada-do-verao-e-aumento-das-chuvas-aumentam-o-alerta-contra-a-dengue.jpg\" alt=\"\" \/><br \/>\n<em>Caixas d\u2019\u00e1gua devem ser limpas e totalmente vedadas<\/em><\/p>\n<p>No per\u00edodo de chuvas, a popula\u00e7\u00e3o precisa ficar ainda mais atenta para evitar a prolifera\u00e7\u00e3o da dengue, em decorr\u00eancia da eleva\u00e7\u00e3o dos focos de \u00e1gua parada. De acordo com a coordenadora estadual do programa de combate \u00e0 dengue, Geane Andrade, o per\u00edodo de ver\u00e3o dispenda cuidados.<\/p>\n<p>\u201cEstamos entrando no per\u00edodo cr\u00edtico no que se refere \u00e0 transmiss\u00e3o de dengue. A temperatura mais elevada, o n\u00edvel de chuvas aumentado e o per\u00edodo de f\u00e9rias, podem favorecer a prolifera\u00e7\u00e3o do vetor de transmiss\u00e3o da dengue, o Aedes aegypti. Por isso, \u00e9 muito importante que a popula\u00e7\u00e3o siga algumas recomenda\u00e7\u00f5es\u201d, diz a coordenador.<\/p>\n<p>Geane Andrade ainda esclarece que, em mais de 80% dos casos, o foco do mosquito est\u00e1 dentro das resid\u00eancias. \u201cFa\u00e7a a checagem toda semana e n\u00e3o deixe que o mosquito se multiplique. Ele leva de 7 a 10 dias para passar do ovo \u00e0 fase adulta. Por isso, o ideal \u00e9 que cada um fa\u00e7a sua parte e se junte nessa luta contra a doen\u00e7a\u201d, explica.<\/p>\n<p>A dengue \u00e9 uma doen\u00e7a infecciosa febril transmitida por um mosquito e dura em torno de 10 dias. Os sintomas s\u00e3o: febre, dor de cabe\u00e7a, no corpo, nas articula\u00e7\u00f5es e por tr\u00e1s dos olhos, podendo afetar crian\u00e7as e adultos.<\/p>\n<p><strong>Dicas de preven\u00e7\u00e3o<\/strong><\/p>\n<p>&#8211; Cuidado especial no armazenamento e destina\u00e7\u00e3o do lixo, mantendo-o em recipiente fechado e disponibilizando-o para recolhimento pela Limpeza Urbana na freq\u00fc\u00eancia usual;<\/p>\n<p>&#8211; Jamais descarte o lixo ou qualquer outro material que possa acumular \u00e1gua no quintal de casa, no quintal de vizinhos, na rua ou em lotes vagos;<\/p>\n<p>&#8211; Mantenha a caixa d\u2019\u00e1gua sempre limpa e totalmente tampada;<\/p>\n<p>&#8211; Mantenha as calhas livres de entupimentos para evitar represamento de \u00e1gua nas mesmas;<\/p>\n<p>&#8211; Elimine os pratinhos de vasos de plantas; caso n\u00e3o seja poss\u00edvel mantenha-os limpos e escovados pelo menos tr\u00eas vezes ao dia;<\/p>\n<p>&#8211; Mantenha limpos e escovados os bebedouros de animais dom\u00e9sticos; a \u00e1gua deve ser trocada diariamente;<\/p>\n<p>&#8211; Mantenha piscinas sempre em uso e devidamente tratadas;<\/p>\n<p>&#8211; Aten\u00e7\u00e3o especial ao sair de f\u00e9rias para que esses cuidados estejam garantidos na aus\u00eancia do morador;<\/p>\n<p>&#8211; Caso perceba a manifesta\u00e7\u00e3o de qualquer sintoma de dengue, procure imediatamente o centro de sa\u00fade mais pr\u00f3ximo.<\/p>\n","protected":false},"excerpt":{"rendered":"<p>Popula\u00e7\u00e3o precisa ficar atenta para evitar a prolifera\u00e7\u00e3o da doen\u00e7a; em 80% dos casos o foco do mosquito est\u00e1 nas resid\u00eancias Caixas d\u2019\u00e1gua devem ser limpas e totalmente vedadas No per\u00edodo de chuvas, a popula\u00e7\u00e3o precisa ficar ainda mais atenta para evitar a prolifera\u00e7\u00e3o da dengue, em decorr\u00eancia da eleva\u00e7\u00e3o dos focos de \u00e1gua parada. [&hellip;]<\/p>\n","protected":false},"author":1,"featured_media":0,"comment_status":"open","ping_status":"closed","sticky":false,"template":"","format":"standard","meta":{"amp_status":"","footnotes":""},"categories":[6],"tags":[2371,2372],"class_list":["post-17375","post","type-post","status-publish","format-standard","hentry","category-br","tag-chegada-do-verao-e-periodo-chuvoso-aumentam-o-alerta-contra-a-dengue","tag-controle-da-dengue-em-minas-gerais"],"_links":{"self":[{"href":"https:\/\/aconteceunovale.com.br\/portal\/index.php?rest_route=\/wp\/v2\/posts\/17375","targetHints":{"allow":["GET"]}}],"collection":[{"href":"https:\/\/aconteceunovale.com.br\/portal\/index.php?rest_route=\/wp\/v2\/posts"}],"about":[{"href":"https:\/\/aconteceunovale.com.br\/portal\/index.php?rest_route=\/wp\/v2\/types\/post"}],"author":[{"embeddable":true,"href":"https:\/\/aconteceunovale.com.br\/portal\/index.php?rest_route=\/wp\/v2\/users\/1"}],"replies":[{"embeddable":true,"href":"https:\/\/aconteceunovale.com.br\/portal\/index.php?rest_route=%2Fwp%2Fv2%2Fcomments&post=17375"}],"version-history":[{"count":0,"href":"https:\/\/aconteceunovale.com.br\/portal\/index.php?rest_route=\/wp\/v2\/posts\/17375\/revisions"}],"wp:attachment":[{"href":"https:\/\/aconteceunovale.com.br\/portal\/index.php?rest_route=%2Fwp%2Fv2%2Fmedia&parent=17375"}],"wp:term":[{"taxonomy":"category","embeddable":true,"href":"https:\/\/aconteceunovale.com.br\/portal\/index.php?rest_route=%2Fwp%2Fv2%2Fcategories&post=17375"},{"taxonomy":"post_tag","embeddable":true,"href":"https:\/\/aconteceunovale.com.br\/portal\/index.php?rest_route=%2Fwp%2Fv2%2Ftags&post=17375"}],"curies":[{"name":"wp","href":"https:\/\/api.w.org\/{rel}","templated":true}]}}