{"id":17371,"date":"2014-01-02T12:41:06","date_gmt":"2014-01-02T14:41:06","guid":{"rendered":"http:\/\/aconteceunovale.com.br\/portal\/?p=17371"},"modified":"2014-01-02T12:41:06","modified_gmt":"2014-01-02T14:41:06","slug":"morre-menino-de-5-anos-atropelado-na-rodovia-que-liga-aracuai-a-coronel-murta","status":"publish","type":"post","link":"https:\/\/aconteceunovale.com.br\/portal\/?p=17371","title":{"rendered":"Morre menino de 5 anos atropelado na rodovia que liga Ara\u00e7ua\u00ed a Coronel Murta"},"content":{"rendered":"<p>O ano novo come\u00e7ou de forma tr\u00e1gica para a lavradora K\u00e1tia Aparecida Dias de Oliveira, 22 anos, moradora da Comunidade de Vargem Grande, zona rural de Ara\u00e7ua\u00ed\/MG.<\/p>\n<p>Foi sepultado nesta quinta-feira (02\/01) o seu filho Paulo Ricardo de Oliveira Duarte, 5 anos, atropelado na manh\u00e3 de 31 de dezembro, ter\u00e7a-feira, v\u00e9spera de Ano Novo.<\/p>\n<p><img decoding=\"async\" src=\"http:\/\/aconteceunovale.com.br\/portal\/wp-content\/uploads\/2014\/01\/acidente_menino_5_anos_ara_cm.jpg\" alt=\"\" \/><br \/>\n<em>Marcas de frenagem mostram que o motorista tentou se desviar.<\/em><\/p>\n<p>O acidente ocorreu na altura do KM 257 da MG-342 que liga Ara\u00e7ua\u00ed, \u00e0 cidade de Coronel Murta.<\/p>\n<p>Ap\u00f3s ser atropelado por um ve\u00edculo Gol, o menino foi internado em estado grave no hospital de Ara\u00e7ua\u00ed, mas n\u00e3o resistiu e faleceu na tarde de quarta-feira (01\/01).<\/p>\n<p>De acordo com a Pol\u00edcia Militar Rodovi\u00e1ria, o condutor do ve\u00edculo, Jos\u00e9 Hilton Soares Pereira, 34 anos,   trafegava no sentido Coronel Murta-Ara\u00e7ua\u00ed, quando percebeu a crian\u00e7a  correndo para atravessar a rodovia. Ele n\u00e3o conseguiu parar o ve\u00edculo, logo ap\u00f3s entrar em uma curva.<\/p>\n<p>Ainda segundo a Pol\u00edcia Rodovi\u00e1ria, o menino tinha acabado de desembarcar de um ve\u00edculo que estava estacionado em uma das margens da estrada. &#8220;Acreditamos que ele possa ter visto algu\u00e9m do outro lado da rodovia e correu para encontrar esta pessoa\u201d, disse o Sargento L\u00e1zaro, que atendeu a ocorr\u00eancia.<\/p>\n<p>O menino teve socorro imediato de motoristas que passavam pelo local. Ele chegou a se submeter a duas cirurgias. \u201cApesar de n\u00e3o ter ocorrido fraturas \u00f3sseas, ele teve hemorragia interna e traumatismo craniano\u201d, informou a Pol\u00edcia Rodovi\u00e1ria.<\/p>\n<p>O motorista Jos\u00e9 Hilton Soares Pereira \u00e9 natural de Coronel Murta e mora em Belo Horizonte. Ele estava naquela cidade passando as festas de fim de ano com a fam\u00edlia. De acordo com a Pol\u00edcia Rodovi\u00e1ria, ele \u00e9 habilitado.<\/p>\n<p>O menino Paulo Ricardo,  foi sepultado na Comunidade de Itira.<\/p>\n<p><em>Informa\u00e7\u00f5es da Gazeta de Ara\u00e7ua\u00ed<\/em><\/p>\n","protected":false},"excerpt":{"rendered":"<p>O ano novo come\u00e7ou de forma tr\u00e1gica para a lavradora K\u00e1tia Aparecida Dias de Oliveira, 22 anos, moradora da Comunidade de Vargem Grande, zona rural de Ara\u00e7ua\u00ed\/MG. Foi sepultado nesta quinta-feira (02\/01) o seu filho Paulo Ricardo de Oliveira Duarte, 5 anos, atropelado na manh\u00e3 de 31 de dezembro, ter\u00e7a-feira, v\u00e9spera de Ano Novo. Marcas [&hellip;]<\/p>\n","protected":false},"author":1,"featured_media":0,"comment_status":"open","ping_status":"closed","sticky":false,"template":"","format":"standard","meta":{"amp_status":"","footnotes":""},"categories":[120],"tags":[186,483,2370],"class_list":["post-17371","post","type-post","status-publish","format-standard","hentry","category-jequi","tag-aracuai","tag-coronel-murta","tag-morre-menino-de-5-anos-atropelado-na-rodovia-que-liga-aracuai-a-coronel-murta"],"_links":{"self":[{"href":"https:\/\/aconteceunovale.com.br\/portal\/index.php?rest_route=\/wp\/v2\/posts\/17371","targetHints":{"allow":["GET"]}}],"collection":[{"href":"https:\/\/aconteceunovale.com.br\/portal\/index.php?rest_route=\/wp\/v2\/posts"}],"about":[{"href":"https:\/\/aconteceunovale.com.br\/portal\/index.php?rest_route=\/wp\/v2\/types\/post"}],"author":[{"embeddable":true,"href":"https:\/\/aconteceunovale.com.br\/portal\/index.php?rest_route=\/wp\/v2\/users\/1"}],"replies":[{"embeddable":true,"href":"https:\/\/aconteceunovale.com.br\/portal\/index.php?rest_route=%2Fwp%2Fv2%2Fcomments&post=17371"}],"version-history":[{"count":0,"href":"https:\/\/aconteceunovale.com.br\/portal\/index.php?rest_route=\/wp\/v2\/posts\/17371\/revisions"}],"wp:attachment":[{"href":"https:\/\/aconteceunovale.com.br\/portal\/index.php?rest_route=%2Fwp%2Fv2%2Fmedia&parent=17371"}],"wp:term":[{"taxonomy":"category","embeddable":true,"href":"https:\/\/aconteceunovale.com.br\/portal\/index.php?rest_route=%2Fwp%2Fv2%2Fcategories&post=17371"},{"taxonomy":"post_tag","embeddable":true,"href":"https:\/\/aconteceunovale.com.br\/portal\/index.php?rest_route=%2Fwp%2Fv2%2Ftags&post=17371"}],"curies":[{"name":"wp","href":"https:\/\/api.w.org\/{rel}","templated":true}]}}