{"id":173691,"date":"2021-02-11T16:31:32","date_gmt":"2021-02-11T19:31:32","guid":{"rendered":"https:\/\/aconteceunovale.com.br\/portal\/?p=173691"},"modified":"2021-02-11T16:32:09","modified_gmt":"2021-02-11T19:32:09","slug":"camara-dos-deputados-aprova-projeto-que-torna-crime-furar-a-fila-de-vacinacao","status":"publish","type":"post","link":"https:\/\/aconteceunovale.com.br\/portal\/?p=173691","title":{"rendered":"C\u00e2mara dos Deputados aprova projeto que torna crime furar a fila de vacina\u00e7\u00e3o"},"content":{"rendered":"\n<p>A C\u00e2mara dos Deputados aprovou hoje (11\/2\/2021) o\u00a0<a rel=\"noreferrer noopener\" href=\"https:\/\/www.camara.leg.br\/proposicoesWeb\/prop_mostrarintegra;jsessionid=node01n8a31fbga6hzkyq7ji8z13kh1597701.node0?codteor=1959557&amp;filename=PL+25\/2021\" target=\"_blank\">Projeto de Lei 25\/21<\/a>\u00a0que altera o C\u00f3digo Penal para punir as pessoas que furam a fila de vacina\u00e7\u00e3o contra o novo coronav\u00edrus (covid-19). Os parlamentares tamb\u00e9m aprovaram a proposta que aumenta a pena para quem destruir, inutilizar vacinas ou insumo usados contra a covid-19. As duas mat\u00e9rias seguem agora para aprecia\u00e7\u00e3o do Senado.<\/p>\n\n\n\n<p>O projeto prev\u00ea que quem infringir a ordem de vacina\u00e7\u00e3o &#8211; furar a fila &#8211; poder\u00e1 ser punido com pena de reclus\u00e3o de um a tr\u00eas anos, e multa. A pena \u00e9 aumentada de um ter\u00e7o se o agente falsifica atestado, declara\u00e7\u00e3o, certid\u00e3o ou qualquer documento.<\/p>\n\n\n\n<p>O projeto tamb\u00e9m prev\u00ea a puni\u00e7\u00e3o pelo crime de peculato de vacinas, bens ou insumos medicinais ou terap\u00eauticos com reclus\u00e3o de tr\u00eas a 13 anos, e multa. A puni\u00e7\u00e3o para quem se apropriar, desviar ou subtrair vacinas vale tanto para vacina p\u00fablica como para particular.<\/p>\n\n\n\n<p>O projeto caracteriza como crime de corrup\u00e7\u00e3o em plano de imuniza\u00e7\u00e3o o ato da pessoa se valer de cargo ou fun\u00e7\u00e3o para, em benef\u00edcio pr\u00f3prio ou alheio, infringir a ordem de prioridade de vacina\u00e7\u00e3o ou afrontar, por qualquer meio, a operacionaliza\u00e7\u00e3o de plano federal, estadual, distrital ou municipal de imuniza\u00e7\u00e3o. A pena \u00e9 de reclus\u00e3o de dois a 12 anos, e multa.<\/p>\n\n\n\n<p>Nos casos em que o funcion\u00e1rio p\u00fablico deixar de tomar provid\u00eancias para apurar esse tipo de crime, ele poder\u00e1 receber a mesma puni\u00e7\u00e3o.<\/p>\n\n\n\n<p>A pena \u00e9 aumentada de um ter\u00e7o at\u00e9 a metade se o funcion\u00e1rio exige, solicita ou recebe, para si ou para outrem, direta ou indiretamente, ainda que fora da fun\u00e7\u00e3o ou antes de assumi-la, mas em raz\u00e3o dela, vantagem indevida.<\/p>\n\n\n\n<p>J\u00e1 o\u00a0<a rel=\"noreferrer noopener\" href=\"https:\/\/www.camara.leg.br\/proposicoesWeb\/prop_mostrarintegra?codteor=1959561&amp;filename=PL+27\/2021\" target=\"_blank\">Projeto de Lei 27\/21<\/a>, aumenta a pena para quem destruir, inutilizar ou deteriorar vacina ou insumo usado para enfrentar a pandemia do novo coronav\u00edrus. O projeto altera o C\u00f3digo Penal para aumentar a pena para quem for condenado por dano qualificado, relacionado \u00e0 vacina e insumo contra a covid-19. A puni\u00e7\u00e3o ser\u00e1 aplicada para quem realizar o crime com inten\u00e7\u00e3o (dolo).<\/p>\n\n\n\n<p>Atualmente, a pena prevista para dano qualificado \u00e9 de deten\u00e7\u00e3o de seis meses a tr\u00eas anos. O projeto prev\u00ea que a puni\u00e7\u00e3o para deten\u00e7\u00e3o seja de um a cinco anos e aplica\u00e7\u00e3o de multa.<\/p>\n\n\n\n<p>&#8212;&#8212;&#8212;&#8212;&#8212;&#8212;<br><em>Quer receber as not\u00edcias do <strong>Aconteceu no Vale<\/strong> em primeira m\u00e3o? Siga-nos no Facebook <a rel=\"noreferrer noopener\" href=\"http:\/\/facebook.com\/aconteceunovale\" target=\"_blank\">@aconteceunovale<\/a>, Twitter <a rel=\"noreferrer noopener\" href=\"https:\/\/twitter.com\/noticiadosvales\" target=\"_blank\">@noticiadosvales<\/a> e Instagram <a rel=\"noreferrer noopener\" href=\"https:\/\/www.instagram.com\/aconteceunovale\" target=\"_blank\">@aconteceunovale<\/a>.<\/em><\/p>\n","protected":false},"excerpt":{"rendered":"<p>A C\u00e2mara dos Deputados aprovou hoje (11\/2\/2021) o\u00a0Projeto de Lei 25\/21\u00a0que altera o C\u00f3digo Penal para punir as pessoas que furam a fila de vacina\u00e7\u00e3o contra o novo coronav\u00edrus (covid-19). Os parlamentares tamb\u00e9m aprovaram a proposta que aumenta a pena para quem destruir, inutilizar vacinas ou insumo usados contra a covid-19. As duas mat\u00e9rias seguem [&hellip;]<\/p>\n","protected":false},"author":4,"featured_media":173397,"comment_status":"open","ping_status":"closed","sticky":false,"template":"","format":"standard","meta":{"amp_status":"","footnotes":""},"categories":[6,40242],"tags":[20922,237064,214884,216498,1018,237068,237065,140166,237067,237066],"class_list":["post-173691","post","type-post","status-publish","format-standard","has-post-thumbnail","hentry","category-br","category-saude-2","tag-camara-dos-deputados","tag-camara-dos-deputados-aprova-projeto-que-torna-crime-furar-a-fila-de-vacinacao","tag-coronavirus","tag-covid-19","tag-destaque","tag-furar-ordem-de-vacinacao","tag-lei-para-punir-quem-furar-fila-de-vacinacao","tag-pandemia","tag-projeto-que-torna-crime-furar-a-fila-de-vacinacao","tag-punicao-para-quem-furar-fila-de-vacinacao"],"_links":{"self":[{"href":"https:\/\/aconteceunovale.com.br\/portal\/index.php?rest_route=\/wp\/v2\/posts\/173691","targetHints":{"allow":["GET"]}}],"collection":[{"href":"https:\/\/aconteceunovale.com.br\/portal\/index.php?rest_route=\/wp\/v2\/posts"}],"about":[{"href":"https:\/\/aconteceunovale.com.br\/portal\/index.php?rest_route=\/wp\/v2\/types\/post"}],"author":[{"embeddable":true,"href":"https:\/\/aconteceunovale.com.br\/portal\/index.php?rest_route=\/wp\/v2\/users\/4"}],"replies":[{"embeddable":true,"href":"https:\/\/aconteceunovale.com.br\/portal\/index.php?rest_route=%2Fwp%2Fv2%2Fcomments&post=173691"}],"version-history":[{"count":1,"href":"https:\/\/aconteceunovale.com.br\/portal\/index.php?rest_route=\/wp\/v2\/posts\/173691\/revisions"}],"predecessor-version":[{"id":173692,"href":"https:\/\/aconteceunovale.com.br\/portal\/index.php?rest_route=\/wp\/v2\/posts\/173691\/revisions\/173692"}],"wp:featuredmedia":[{"embeddable":true,"href":"https:\/\/aconteceunovale.com.br\/portal\/index.php?rest_route=\/wp\/v2\/media\/173397"}],"wp:attachment":[{"href":"https:\/\/aconteceunovale.com.br\/portal\/index.php?rest_route=%2Fwp%2Fv2%2Fmedia&parent=173691"}],"wp:term":[{"taxonomy":"category","embeddable":true,"href":"https:\/\/aconteceunovale.com.br\/portal\/index.php?rest_route=%2Fwp%2Fv2%2Fcategories&post=173691"},{"taxonomy":"post_tag","embeddable":true,"href":"https:\/\/aconteceunovale.com.br\/portal\/index.php?rest_route=%2Fwp%2Fv2%2Ftags&post=173691"}],"curies":[{"name":"wp","href":"https:\/\/api.w.org\/{rel}","templated":true}]}}