{"id":17368,"date":"2014-01-02T10:47:44","date_gmt":"2014-01-02T12:47:44","guid":{"rendered":"http:\/\/aconteceunovale.com.br\/portal\/?p=17368"},"modified":"2014-01-02T10:47:44","modified_gmt":"2014-01-02T12:47:44","slug":"cachorro-surta-e-ataca-o-proprio-dono-em-montes-claros","status":"publish","type":"post","link":"https:\/\/aconteceunovale.com.br\/portal\/?p=17368","title":{"rendered":"Cachorro surta e ataca o pr\u00f3prio dono em Montes Claros"},"content":{"rendered":"<p>Um ataque de f\u00faria de um cachorro deixou uma pessoa feriada nesta quinta-feira (02) em Montes Claros, no Norte de Minas. Conforme informa\u00e7\u00f5es de militares do Corpo de Bombeiros, Jos\u00e9 Marcos Ferreira dos Santos, propriet\u00e1rio do c\u00e3o, sem ra\u00e7a definida, brincava com o animal no quintal de casa, quando foi atacado no bra\u00e7o.<\/p>\n<p>Ap\u00f3s lutar por uma hora para que o c\u00e3o soltasse o bra\u00e7o, a v\u00edtima se refugiou dentro de casa para escapar do animal. Os pr\u00f3prios vizinhos socorreram Jos\u00e9 Santos, que perdeu muito sangue devido \u00e0 gravidade dos ferimentos. Ele foi encaminhado para o Hospital de Santa Casa de Miseric\u00f3rdia de Montes Claros, medicado e liberado. <\/p>\n<p>O c\u00e3o, que ainda estava bastante agressivo, deu trabalho aos militares para ser capturado. Ap\u00f3s tr\u00eas horas de trabalhos, a equipe conseguiu imobilizar o animal utilizando enforcador e cordas. O c\u00e3o foi levado para o Centro de Zoonoses de Montes Claros.<\/p>\n<p><img decoding=\"async\" src=\"http:\/\/aconteceunovale.com.br\/portal\/wp-content\/uploads\/2014\/01\/cachorro_surtado.jpg\" alt=\"\" \/><br \/>\n<em>Imagem ilustrativa<\/em><\/p>\n<p><em>Informa\u00e7\u00f5es do Jornal Hoje em Dia.<\/em><\/p>\n","protected":false},"excerpt":{"rendered":"<p>Um ataque de f\u00faria de um cachorro deixou uma pessoa feriada nesta quinta-feira (02) em Montes Claros, no Norte de Minas. Conforme informa\u00e7\u00f5es de militares do Corpo de Bombeiros, Jos\u00e9 Marcos Ferreira dos Santos, propriet\u00e1rio do c\u00e3o, sem ra\u00e7a definida, brincava com o animal no quintal de casa, quando foi atacado no bra\u00e7o. Ap\u00f3s lutar [&hellip;]<\/p>\n","protected":false},"author":1,"featured_media":0,"comment_status":"open","ping_status":"closed","sticky":false,"template":"","format":"standard","meta":{"amp_status":"","footnotes":""},"categories":[1236],"tags":[2369,210],"class_list":["post-17368","post","type-post","status-publish","format-standard","hentry","category-norte_de_minas","tag-cachorro-surta-e-ataca-o-proprio-dono-em-montes-claros","tag-montes-claros"],"_links":{"self":[{"href":"https:\/\/aconteceunovale.com.br\/portal\/index.php?rest_route=\/wp\/v2\/posts\/17368","targetHints":{"allow":["GET"]}}],"collection":[{"href":"https:\/\/aconteceunovale.com.br\/portal\/index.php?rest_route=\/wp\/v2\/posts"}],"about":[{"href":"https:\/\/aconteceunovale.com.br\/portal\/index.php?rest_route=\/wp\/v2\/types\/post"}],"author":[{"embeddable":true,"href":"https:\/\/aconteceunovale.com.br\/portal\/index.php?rest_route=\/wp\/v2\/users\/1"}],"replies":[{"embeddable":true,"href":"https:\/\/aconteceunovale.com.br\/portal\/index.php?rest_route=%2Fwp%2Fv2%2Fcomments&post=17368"}],"version-history":[{"count":0,"href":"https:\/\/aconteceunovale.com.br\/portal\/index.php?rest_route=\/wp\/v2\/posts\/17368\/revisions"}],"wp:attachment":[{"href":"https:\/\/aconteceunovale.com.br\/portal\/index.php?rest_route=%2Fwp%2Fv2%2Fmedia&parent=17368"}],"wp:term":[{"taxonomy":"category","embeddable":true,"href":"https:\/\/aconteceunovale.com.br\/portal\/index.php?rest_route=%2Fwp%2Fv2%2Fcategories&post=17368"},{"taxonomy":"post_tag","embeddable":true,"href":"https:\/\/aconteceunovale.com.br\/portal\/index.php?rest_route=%2Fwp%2Fv2%2Ftags&post=17368"}],"curies":[{"name":"wp","href":"https:\/\/api.w.org\/{rel}","templated":true}]}}