{"id":17363,"date":"2014-01-02T09:59:56","date_gmt":"2014-01-02T11:59:56","guid":{"rendered":"http:\/\/aconteceunovale.com.br\/portal\/?p=17363"},"modified":"2014-01-02T09:59:56","modified_gmt":"2014-01-02T11:59:56","slug":"feriados-de-fim-de-ano-terminam-com-63-mortes-nas-rodovias-federais-em-minas","status":"publish","type":"post","link":"https:\/\/aconteceunovale.com.br\/portal\/?p=17363","title":{"rendered":"Feriados de fim de ano terminam com 63 mortes nas rodovias federais em Minas"},"content":{"rendered":"<p>Mais uma vez a viol\u00eancia foi uma das marcas do final de ano em Minas Gerais e o n\u00famero de v\u00edtimas e acidentes foi superior ao registrado em 2012. Ao todo, 63 pessoas morreram em 1.101 acidentes nas rodovias federais que cortam o Estado nos feriados de Natal e Ano Novo. Al\u00e9m disso, 798 pessoas ficaram feridas.<\/p>\n<p>Conforme balan\u00e7o divulgado na manh\u00e3 desta quinta-feira (2) pela Pol\u00edcia Rodovi\u00e1ria Federal (PRF), no ano passado foram 56 mortos e 640 feridos em 1.087 acidentes nas estradas mineiras.<\/p>\n<p><img decoding=\"async\" src=\"http:\/\/aconteceunovale.com.br\/portal\/wp-content\/uploads\/2014\/01\/acidente_8_pessoas_fatais.jpg\" alt=\"\" \/><\/p>\n<p>A maior trag\u00e9dia durante a opera\u00e7\u00e3o de final de ano aconteceu na BR-040, em Jo\u00e3o Pinheiro, na regi\u00e3o Noroeste de Minas Gerais. Um acidente de tr\u00e2nsito envolvendo dois carros e uma motocicleta deixou oito mortos, entre eles uma crian\u00e7a de seis anos de idade.<\/p>\n<p><strong>Estradas estaduais<\/strong><\/p>\n<p>Al\u00e9m dos n\u00fameros divulgados pela PRF, h\u00e1 ainda o balan\u00e7o de acidentes nas rodovias estaduais, que ainda n\u00e3o foram contabilizados pela Pol\u00edcia Militar Rodovi\u00e1ria (PMRv). S\u00f3 na \u00faltima quarta-feira (1\u00b0), pelo menos duas pessoas morreram em acidentes em rodovias estaduais da Regi\u00e3o Metropolitana de Belo Horizonte.<\/p>\n<p>Em um dos acidentes, um major da Pol\u00edcia Militar atropelou uma fam\u00edlia na MG-010, deixando quatro feridos e um morto. J\u00e1 na LMG-808, em Contagem, um motociclista morreu ap\u00f3s se envolver em um acidente com carro que invadiu a contram\u00e3o, na manh\u00e3 de quarta-feira.<\/p>\n","protected":false},"excerpt":{"rendered":"<p>Mais uma vez a viol\u00eancia foi uma das marcas do final de ano em Minas Gerais e o n\u00famero de v\u00edtimas e acidentes foi superior ao registrado em 2012. Ao todo, 63 pessoas morreram em 1.101 acidentes nas rodovias federais que cortam o Estado nos feriados de Natal e Ano Novo. Al\u00e9m disso, 798 pessoas [&hellip;]<\/p>\n","protected":false},"author":1,"featured_media":0,"comment_status":"open","ping_status":"closed","sticky":false,"template":"","format":"standard","meta":{"amp_status":"","footnotes":""},"categories":[123],"tags":[2361,2362,2366,2367],"class_list":["post-17363","post","type-post","status-publish","format-standard","hentry","category-gerais","tag-acidentes-no-feriado-de-natal-em-minas-gerais","tag-acidentes-no-feriado-de-reveillon-em-minas-gerais","tag-feriados-de-fim-de-ano-terminam-com-63-mortes-nas-rodovias-federais-em-minas","tag-fim-de-ano-termina-com-63-mortes-nas-rodovias-federais-de-minas"],"_links":{"self":[{"href":"https:\/\/aconteceunovale.com.br\/portal\/index.php?rest_route=\/wp\/v2\/posts\/17363","targetHints":{"allow":["GET"]}}],"collection":[{"href":"https:\/\/aconteceunovale.com.br\/portal\/index.php?rest_route=\/wp\/v2\/posts"}],"about":[{"href":"https:\/\/aconteceunovale.com.br\/portal\/index.php?rest_route=\/wp\/v2\/types\/post"}],"author":[{"embeddable":true,"href":"https:\/\/aconteceunovale.com.br\/portal\/index.php?rest_route=\/wp\/v2\/users\/1"}],"replies":[{"embeddable":true,"href":"https:\/\/aconteceunovale.com.br\/portal\/index.php?rest_route=%2Fwp%2Fv2%2Fcomments&post=17363"}],"version-history":[{"count":0,"href":"https:\/\/aconteceunovale.com.br\/portal\/index.php?rest_route=\/wp\/v2\/posts\/17363\/revisions"}],"wp:attachment":[{"href":"https:\/\/aconteceunovale.com.br\/portal\/index.php?rest_route=%2Fwp%2Fv2%2Fmedia&parent=17363"}],"wp:term":[{"taxonomy":"category","embeddable":true,"href":"https:\/\/aconteceunovale.com.br\/portal\/index.php?rest_route=%2Fwp%2Fv2%2Fcategories&post=17363"},{"taxonomy":"post_tag","embeddable":true,"href":"https:\/\/aconteceunovale.com.br\/portal\/index.php?rest_route=%2Fwp%2Fv2%2Ftags&post=17363"}],"curies":[{"name":"wp","href":"https:\/\/api.w.org\/{rel}","templated":true}]}}