{"id":173629,"date":"2021-02-09T21:34:51","date_gmt":"2021-02-10T00:34:51","guid":{"rendered":"https:\/\/aconteceunovale.com.br\/portal\/?p=173629"},"modified":"2021-02-09T21:36:54","modified_gmt":"2021-02-10T00:36:54","slug":"athletic-club-de-minas-gerais-apresenta-loco-abreu","status":"publish","type":"post","link":"https:\/\/aconteceunovale.com.br\/portal\/?p=173629","title":{"rendered":"Athletic Club de Minas Gerais apresenta Loco Abreu"},"content":{"rendered":"\n<p>O Athletic Club Futebol, de S\u00e3o Jo\u00e3o del-Rei (MG), apresentou oficialmente nesta ter\u00e7a-feira (9\/2\/2021) o atacante uruguaio Loco Abreu. Aos 44 anos de idade, o atleta soma agora o 30\u00ba clube de sua carreira. No Brasil ele j\u00e1 defendeu Gr\u00eamio, Figueirense, Bangu, Rio Branco-ES e Botafogo, onde se tornou \u00eddolo.<\/p>\n\n\n\n<figure class=\"wp-block-gallery columns-1 is-cropped wp-block-gallery-1 is-layout-flex wp-block-gallery-is-layout-flex\"><ul class=\"blocks-gallery-grid\"><li class=\"blocks-gallery-item\"><figure><img loading=\"lazy\" decoding=\"async\" width=\"678\" height=\"406\" src=\"https:\/\/aconteceunovale.com.br\/portal\/wp-content\/uploads\/2021\/02\/logo_abreu_mg.jpg\" alt=\"\" data-id=\"173631\" data-full-url=\"https:\/\/aconteceunovale.com.br\/portal\/wp-content\/uploads\/2021\/02\/logo_abreu_mg.jpg\" data-link=\"https:\/\/aconteceunovale.com.br\/portal\/?attachment_id=173631\" class=\"wp-image-173631\" srcset=\"https:\/\/aconteceunovale.com.br\/portal\/wp-content\/uploads\/2021\/02\/logo_abreu_mg.jpg 678w, https:\/\/aconteceunovale.com.br\/portal\/wp-content\/uploads\/2021\/02\/logo_abreu_mg-300x180.jpg 300w\" sizes=\"auto, (max-width: 678px) 100vw, 678px\" \/><figcaption class=\"blocks-gallery-item__caption\"><em>Loco Abreu foi apresentado hoje (Foto: Fernanda Trindade\/Athletic Club)<\/em><\/figcaption><\/figure><\/li><\/ul><\/figure>\n\n\n\n<p>Pela sele\u00e7\u00e3o de seu pa\u00eds ele disputou uma Copa do Mundo, a de 2010, na \u00c1frica do Sul. Naquela oportunidade o Uruguai ficou com a terceira posi\u00e7\u00e3o da classifica\u00e7\u00e3o.<\/p>\n\n\n\n<p>A contrata\u00e7\u00e3o de Loco Abreu pode ser considerada a cereja do bolo do time de S\u00e3o Jo\u00e3o del-Rei, que em 2021 disputa a primeira divis\u00e3o do Campeonato Mineiro pela primeira vez desde o ano de 1970.<\/p>\n\n\n\n<blockquote class=\"twitter-tweet\"><p lang=\"es\" dir=\"ltr\">Sebasti\u00e1n \u201cEl Loco\u201d Abreu definitivamente <a href=\"https:\/\/twitter.com\/hashtag\/CreeEnGrande?src=hash&amp;ref_src=twsrc%5Etfw\">#CreeEnGrande<\/a> y vuelve a romper su r\u00e9cord &#x1f4aa;, ahora con 44 a\u00f1os es fichado por su equipo #30, el Athletic Club de Minas Gerais &#x1f1e7;&#x1f1f7; &#x26bd;&#x1f44f;&#x1f3fc; <a href=\"https:\/\/t.co\/NeGxUX2Py0\">pic.twitter.com\/NeGxUX2Py0<\/a><\/p>&mdash; CONMEBOL.com (@CONMEBOL) <a href=\"https:\/\/twitter.com\/CONMEBOL\/status\/1358746856503848964?ref_src=twsrc%5Etfw\">February 8, 2021<\/a><\/blockquote> <script async src=\"https:\/\/platform.twitter.com\/widgets.js\" charset=\"utf-8\"><\/script>\n\n\n\n<h2 class=\"wp-block-heading\">Hora de desfrutar<\/h2>\n\n\n\n<p>Na primeira entrevista ap\u00f3s a sua apresenta\u00e7\u00e3o, o artilheiro uruguaio expressou toda a sua empolga\u00e7\u00e3o com a chegada ao Athletic Club Futebol, e afirmou que o momento \u00e9 de desfrutar: \u201cAcho que, na verdade, todos do Athletic devem curtir este ano de maneira especial, independentemente do que acontecer: vencer, perder, empatar. Obviamente que temos a responsabilidade de treinar para ganhar [&#8230;]. Tem pessoas que nunca viram o Athletic na primeira divis\u00e3o. Ent\u00e3o, vamos desfrutar muito desse momento e vou ser parte desse momento especial\u201d.<\/p>\n\n\n\n<p>Agora a expectativa fica por conta da estreia do uruguaio pelo time de S\u00e3o Jo\u00e3o del-Rei. O primeiro jogo do Athletic Club Futebol pelo Campeonato Mineiro ser\u00e1 no dia 28 de fevereiro, contra o Patrocinense, no est\u00e1dio Pedro Alves do Nascimento, a partir das 16h (hor\u00e1rio de Bras\u00edlia).<\/p>\n\n\n\n<blockquote class=\"twitter-tweet\"><p lang=\"pt\" dir=\"ltr\">Vestiu o manto! &#x2694;&#xfe0f;<br><br>Loco Abreu desembarcou no <a href=\"https:\/\/twitter.com\/bhairport_?ref_src=twsrc%5Etfw\">@bhairport_<\/a>, vestiu o manto e \u00e9 o refor\u00e7o do Esquadr\u00e3o para a disputa do Campeonato Mineiro 2021. <br><br>Obrigado por acreditar em nosso projeto, <a href=\"https:\/\/twitter.com\/loco13com?ref_src=twsrc%5Etfw\">@loco13com<\/a>! &#x1f44a;<a href=\"https:\/\/twitter.com\/hashtag\/LoucuraAlvinegra?src=hash&amp;ref_src=twsrc%5Etfw\">#LoucuraAlvinegra<\/a> <a href=\"https:\/\/twitter.com\/hashtag\/LocoAbreu?src=hash&amp;ref_src=twsrc%5Etfw\">#LocoAbreu<\/a> <a href=\"https:\/\/twitter.com\/hashtag\/ElLoco?src=hash&amp;ref_src=twsrc%5Etfw\">#ElLoco<\/a> <a href=\"https:\/\/twitter.com\/hashtag\/Mineiro2021?src=hash&amp;ref_src=twsrc%5Etfw\">#Mineiro2021<\/a><br><br>&#x1f4f8; Fernanda \/ Athletic <a href=\"https:\/\/t.co\/2rFVjPAAEd\">pic.twitter.com\/2rFVjPAAEd<\/a><\/p>&mdash; Athletic Club Futebol (@athleticclubmg) <a href=\"https:\/\/twitter.com\/athleticclubmg\/status\/1358934208585101320?ref_src=twsrc%5Etfw\">February 9, 2021<\/a><\/blockquote> <script async src=\"https:\/\/platform.twitter.com\/widgets.js\" charset=\"utf-8\"><\/script>\n\n\n\n<p>&#8212;&#8212;&#8212;&#8212;&#8212;&#8212;<br><em>Quer receber as not\u00edcias do <strong>Aconteceu no Vale<\/strong> em primeira m\u00e3o? Siga-nos no Facebook <a rel=\"noreferrer noopener\" href=\"http:\/\/facebook.com\/aconteceunovale\" target=\"_blank\">@aconteceunovale<\/a>, Twitter <a rel=\"noreferrer noopener\" href=\"https:\/\/twitter.com\/noticiadosvales\" target=\"_blank\">@noticiadosvales<\/a> e Instagram <a rel=\"noreferrer noopener\" href=\"https:\/\/www.instagram.com\/aconteceunovale\" target=\"_blank\">@aconteceunovale<\/a>.<\/em><\/p>\n","protected":false},"excerpt":{"rendered":"<p>O Athletic Club Futebol, de S\u00e3o Jo\u00e3o del-Rei (MG), apresentou oficialmente nesta ter\u00e7a-feira (9\/2\/2021) o atacante uruguaio Loco Abreu. Aos 44 anos de idade, o atleta soma agora o 30\u00ba clube de sua carreira. No Brasil ele j\u00e1 defendeu Gr\u00eamio, Figueirense, Bangu, Rio Branco-ES e Botafogo, onde se tornou \u00eddolo. Pela sele\u00e7\u00e3o de seu pa\u00eds [&hellip;]<\/p>\n","protected":false},"author":4,"featured_media":173631,"comment_status":"open","ping_status":"closed","sticky":false,"template":"","format":"standard","meta":{"amp_status":"","footnotes":""},"categories":[6,59,123,28848],"tags":[236969,236970,236960,236959,236964,4404,1018,236963,236968,236962,236966,236967,236961,236965,208085],"class_list":["post-173629","post","type-post","status-publish","format-standard","has-post-thumbnail","hentry","category-br","category-sports","category-gerais","category-mundo","tag-30o-clube-de-loco-abreu","tag-athletic-club-campeonato-mineiro","tag-athletic-club-de-minas-gerais","tag-athletic-club-de-minas-gerais-apresenta-loco-abreu","tag-athletic-club-de-sao-joao-del-rei","tag-campeonato-mineiro","tag-destaque","tag-el-loco-abreu-em-minas-gerais","tag-el-loco-abreu-em-sao-joao-del-rei","tag-el-loco-abreu-no-athletic-club-de-minas-gerais","tag-el-loco-abreu-no-athletic-club-de-sao-joao-del-rei","tag-loco-abreu-em-sao-joao-del-rei","tag-loco-abreu-no-athletic-club-de-minas-gerais","tag-loco-abreu-no-athletic-club-de-sao-joao-del-rei","tag-sao-joao-del-rei-2"],"_links":{"self":[{"href":"https:\/\/aconteceunovale.com.br\/portal\/index.php?rest_route=\/wp\/v2\/posts\/173629","targetHints":{"allow":["GET"]}}],"collection":[{"href":"https:\/\/aconteceunovale.com.br\/portal\/index.php?rest_route=\/wp\/v2\/posts"}],"about":[{"href":"https:\/\/aconteceunovale.com.br\/portal\/index.php?rest_route=\/wp\/v2\/types\/post"}],"author":[{"embeddable":true,"href":"https:\/\/aconteceunovale.com.br\/portal\/index.php?rest_route=\/wp\/v2\/users\/4"}],"replies":[{"embeddable":true,"href":"https:\/\/aconteceunovale.com.br\/portal\/index.php?rest_route=%2Fwp%2Fv2%2Fcomments&post=173629"}],"version-history":[{"count":2,"href":"https:\/\/aconteceunovale.com.br\/portal\/index.php?rest_route=\/wp\/v2\/posts\/173629\/revisions"}],"predecessor-version":[{"id":173632,"href":"https:\/\/aconteceunovale.com.br\/portal\/index.php?rest_route=\/wp\/v2\/posts\/173629\/revisions\/173632"}],"wp:featuredmedia":[{"embeddable":true,"href":"https:\/\/aconteceunovale.com.br\/portal\/index.php?rest_route=\/wp\/v2\/media\/173631"}],"wp:attachment":[{"href":"https:\/\/aconteceunovale.com.br\/portal\/index.php?rest_route=%2Fwp%2Fv2%2Fmedia&parent=173629"}],"wp:term":[{"taxonomy":"category","embeddable":true,"href":"https:\/\/aconteceunovale.com.br\/portal\/index.php?rest_route=%2Fwp%2Fv2%2Fcategories&post=173629"},{"taxonomy":"post_tag","embeddable":true,"href":"https:\/\/aconteceunovale.com.br\/portal\/index.php?rest_route=%2Fwp%2Fv2%2Ftags&post=173629"}],"curies":[{"name":"wp","href":"https:\/\/api.w.org\/{rel}","templated":true}]}}