{"id":173625,"date":"2021-02-09T21:12:45","date_gmt":"2021-02-10T00:12:45","guid":{"rendered":"https:\/\/aconteceunovale.com.br\/portal\/?p=173625"},"modified":"2021-02-09T21:14:04","modified_gmt":"2021-02-10T00:14:04","slug":"acidente-deixa-mortos-e-feridos-na-br-116-no-vale-do-jequitinhonha","status":"publish","type":"post","link":"https:\/\/aconteceunovale.com.br\/portal\/?p=173625","title":{"rendered":"Acidente deixa mortos e feridos na BR-116, no Vale do Jequitinhonha"},"content":{"rendered":"\n<p>Duas pessoas morreram e duas ficaram feridas em um acidente registrado no quil\u00f4metro 188 da BR-116, entre Cara\u00ed e Padre Para\u00edso, na tarde desta ter\u00e7a-feira (9\/2\/2021). Segundo informa\u00e7\u00f5es da Pol\u00edcia Rodovi\u00e1ria Federal (PRF), um autom\u00f3vel Fiat Uno saiu da pista e atingiu um im\u00f3vel na localidade de Ponto do Marambaia.<\/p>\n\n\n\n<p>Dois ocupantes do carro, um condutor e um passageiro, ficaram gravemente feridos e morreram no local. Um terceiro ocupante do ve\u00edculo e o morador da casa atingida foram socorridos por equipes do SAMU. &nbsp;<\/p>\n\n\n\n<p>A per\u00edcia da Pol\u00edcia Civil foi acionada e, ap\u00f3s os trabalhos de praxe, liberou os corpos para o Instituto M\u00e9dico Legal (IML) de Te\u00f3filo Otoni. A identifica\u00e7\u00e3o das v\u00edtimas ainda n\u00e3o foi divulgada.<\/p>\n\n\n\n<p>As causas do acidente ser\u00e3o apuradas.<\/p>\n\n\n\n<figure class=\"wp-block-gallery columns-1 is-cropped wp-block-gallery-1 is-layout-flex wp-block-gallery-is-layout-flex\"><ul class=\"blocks-gallery-grid\"><li class=\"blocks-gallery-item\"><figure><img loading=\"lazy\" decoding=\"async\" width=\"678\" height=\"382\" src=\"https:\/\/aconteceunovale.com.br\/portal\/wp-content\/uploads\/2021\/02\/acidente_116.jpeg\" alt=\"\" data-id=\"173627\" data-full-url=\"https:\/\/aconteceunovale.com.br\/portal\/wp-content\/uploads\/2021\/02\/acidente_116.jpeg\" data-link=\"https:\/\/aconteceunovale.com.br\/portal\/?attachment_id=173627\" class=\"wp-image-173627\" srcset=\"https:\/\/aconteceunovale.com.br\/portal\/wp-content\/uploads\/2021\/02\/acidente_116.jpeg 678w, https:\/\/aconteceunovale.com.br\/portal\/wp-content\/uploads\/2021\/02\/acidente_116-300x169.jpeg 300w\" sizes=\"auto, (max-width: 678px) 100vw, 678px\" \/><figcaption class=\"blocks-gallery-item__caption\"><em>Carro tem placas de Ara\u00e7ua\u00ed (Foto: Divulga\u00e7\u00e3o \/ PRF)<\/em><\/figcaption><\/figure><\/li><\/ul><\/figure>\n\n\n\n<p>&#8212;&#8212;&#8212;&#8212;&#8212;&#8212;<br><em>Quer receber as not\u00edcias do <strong>Aconteceu no Vale<\/strong> em primeira m\u00e3o? Siga-nos no Facebook <a rel=\"noreferrer noopener\" href=\"http:\/\/facebook.com\/aconteceunovale\" target=\"_blank\">@aconteceunovale<\/a>, Twitter <a rel=\"noreferrer noopener\" href=\"https:\/\/twitter.com\/noticiadosvales\" target=\"_blank\">@noticiadosvales<\/a> e Instagram <a rel=\"noreferrer noopener\" href=\"https:\/\/www.instagram.com\/aconteceunovale\" target=\"_blank\">@aconteceunovale<\/a>.<\/em><\/p>\n","protected":false},"excerpt":{"rendered":"<p>Duas pessoas morreram e duas ficaram feridas em um acidente registrado no quil\u00f4metro 188 da BR-116, entre Cara\u00ed e Padre Para\u00edso, na tarde desta ter\u00e7a-feira (9\/2\/2021). Segundo informa\u00e7\u00f5es da Pol\u00edcia Rodovi\u00e1ria Federal (PRF), um autom\u00f3vel Fiat Uno saiu da pista e atingiu um im\u00f3vel na localidade de Ponto do Marambaia. Dois ocupantes do carro, um [&hellip;]<\/p>\n","protected":false},"author":4,"featured_media":173627,"comment_status":"open","ping_status":"closed","sticky":false,"template":"","format":"standard","meta":{"amp_status":"","footnotes":""},"categories":[120],"tags":[236957,236958,105297,236956,71213,145049,228562,3945,94457,212107,228561,182,490,1018,572,4620],"class_list":["post-173625","post","type-post","status-publish","format-standard","has-post-thumbnail","hentry","category-jequi","tag-acidente-com-carro-de-aracuai","tag-acidente-com-fiat-uno-de-aracuai","tag-acidente-com-moradores-de-aracuai","tag-acidente-deixa-mortos-e-feridos-na-br-116","tag-acidente-em-carai","tag-acidente-em-ponto-do-marambaia","tag-acidente-entre-carai-e-padre-paraiso","tag-acidente-na-br-116","tag-acidente-na-br-116-em-carai","tag-acidente-na-br-116-em-ponto-do-marambaia","tag-acidente-na-br-116-entre-carai-e-padre-paraiso","tag-br-116","tag-carai","tag-destaque","tag-padre-paraiso","tag-ponto-do-marambaia"],"_links":{"self":[{"href":"https:\/\/aconteceunovale.com.br\/portal\/index.php?rest_route=\/wp\/v2\/posts\/173625","targetHints":{"allow":["GET"]}}],"collection":[{"href":"https:\/\/aconteceunovale.com.br\/portal\/index.php?rest_route=\/wp\/v2\/posts"}],"about":[{"href":"https:\/\/aconteceunovale.com.br\/portal\/index.php?rest_route=\/wp\/v2\/types\/post"}],"author":[{"embeddable":true,"href":"https:\/\/aconteceunovale.com.br\/portal\/index.php?rest_route=\/wp\/v2\/users\/4"}],"replies":[{"embeddable":true,"href":"https:\/\/aconteceunovale.com.br\/portal\/index.php?rest_route=%2Fwp%2Fv2%2Fcomments&post=173625"}],"version-history":[{"count":2,"href":"https:\/\/aconteceunovale.com.br\/portal\/index.php?rest_route=\/wp\/v2\/posts\/173625\/revisions"}],"predecessor-version":[{"id":173628,"href":"https:\/\/aconteceunovale.com.br\/portal\/index.php?rest_route=\/wp\/v2\/posts\/173625\/revisions\/173628"}],"wp:featuredmedia":[{"embeddable":true,"href":"https:\/\/aconteceunovale.com.br\/portal\/index.php?rest_route=\/wp\/v2\/media\/173627"}],"wp:attachment":[{"href":"https:\/\/aconteceunovale.com.br\/portal\/index.php?rest_route=%2Fwp%2Fv2%2Fmedia&parent=173625"}],"wp:term":[{"taxonomy":"category","embeddable":true,"href":"https:\/\/aconteceunovale.com.br\/portal\/index.php?rest_route=%2Fwp%2Fv2%2Fcategories&post=173625"},{"taxonomy":"post_tag","embeddable":true,"href":"https:\/\/aconteceunovale.com.br\/portal\/index.php?rest_route=%2Fwp%2Fv2%2Ftags&post=173625"}],"curies":[{"name":"wp","href":"https:\/\/api.w.org\/{rel}","templated":true}]}}