{"id":173590,"date":"2021-02-09T00:05:36","date_gmt":"2021-02-09T03:05:36","guid":{"rendered":"https:\/\/aconteceunovale.com.br\/portal\/?p=173590"},"modified":"2021-02-09T00:06:59","modified_gmt":"2021-02-09T03:06:59","slug":"bolsonaro-afirma-que-governo-negocia-novo-auxilio-aos-trabalhadores-informais","status":"publish","type":"post","link":"https:\/\/aconteceunovale.com.br\/portal\/?p=173590","title":{"rendered":"Bolsonaro afirma que governo negocia novo aux\u00edlio aos trabalhadores informais"},"content":{"rendered":"\n<p>O presidente Jair Bolsonaro confirmou nesta segunda-feira (8) que o governo negocia o pagamento de um novo aux\u00edlio aos trabalhadores informais, que suceder\u00e1 o aux\u00edlio emergencial pago desde o ano passado e cujos \u00faltimos repasses foram feitos no fim de janeiro. Ainda n\u00e3o h\u00e1 detalhes sobre as regras do benef\u00edcio nem o valor a ser pago.<br><br>No aux\u00edlio emergencial criado no ano passado, foram pagas tr\u00eas parcelas de R$ 600 at\u00e9 R$ 1.800 por fam\u00edlia (os valores maiores eram destinados a fam\u00edlias chefiadas por mulheres). O valor do benef\u00edcio depois foi reduzido para parcelas de R$ 200 cada at\u00e9 o encerramento do programa.<img decoding=\"async\" src=\"https:\/\/agenciabrasil.ebc.com.br\/ebc.png?id=1400896&amp;o=node\"><img decoding=\"async\" src=\"https:\/\/agenciabrasil.ebc.com.br\/ebc.gif?id=1400896&amp;o=node\"><\/p>\n\n\n\n<p>&#8220;Estamos negociando com o Onyx Lorenzoni [ministro da Cidadania], Paulo Guedes [ministro da Economia, [Rog\u00e9rio ]Marinho [ministro do Desenvolvimento Regional], entre outros, a quest\u00e3o de um aux\u00edlio ao nosso povo, que est\u00e1 ainda numa situa\u00e7\u00e3o bastante complicada&#8221;, afirmou o presidente durante cerim\u00f4nia de lan\u00e7amento da Plataforma Participa + Brasil, no Pal\u00e1cio do Planalto.<br><br>Sem dar mais informa\u00e7\u00f5es sobre o aux\u00edlio, o presidente ainda ponderou as limita\u00e7\u00f5es fiscais do governo para expandir gastos, mesmo na pandemia. &#8220;Sabemos, Paulo Guedes, que estamos no limite do nosso endividamento e devemos nos preocupar com isso. Temos um cuidado muito grande com o mercado, com os investidores e com os contratos. N\u00f3s n\u00e3o podemos quebrar nada disso, caso contr\u00e1rio, n\u00e3o teremos como garantir realmente que o Brasil ser\u00e1 diferente l\u00e1 na frente&#8221;, acrescentou.&nbsp;<\/p>\n\n\n\n<p>Em seu discurso, o presidente voltou a manifestar preocupa\u00e7\u00e3o com um\u00a0novo aumento no pre\u00e7o dos combust\u00edveis, mas destacou que n\u00e3o pensa em interferir na Petrobras, que \u00e9 quem define a pol\u00edtica de pre\u00e7o com base na varia\u00e7\u00e3o dos produtos no mercado internacional. &#8220;Jamais n\u00f3s tabelaremos seja o que for, jamais praticaremos qualquer interven\u00e7\u00e3o na estatal&#8221;.<\/p>\n\n\n\n<figure class=\"wp-block-gallery columns-1 is-cropped wp-block-gallery-1 is-layout-flex wp-block-gallery-is-layout-flex\"><ul class=\"blocks-gallery-grid\"><li class=\"blocks-gallery-item\"><figure><img loading=\"lazy\" decoding=\"async\" width=\"678\" height=\"406\" src=\"https:\/\/aconteceunovale.com.br\/portal\/wp-content\/uploads\/2021\/02\/bolsonaro_auxilio.jpg\" alt=\"\" data-id=\"173591\" data-full-url=\"https:\/\/aconteceunovale.com.br\/portal\/wp-content\/uploads\/2021\/02\/bolsonaro_auxilio.jpg\" data-link=\"https:\/\/aconteceunovale.com.br\/portal\/?attachment_id=173591\" class=\"wp-image-173591\" srcset=\"https:\/\/aconteceunovale.com.br\/portal\/wp-content\/uploads\/2021\/02\/bolsonaro_auxilio.jpg 678w, https:\/\/aconteceunovale.com.br\/portal\/wp-content\/uploads\/2021\/02\/bolsonaro_auxilio-300x180.jpg 300w\" sizes=\"auto, (max-width: 678px) 100vw, 678px\" \/><figcaption class=\"blocks-gallery-item__caption\"><em>Cerim\u00f4nia de Lanc\u0327amento da Plataforma Participa + Brasil (Foto: Alan Santos\/PR)<\/em><\/figcaption><\/figure><\/li><\/ul><\/figure>\n\n\n\n<h2 class=\"wp-block-heading\">Plataforma<\/h2>\n\n\n\n<p>Na cerim\u00f4nia no Pal\u00e1cio do Planalto, que contou com a participa\u00e7\u00e3o dos novos presidentes da C\u00e2mara dos Deputados, Arthur Lira, e do Senado Federal, Rodrigo Pacheco, o governo lan\u00e7ou&nbsp;<a href=\"https:\/\/www.gov.br\/participamaisbrasil\" target=\"_blank\" rel=\"noreferrer noopener\">Plataforma Participa + Brasil<\/a>, com o objetivo de promover o processo de participa\u00e7\u00e3o social da sociedade civil nas pol\u00edticas p\u00fablicas em discuss\u00e3o no governo. De acordo com a Secretaria de Governo, o portal oferece ao cidad\u00e3o&nbsp; canal de comunica\u00e7\u00e3o direto com os \u00f3rg\u00e3os federais, incluindo a disponibiliza\u00e7\u00e3o de m\u00f3dulos para divulga\u00e7\u00e3o de consultas e audi\u00eancias p\u00fablicas, pesquisas e na promo\u00e7\u00e3o de boas pr\u00e1ticas de governan\u00e7a.<\/p>\n\n\n\n<p>\u201cVamos centralizar as informa\u00e7\u00f5es e auxiliar o cidad\u00e3o a acompanhar, com mais transpar\u00eancia, o processo de tomada de decis\u00f5es dos \u00f3rg\u00e3os que comp\u00f5em o Poder Executivo Federal\u201d, explicou o ministro Luiz Eduardo Ramos.<\/p>\n\n\n\n<p>&#8212;&#8212;&#8212;&#8212;&#8212;&#8212;<br><em>Quer receber as not\u00edcias do <strong>Aconteceu no Vale<\/strong> em primeira m\u00e3o? Siga-nos no Facebook <a rel=\"noreferrer noopener\" href=\"http:\/\/facebook.com\/aconteceunovale\" target=\"_blank\">@aconteceunovale<\/a>, Twitter <a rel=\"noreferrer noopener\" href=\"https:\/\/twitter.com\/noticiadosvales\" target=\"_blank\">@noticiadosvales<\/a> e Instagram <a rel=\"noreferrer noopener\" href=\"https:\/\/www.instagram.com\/aconteceunovale\" target=\"_blank\">@aconteceunovale<\/a>.<\/em><\/p>\n","protected":false},"excerpt":{"rendered":"<p>O presidente Jair Bolsonaro confirmou nesta segunda-feira (8) que o governo negocia o pagamento de um novo aux\u00edlio aos trabalhadores informais, que suceder\u00e1 o aux\u00edlio emergencial pago desde o ano passado e cujos \u00faltimos repasses foram feitos no fim de janeiro. Ainda n\u00e3o h\u00e1 detalhes sobre as regras do benef\u00edcio nem o valor a ser [&hellip;]<\/p>\n","protected":false},"author":4,"featured_media":173591,"comment_status":"open","ping_status":"closed","sticky":false,"template":"","format":"standard","meta":{"amp_status":"","footnotes":""},"categories":[6,40240],"tags":[236425,236388,235961,219405,219383,225996,219292,225074,225788,225789,225075,225949,219977,100375,4606,225948,227485,227055,226016,228349,228081,225732,223087,226744,225178,225552,225551,20922,225787,229938,225176,230001,236427,225962,226017,226018,1018,233503,236387,236386,236389,232346,223269,221649,223267,228779,184405,4610,228713,26436,236385,225826,228714,184661,224350,236426,236384,236383,225077,225076,228715,229939,199969,228778,236424,223181,225550,225549,138051,41221,225961,225177,21938,225548],"class_list":["post-173590","post","type-post","status-publish","format-standard","has-post-thumbnail","hentry","category-br","category-politica-2","tag-abertura-do-ano-legislativo","tag-acesso-a-vacinas","tag-arthur-lira","tag-auxilio-de-r-600","tag-auxilio-emergencial","tag-auxilio-emergencial-chega-a-29-milhoes-de-domicilios","tag-auxilio-emergencial-de-r-600","tag-auxilio-emergencial-de-r-600-elevou-padrao-de-vida-em-23-milhoes-de-domicilios","tag-auxilio-emergencial-para-agricultor-familiar","tag-auxilio-para-agricultor-familiar","tag-beneficio-do-auxilio-emergencial-de-r-600","tag-bloqueio-de-contas-da-poupanca-social","tag-bloqueio-do-auxilio-emergencial","tag-bolsonaro","tag-brasilia","tag-caixa-bloqueia-contas-da-poupanca-social","tag-caixa-credita-auxilio-emergencial-para-4-milhoes-nascidos-em-agosto","tag-caixa-credita-auxilio-emergencial-para-nascidos-em-junho","tag-caixa-divulga-orientacao-para-desbloqueio-de-contas","tag-caixa-inicia-amanha-ciclo-2-de-pagamentos-do-auxilio-emergencial","tag-caixa-paga-auxilio-emergencial-de-r-600-a-beneficiarios-do-bolsa-familia","tag-caixa-paga-quarta-parcela-do-auxilio-emergencial-a-beneficiarios-do-bolsa-familia","tag-caixa-tem","tag-caixa-vai-pagar-auxilio-emergencial-de-r-600-a-805-mil-novos-beneficiarios","tag-calendario-para-saque-em-dinheiro-do-auxilio-emergencial","tag-calendario-quarta-parcela-do-auxilio-emergencial","tag-calendario-quinta-parcela-do-auxilio-emergencial","tag-camara-dos-deputados","tag-camara-dos-deputados-aprova-auxilio-emergencial-para-agricultor-familiar-durante-a-pandemia","tag-ciclo-3-do-auxilio-emergencial","tag-confira-o-calendario-para-saque-em-dinheiro-do-auxilio-emergencial-de-r-600","tag-contestar-suspensao-de-auxilio-emergencial","tag-debate-sobre-novo-auxilio-emergencial","tag-desbloquear-as-contas-digitais-do-auxilio-emergencial","tag-desbloqueio-caixa-tem","tag-desbloqueio-de-contas-caixa-tem","tag-destaque","tag-encerramento-do-auxilio-emergencial","tag-encontro-entre-bolsonaro-e-lira","tag-encontro-entre-bolsonaro-e-pacheco","tag-enfrentamento-a-pandemia-da-covid-19","tag-fim-do-auxilio-emergencial","tag-fraude-auxilio-emergencial","tag-fraude-no-auxilio-emergencial","tag-fraudes-no-auxilio-emergencial","tag-fraudes-no-recebimento-de-auxilio-emergencial","tag-governo-bolsonaro","tag-governo-federal","tag-governo-federal-prorroga-auxilio-emergencial-ate-o-fim-do-ano","tag-jair-bolsonaro","tag-lira","tag-mais-de-700-mil-receberao-amanha-primeira-parcela-do-auxilio-emergencial","tag-mais-quatro-parcelas-do-auxilio-emergencial","tag-ministerio-da-economia","tag-novas-parcelas-do-auxilio-emergencial","tag-novo-auxilio-emergencial","tag-pacheco","tag-pacheco-e-lira-pedem-a-bolsonaro-agilidade-no-acesso-a-vacinas-e-acoes-de-recuperacao-economica","tag-padrao-de-vida-auxilio-emergencial","tag-padrao-de-vida-auxilio-emergencial-de-r-600","tag-pagamento-de-mais-parcelas-do-auxilio-emergencial","tag-pagamento-do-ciclo-3-do-auxilio-emergencial","tag-planalto","tag-policia-federal-apura-fraudes-no-recebimento-de-auxilio-emergencial","tag-presidentes-da-camara-e-do-senado-defendem-novo-auxilio-emergencial","tag-prorrogacao-do-auxilio-emergencial","tag-quarta-parcela-auxilio-emergencial","tag-quinta-parcela-auxilio-emergencial","tag-recuperacao-economica","tag-rodrigo-pacheco","tag-saiba-como-desbloquear-as-contas-digitais-do-auxilio-emergencial","tag-saque-em-dinheiro-do-auxilio-emergencial","tag-senado","tag-veja-os-calendarios-dos-novos-pagamentos-do-auxilio-emergencial-de-r-600"],"_links":{"self":[{"href":"https:\/\/aconteceunovale.com.br\/portal\/index.php?rest_route=\/wp\/v2\/posts\/173590","targetHints":{"allow":["GET"]}}],"collection":[{"href":"https:\/\/aconteceunovale.com.br\/portal\/index.php?rest_route=\/wp\/v2\/posts"}],"about":[{"href":"https:\/\/aconteceunovale.com.br\/portal\/index.php?rest_route=\/wp\/v2\/types\/post"}],"author":[{"embeddable":true,"href":"https:\/\/aconteceunovale.com.br\/portal\/index.php?rest_route=\/wp\/v2\/users\/4"}],"replies":[{"embeddable":true,"href":"https:\/\/aconteceunovale.com.br\/portal\/index.php?rest_route=%2Fwp%2Fv2%2Fcomments&post=173590"}],"version-history":[{"count":1,"href":"https:\/\/aconteceunovale.com.br\/portal\/index.php?rest_route=\/wp\/v2\/posts\/173590\/revisions"}],"predecessor-version":[{"id":173592,"href":"https:\/\/aconteceunovale.com.br\/portal\/index.php?rest_route=\/wp\/v2\/posts\/173590\/revisions\/173592"}],"wp:featuredmedia":[{"embeddable":true,"href":"https:\/\/aconteceunovale.com.br\/portal\/index.php?rest_route=\/wp\/v2\/media\/173591"}],"wp:attachment":[{"href":"https:\/\/aconteceunovale.com.br\/portal\/index.php?rest_route=%2Fwp%2Fv2%2Fmedia&parent=173590"}],"wp:term":[{"taxonomy":"category","embeddable":true,"href":"https:\/\/aconteceunovale.com.br\/portal\/index.php?rest_route=%2Fwp%2Fv2%2Fcategories&post=173590"},{"taxonomy":"post_tag","embeddable":true,"href":"https:\/\/aconteceunovale.com.br\/portal\/index.php?rest_route=%2Fwp%2Fv2%2Ftags&post=173590"}],"curies":[{"name":"wp","href":"https:\/\/api.w.org\/{rel}","templated":true}]}}