{"id":17357,"date":"2014-01-02T09:30:59","date_gmt":"2014-01-02T11:30:59","guid":{"rendered":"http:\/\/aconteceunovale.com.br\/portal\/?p=17357"},"modified":"2014-01-02T09:30:59","modified_gmt":"2014-01-02T11:30:59","slug":"acidentes-nos-feriados-de-fim-de-ano-em-minas-devastam-familias","status":"publish","type":"post","link":"https:\/\/aconteceunovale.com.br\/portal\/?p=17357","title":{"rendered":"Acidentes nos feriados de fim de ano em Minas devastam fam\u00edlias"},"content":{"rendered":"<p>As festas de fim de ano inspiram novos planos, renova\u00e7\u00e3o e felicidade. Mas para pelo menos 92 pessoas que cruzaram as rodovias de Minas nos feriados de Natal e r\u00e9veillon, o per\u00edodo representou o fim dos sonhos. Em m\u00e9dia, sete pessoas morreram em cada um dos 13 dias de opera\u00e7\u00e3o nas rodovias federais e estaduais, de 20 de dezembro a 1\u00ba de janeiro. Planos para 2014 foram interrompidos com viol\u00eancia em capotamentos, batidas e atropelamentos nas curvas das BRs e MGs. S\u00e3o casos de quem pretendia terminar a casa pr\u00f3pria, estava de mudan\u00e7a e esperava come\u00e7ar vida nova em outra cidade e at\u00e9 de quem tinha acabado de se encantar pela maternidade e viu a filha rec\u00e9m-nascida morrer em seus bra\u00e7os. As pol\u00edcias Militar Rodovi\u00e1ria (PMRv) e Rodovi\u00e1ria Federal (PRF) divulgam hoje o balan\u00e7o oficial dos acidentes. No ano passado, foram 113 mortes entre 21 de dezembro e 2 de janeiro nas estradas estaduais e federais.<\/p>\n<p>A maior trag\u00e9dia dos feriados de Natal e Ano Novo ocorreu na noite de ter\u00e7a-feira, \u00e0s v\u00e9speras da virada do ano, no km 112 da BR-040, em Lagoa Grande, no Noroeste de Minas. Dois carros de passeio e uma moto se envolveram em uma batida e os tr\u00eas pegaram fogo. As oito pessoas que estavam nos ve\u00edculos morreram. Segundo a PRF, os carros ficaram destru\u00eddos, o que torna dif\u00edcil precisar como ocorreu o acidente, mas h\u00e1 ind\u00edcios de que o Siena que seguia no sentido Belo Horizonte invadiu a contram\u00e3o, acertando o Palio e a motocicleta que iam para o Distrito Federal. N\u00e3o houve atendimento do Corpo de Bombeiros. A unidade mais pr\u00f3xima fica a mais de 150 quil\u00f4metros de dist\u00e2ncia, em Patos de Minas, no Alto Parana\u00edba.<\/p>\n<p><img decoding=\"async\" src=\"http:\/\/aconteceunovale.com.br\/portal\/wp-content\/uploads\/2014\/01\/acidente_8_pessoas_fatais.jpg\" alt=\"\" \/><\/p>\n<p>Quatro pessoas da mesma fam\u00edlia estavam no Palio que seguia de Salinas, no Norte do estado, para Bras\u00edlia. Quem dirigia o ve\u00edculo era o pastor evang\u00e9lico e eletricista Evaldo Corr\u00eaa Dur\u00e3es, 39, que morreu junto com a mulher, Sandra dos Santos Silva, 36, funcion\u00e1ria do Conselho Regional de Corretores de Im\u00f3veis do Distrito Federal, o filho Matheus Corr\u00eaa dos Santos Silva Dur\u00e3es, 10, e a filha Nicolle Corr\u00eaa dos Santos Silva Dur\u00e3es, 6. A garota chegou a ser levada por um fazendeiro para o hospital de Jo\u00e3o Pinheiro (Noroeste), mas n\u00e3o resistiu \u00e0s les\u00f5es. Os quatro moravam no Gama, cidade sat\u00e9lite de Bras\u00edlia. O maior sonho da fam\u00edlia era concluir a constru\u00e7\u00e3o da casa em que j\u00e1 estavam morando. \u201cAssim como qualquer um, meu irm\u00e3o n\u00e3o tirava da cabe\u00e7a a ideia de terminar a constru\u00e7\u00e3o e ter a sua casa pr\u00f3pria\u201d, conta Edivaldo Corr\u00eaa Dur\u00e3es, 51, irm\u00e3o de Evaldo.<\/p>\n<p>O outro ve\u00edculo acidentado \u00e9 um Siena, onde estavam Daniela Pereira Dias Pacheco, de 38 anos, sua filha Ana Luiza Dias e Silva, 8, e a bab\u00e1 da crian\u00e7a, Josiane Dias da Silva, 20. Daniela tinha sa\u00eddo de Formosa (GO), onde trabalhava no departamento financeiro de uma revendedora de tratores h\u00e1 19 anos, para Patos de Minas (Alto Parana\u00edba). Segundo parentes, ela havia deixado o emprego em Formosa para assumir uma vaga em uma nova empresa em Patos. Ela se juntaria ao marido, que j\u00e1 trabalhava na cidade h\u00e1 cerca de quatro meses. Toda a mudan\u00e7a j\u00e1 tinha seguido na segunda-feira. M\u00e3e, filha e bab\u00e1 deixaram para viajar na ter\u00e7a-feira, quando ocorreu o desastre.<\/p>\n<p>A motocicleta era conduzida por Fernando Lopes de Moraes, 40 anos. Segundo a cunhada dele, Jeane Lino Coelho, 40, o analista de sistemas era natural de Arax\u00e1 (Alto Parana\u00edba) e morador de Bras\u00edlia. Ele voltava para casa depois de percorrer a Estrada Real, desde o dia 25. A not\u00edcia do acidente abalou ainda mais a fam\u00edlia, que ainda se recuperava da perda do sogro de Fernando, que morreu de c\u00e2ncer em novembro. \u201cEst\u00e1vamos esperando ele chegar para o r\u00e9veillon em fam\u00edlia, mas ele n\u00e3o aparecia nunca\u201d, lembra Jeane. Ela conta ainda que Fernando deixa mulher e uma filha de 12 anos. \u201cEm 2014, eles esperavam reformar a casa e tamb\u00e9m fazer uma viagem em fam\u00edlia\u201d, diz ela.<\/p>\n<p><strong>Ambul\u00e2ncia <\/strong><\/p>\n<p>Em outro acidente, no dia 30, tr\u00eas pessoas morreram e seis ficaram feridas em uma batida envolvendo uma ambul\u00e2ncia e um carro na MG-402 entre Bras\u00edlia de Minas e S\u00e3o Francisco, no Norte do estado. A t\u00e9cnica de enfermagem Ana Clara Cardoso, 36 anos, que acompanhava os pacientes na ambul\u00e2ncia, morreu na hora. Casada, Ana Clara deixou tr\u00eas filhos e muitos sonhos. Para conseguir uma renda extra, ela optou por trabalhar no transporte de pacientes em ambul\u00e2ncias. O motorista do Idea, Gilmar Lopes dos Santos, 43 anos, e a filha dele, Gl\u00e1ucia Lopes dos Santos, 12 anos, tamb\u00e9m morreram presos \u00e0s ferragens.<\/p>\n<p>O per\u00edodo do Natal foi mais violento, com 61 mortes. Num dos acidentes, dia 23, uma crian\u00e7a de tr\u00eas meses morreu. L\u00edvia Monachio Freitas viajava no colo da m\u00e3e, Tamires Monachio, no banco dianteiro. O pai de L\u00edvia, Franchesco Freitas, perdeu o controle do carro, que bateu no canteiro central e capotou. Tamires e a filha, que estavam sem cinto, foram lan\u00e7adas para fora do ve\u00edculo. A crian\u00e7a morreu no local e a m\u00e3e continua em coma, internada num hospital de Tr\u00eas Cora\u00e7\u00f5es, no Sul de Minas. O acidente ocorreu na BR-381, em Carmo da Cachoeira, na mesma regi\u00e3o. O casal seguia de Santa B\u00e1rbara do Oeste (SP), onde mora, para Montes Claros, no Norte mineiro. A pequena L\u00edvia, nascida em 20 de setembro, seria apresentada aos av\u00f3s paternos. No carro viajava ainda um outro casal, que sofreu ferimentos.<\/p>\n<p>Hoje, a PRF e PMRv divulgam o balan\u00e7o de acidentes da Opera\u00e7\u00e3o Fim de Ano. De acordo com o chefe de comunica\u00e7\u00e3o da PRF, inspetor Aristides J\u00fanior, a combina\u00e7\u00e3o entre imprud\u00eancia com o maior movimento nas estradas \u00e9 a principal causa dos acidentes. \u201cH\u00e1 muitos casos de ultrapassagem proibida, excesso de velocidade, dire\u00e7\u00e3o sem aten\u00e7\u00e3o\u201d, enumera. Segundo o policial, os acidentes com mortes ocorrem, principalmente, em sa\u00eddas de pista, batidas frontais e atropelamento de pedestres.<\/p>\n<p><strong>Atropelamentos na Grande BH<\/strong><\/p>\n<p>Cinco pessoas de uma mesma fam\u00edlia foram atropeladas no acostamento da MG-010, em Vespasiano, na Grande BH, na tarde de ontem. Um carro desgovernado atingiu os pedestres debaixo de um viaduto no km 19 da rodovia, no entroncamento com a MG-424, sentido capital. Duas crian\u00e7as ficaram gravemente feridas no acidente. Tr\u00eas mulheres que estavam com elas tamb\u00e9m sofreram les\u00f5es. Testemunhas contaram ao Corpo de Bombeiros que o motorista perdeu o controle da dire\u00e7\u00e3o em uma curva e atropelou o grupo que andava na estrada. Uma das crian\u00e7as, uma menina de 12 anos, foi resgatada inconsciente e encaminhada de helic\u00f3ptero para o Hospital de Pronto-Socorro Jo\u00e3o XXIII com o quadro de sa\u00fade grav\u00edssimo. Segundo a Pol\u00edcia Militar Rodovi\u00e1ria (PMRV), o motorista do ve\u00edculo parou para prestar socorro e acompanhou todo o atendimento. Ele n\u00e3o deu declara\u00e7\u00f5es e foi encaminhado para a Pol\u00edcia Civil. Tamb\u00e9m \u00e0 tarde, uma idosa morreu atropelada quando atravessava as pistas do Anel Rodovi\u00e1rio, km 23, no Bairro S\u00e3o Gabriel, Regi\u00e3o Nordeste. Ela foi atingida por um t\u00e1xi na faixa central e morreu no local.<\/p>\n<p>Fonte: Estado de Minas<\/p>\n","protected":false},"excerpt":{"rendered":"<p>As festas de fim de ano inspiram novos planos, renova\u00e7\u00e3o e felicidade. Mas para pelo menos 92 pessoas que cruzaram as rodovias de Minas nos feriados de Natal e r\u00e9veillon, o per\u00edodo representou o fim dos sonhos. Em m\u00e9dia, sete pessoas morreram em cada um dos 13 dias de opera\u00e7\u00e3o nas rodovias federais e estaduais, [&hellip;]<\/p>\n","protected":false},"author":1,"featured_media":0,"comment_status":"open","ping_status":"closed","sticky":false,"template":"","format":"standard","meta":{"amp_status":"","footnotes":""},"categories":[123],"tags":[2361,2362,2360],"class_list":["post-17357","post","type-post","status-publish","format-standard","hentry","category-gerais","tag-acidentes-no-feriado-de-natal-em-minas-gerais","tag-acidentes-no-feriado-de-reveillon-em-minas-gerais","tag-acidentes-nos-feriados-de-fim-de-ano-em-minas-devastam-familias"],"_links":{"self":[{"href":"https:\/\/aconteceunovale.com.br\/portal\/index.php?rest_route=\/wp\/v2\/posts\/17357","targetHints":{"allow":["GET"]}}],"collection":[{"href":"https:\/\/aconteceunovale.com.br\/portal\/index.php?rest_route=\/wp\/v2\/posts"}],"about":[{"href":"https:\/\/aconteceunovale.com.br\/portal\/index.php?rest_route=\/wp\/v2\/types\/post"}],"author":[{"embeddable":true,"href":"https:\/\/aconteceunovale.com.br\/portal\/index.php?rest_route=\/wp\/v2\/users\/1"}],"replies":[{"embeddable":true,"href":"https:\/\/aconteceunovale.com.br\/portal\/index.php?rest_route=%2Fwp%2Fv2%2Fcomments&post=17357"}],"version-history":[{"count":0,"href":"https:\/\/aconteceunovale.com.br\/portal\/index.php?rest_route=\/wp\/v2\/posts\/17357\/revisions"}],"wp:attachment":[{"href":"https:\/\/aconteceunovale.com.br\/portal\/index.php?rest_route=%2Fwp%2Fv2%2Fmedia&parent=17357"}],"wp:term":[{"taxonomy":"category","embeddable":true,"href":"https:\/\/aconteceunovale.com.br\/portal\/index.php?rest_route=%2Fwp%2Fv2%2Fcategories&post=17357"},{"taxonomy":"post_tag","embeddable":true,"href":"https:\/\/aconteceunovale.com.br\/portal\/index.php?rest_route=%2Fwp%2Fv2%2Ftags&post=17357"}],"curies":[{"name":"wp","href":"https:\/\/api.w.org\/{rel}","templated":true}]}}