{"id":17340,"date":"2014-01-01T16:52:04","date_gmt":"2014-01-01T18:52:04","guid":{"rendered":"http:\/\/aconteceunovale.com.br\/portal\/?p=17340"},"modified":"2014-01-01T16:53:05","modified_gmt":"2014-01-01T18:53:05","slug":"trem-vitoriaminas-volta-a-circular-nesta-quinta-feira","status":"publish","type":"post","link":"https:\/\/aconteceunovale.com.br\/portal\/?p=17340","title":{"rendered":"Trem Vit\u00f3ria\/Minas volta a circular nesta quinta-feira"},"content":{"rendered":"<p><em><strong>As viagens foram suspensas no \u00faltimo dia 19 por causas das fortes chuvas que atingiram Minas gerais e o Esp\u00edrito Santo.<\/strong><\/em><\/p>\n<p><img decoding=\"async\" src=\"http:\/\/aconteceunovale.com.br\/portal\/wp-content\/uploads\/2014\/01\/trem_vitoria_minas_vale.jpg\" alt=\"\" \/><\/p>\n<p>Os trens para passageiros da Estrada de Ferro Vit\u00f3ria a Minas (EFVM) voltam a circular nesta quinta-feira em todo o trecho entre Belo Horizonte e Cariacica, na Grande Vit\u00f3ria. Para garantir a seguran\u00e7a dos passageiros, desde o final de dezembro, o trem circulava apenas no trecho entre Belo Horizonte e Governador Valadares por causa das fortes chuvas que ca\u00edram no Leste de Minas Gerais e no Esp\u00edrito Santo.<\/p>\n<p>A interrup\u00e7\u00e3o aconteceu no dia 19 de dezembro. As pessoas que tinham viagem marcada para o per\u00edodo em que as viagens foram suspensas puderam pedir  o reembolso do bilhete comprado ou a remarca\u00e7\u00e3o de passagem, sem custo adicional, no prazo de at\u00e9 30 dias.<\/p>\n","protected":false},"excerpt":{"rendered":"<p>As viagens foram suspensas no \u00faltimo dia 19 por causas das fortes chuvas que atingiram Minas gerais e o Esp\u00edrito Santo. Os trens para passageiros da Estrada de Ferro Vit\u00f3ria a Minas (EFVM) voltam a circular nesta quinta-feira em todo o trecho entre Belo Horizonte e Cariacica, na Grande Vit\u00f3ria. Para garantir a seguran\u00e7a dos [&hellip;]<\/p>\n","protected":false},"author":1,"featured_media":0,"comment_status":"open","ping_status":"closed","sticky":false,"template":"","format":"standard","meta":{"amp_status":"","footnotes":""},"categories":[123],"tags":[2352,2351,2353,2354],"class_list":["post-17340","post","type-post","status-publish","format-standard","hentry","category-gerais","tag-trem-da-vale","tag-trem-vitoriaminas-volta-a-circular-nesta-quinta-feira","tag-viagem-de-trem-de-governador-valadares-a-vitoria","tag-viagem-de-trem-de-minas-ao-espirito-santo"],"_links":{"self":[{"href":"https:\/\/aconteceunovale.com.br\/portal\/index.php?rest_route=\/wp\/v2\/posts\/17340","targetHints":{"allow":["GET"]}}],"collection":[{"href":"https:\/\/aconteceunovale.com.br\/portal\/index.php?rest_route=\/wp\/v2\/posts"}],"about":[{"href":"https:\/\/aconteceunovale.com.br\/portal\/index.php?rest_route=\/wp\/v2\/types\/post"}],"author":[{"embeddable":true,"href":"https:\/\/aconteceunovale.com.br\/portal\/index.php?rest_route=\/wp\/v2\/users\/1"}],"replies":[{"embeddable":true,"href":"https:\/\/aconteceunovale.com.br\/portal\/index.php?rest_route=%2Fwp%2Fv2%2Fcomments&post=17340"}],"version-history":[{"count":0,"href":"https:\/\/aconteceunovale.com.br\/portal\/index.php?rest_route=\/wp\/v2\/posts\/17340\/revisions"}],"wp:attachment":[{"href":"https:\/\/aconteceunovale.com.br\/portal\/index.php?rest_route=%2Fwp%2Fv2%2Fmedia&parent=17340"}],"wp:term":[{"taxonomy":"category","embeddable":true,"href":"https:\/\/aconteceunovale.com.br\/portal\/index.php?rest_route=%2Fwp%2Fv2%2Fcategories&post=17340"},{"taxonomy":"post_tag","embeddable":true,"href":"https:\/\/aconteceunovale.com.br\/portal\/index.php?rest_route=%2Fwp%2Fv2%2Ftags&post=17340"}],"curies":[{"name":"wp","href":"https:\/\/api.w.org\/{rel}","templated":true}]}}