{"id":173386,"date":"2021-02-04T22:01:45","date_gmt":"2021-02-05T01:01:45","guid":{"rendered":"https:\/\/aconteceunovale.com.br\/portal\/?p=173386"},"modified":"2021-02-04T22:02:25","modified_gmt":"2021-02-05T01:02:25","slug":"14-milhao-de-pessoas-nao-sacaram-o-auxilio-emergencial","status":"publish","type":"post","link":"https:\/\/aconteceunovale.com.br\/portal\/?p=173386","title":{"rendered":"1,4 milh\u00e3o de pessoas n\u00e3o sacaram o aux\u00edlio emergencial"},"content":{"rendered":"\n<p>Cerca de 1,4 milh\u00e3o de pessoas n\u00e3o movimentaram os recursos do aux\u00edlio emergencial, e R$ 1,3 bilh\u00e3o foram devolvidos aos cofres p\u00fablicos.<br><br>De acordo com o\u00a0<a rel=\"noreferrer noopener\" href=\"http:\/\/www.planalto.gov.br\/ccivil_03\/_ato2019-2022\/2020\/decreto\/d10316.htm#:~:text=DECRETO%20N%C2%BA%2010.316%2C%20DE%207,coronav%C3%ADrus%20(covid%2D19\" target=\"_blank\"><strong>Decreto n\u00ba 10.316\/2020<\/strong><\/a>, que regulamentou o benef\u00edcio, o prazo para movimentar o dinheiro a partir do cr\u00e9dito na conta social digital \u00e9 de 90 dias. No caso dos benefici\u00e1rios do Bolsa Fam\u00edlia que receberam o aux\u00edlio, o prazo foi de 270 dias.<\/p>\n\n\n\n<p>O Minist\u00e9rio da Cidadania explicou que, ao longo de 2021, ainda ser\u00e3o realizados pagamentos resultantes de contesta\u00e7\u00f5es de benef\u00edcios negados e que forem considerados eleg\u00edveis. O governo tamb\u00e9m est\u00e1 fazendo reavalia\u00e7\u00f5es decorrentes de atualiza\u00e7\u00e3o da base de dados. No dia 28 de janeiro,\u00a0j\u00e1 houve um pagamento\u00a0de aux\u00edlios ap\u00f3s essas an\u00e1lises e revis\u00f5es.<\/p>\n\n\n\n<p>O aux\u00edlio emergencial foi criado em abril do ano passado pelo governo federal para atender pessoas vulner\u00e1veis afetadas pela pandemia de covid-19. Ele foi pago em cinco parcelas de R$ 600 ou R$ 1,2 mil para m\u00e3es chefes de fam\u00edlia monoparental e, depois, estendido at\u00e9 31 de dezembro em at\u00e9 quatro parcelas de R$ 300 ou R$ 600 cada.<\/p>\n\n\n\n<p>O calend\u00e1rio de libera\u00e7\u00e3o de saques do benef\u00edcio foi\u00a0encerrado\u00a0no dia 27 de janeiro. O programa de transfer\u00eancia de renda atendeu a 67,9 milh\u00f5es de brasileiros e gastou R$ 292,9 bilh\u00f5es em aux\u00edlios.<\/p>\n\n\n\n<p>&#8212;&#8212;&#8212;&#8212;&#8212;&#8212;<br><em>Quer receber as not\u00edcias do <strong>Aconteceu no Vale<\/strong> em primeira m\u00e3o? Siga-nos no Facebook <a rel=\"noreferrer noopener\" href=\"http:\/\/facebook.com\/aconteceunovale\" target=\"_blank\">@aconteceunovale<\/a>, Twitter <a rel=\"noreferrer noopener\" href=\"https:\/\/twitter.com\/noticiadosvales\" target=\"_blank\">@noticiadosvales<\/a> e Instagram <a rel=\"noreferrer noopener\" href=\"https:\/\/www.instagram.com\/aconteceunovale\" target=\"_blank\">@aconteceunovale<\/a>.<\/em><\/p>\n","protected":false},"excerpt":{"rendered":"<p>Cerca de 1,4 milh\u00e3o de pessoas n\u00e3o movimentaram os recursos do aux\u00edlio emergencial, e R$ 1,3 bilh\u00e3o foram devolvidos aos cofres p\u00fablicos. De acordo com o\u00a0Decreto n\u00ba 10.316\/2020, que regulamentou o benef\u00edcio, o prazo para movimentar o dinheiro a partir do cr\u00e9dito na conta social digital \u00e9 de 90 dias. No caso dos benefici\u00e1rios do [&hellip;]<\/p>\n","protected":false},"author":4,"featured_media":161592,"comment_status":"open","ping_status":"closed","sticky":false,"template":"","format":"standard","meta":{"amp_status":"","footnotes":""},"categories":[6],"tags":[219405,219383,225996,219292,225074,225788,225789,225075,225949,219977,100375,225948,227485,227055,226016,228349,228081,225732,223087,226744,225178,225552,225551,20922,225787,229938,225176,230001,225962,226017,226018,1018,233503,232346,223269,221649,223267,228779,184405,4610,228713,26436,225826,228714,184661,224350,225077,225076,228715,229939,228778,223181,225550,225549,225961,225177,225548],"class_list":["post-173386","post","type-post","status-publish","format-standard","has-post-thumbnail","hentry","category-br","tag-auxilio-de-r-600","tag-auxilio-emergencial","tag-auxilio-emergencial-chega-a-29-milhoes-de-domicilios","tag-auxilio-emergencial-de-r-600","tag-auxilio-emergencial-de-r-600-elevou-padrao-de-vida-em-23-milhoes-de-domicilios","tag-auxilio-emergencial-para-agricultor-familiar","tag-auxilio-para-agricultor-familiar","tag-beneficio-do-auxilio-emergencial-de-r-600","tag-bloqueio-de-contas-da-poupanca-social","tag-bloqueio-do-auxilio-emergencial","tag-bolsonaro","tag-caixa-bloqueia-contas-da-poupanca-social","tag-caixa-credita-auxilio-emergencial-para-4-milhoes-nascidos-em-agosto","tag-caixa-credita-auxilio-emergencial-para-nascidos-em-junho","tag-caixa-divulga-orientacao-para-desbloqueio-de-contas","tag-caixa-inicia-amanha-ciclo-2-de-pagamentos-do-auxilio-emergencial","tag-caixa-paga-auxilio-emergencial-de-r-600-a-beneficiarios-do-bolsa-familia","tag-caixa-paga-quarta-parcela-do-auxilio-emergencial-a-beneficiarios-do-bolsa-familia","tag-caixa-tem","tag-caixa-vai-pagar-auxilio-emergencial-de-r-600-a-805-mil-novos-beneficiarios","tag-calendario-para-saque-em-dinheiro-do-auxilio-emergencial","tag-calendario-quarta-parcela-do-auxilio-emergencial","tag-calendario-quinta-parcela-do-auxilio-emergencial","tag-camara-dos-deputados","tag-camara-dos-deputados-aprova-auxilio-emergencial-para-agricultor-familiar-durante-a-pandemia","tag-ciclo-3-do-auxilio-emergencial","tag-confira-o-calendario-para-saque-em-dinheiro-do-auxilio-emergencial-de-r-600","tag-contestar-suspensao-de-auxilio-emergencial","tag-desbloquear-as-contas-digitais-do-auxilio-emergencial","tag-desbloqueio-caixa-tem","tag-desbloqueio-de-contas-caixa-tem","tag-destaque","tag-encerramento-do-auxilio-emergencial","tag-fim-do-auxilio-emergencial","tag-fraude-auxilio-emergencial","tag-fraude-no-auxilio-emergencial","tag-fraudes-no-auxilio-emergencial","tag-fraudes-no-recebimento-de-auxilio-emergencial","tag-governo-bolsonaro","tag-governo-federal","tag-governo-federal-prorroga-auxilio-emergencial-ate-o-fim-do-ano","tag-jair-bolsonaro","tag-mais-de-700-mil-receberao-amanha-primeira-parcela-do-auxilio-emergencial","tag-mais-quatro-parcelas-do-auxilio-emergencial","tag-ministerio-da-economia","tag-novas-parcelas-do-auxilio-emergencial","tag-padrao-de-vida-auxilio-emergencial","tag-padrao-de-vida-auxilio-emergencial-de-r-600","tag-pagamento-de-mais-parcelas-do-auxilio-emergencial","tag-pagamento-do-ciclo-3-do-auxilio-emergencial","tag-policia-federal-apura-fraudes-no-recebimento-de-auxilio-emergencial","tag-prorrogacao-do-auxilio-emergencial","tag-quarta-parcela-auxilio-emergencial","tag-quinta-parcela-auxilio-emergencial","tag-saiba-como-desbloquear-as-contas-digitais-do-auxilio-emergencial","tag-saque-em-dinheiro-do-auxilio-emergencial","tag-veja-os-calendarios-dos-novos-pagamentos-do-auxilio-emergencial-de-r-600"],"_links":{"self":[{"href":"https:\/\/aconteceunovale.com.br\/portal\/index.php?rest_route=\/wp\/v2\/posts\/173386","targetHints":{"allow":["GET"]}}],"collection":[{"href":"https:\/\/aconteceunovale.com.br\/portal\/index.php?rest_route=\/wp\/v2\/posts"}],"about":[{"href":"https:\/\/aconteceunovale.com.br\/portal\/index.php?rest_route=\/wp\/v2\/types\/post"}],"author":[{"embeddable":true,"href":"https:\/\/aconteceunovale.com.br\/portal\/index.php?rest_route=\/wp\/v2\/users\/4"}],"replies":[{"embeddable":true,"href":"https:\/\/aconteceunovale.com.br\/portal\/index.php?rest_route=%2Fwp%2Fv2%2Fcomments&post=173386"}],"version-history":[{"count":1,"href":"https:\/\/aconteceunovale.com.br\/portal\/index.php?rest_route=\/wp\/v2\/posts\/173386\/revisions"}],"predecessor-version":[{"id":173387,"href":"https:\/\/aconteceunovale.com.br\/portal\/index.php?rest_route=\/wp\/v2\/posts\/173386\/revisions\/173387"}],"wp:featuredmedia":[{"embeddable":true,"href":"https:\/\/aconteceunovale.com.br\/portal\/index.php?rest_route=\/wp\/v2\/media\/161592"}],"wp:attachment":[{"href":"https:\/\/aconteceunovale.com.br\/portal\/index.php?rest_route=%2Fwp%2Fv2%2Fmedia&parent=173386"}],"wp:term":[{"taxonomy":"category","embeddable":true,"href":"https:\/\/aconteceunovale.com.br\/portal\/index.php?rest_route=%2Fwp%2Fv2%2Fcategories&post=173386"},{"taxonomy":"post_tag","embeddable":true,"href":"https:\/\/aconteceunovale.com.br\/portal\/index.php?rest_route=%2Fwp%2Fv2%2Ftags&post=173386"}],"curies":[{"name":"wp","href":"https:\/\/api.w.org\/{rel}","templated":true}]}}