{"id":173376,"date":"2021-02-04T13:26:21","date_gmt":"2021-02-04T16:26:21","guid":{"rendered":"https:\/\/aconteceunovale.com.br\/portal\/?p=173376"},"modified":"2021-02-04T13:26:47","modified_gmt":"2021-02-04T16:26:47","slug":"covid-19-minas-gerais-bate-novo-recorde-ao-registrar-mais-de-10-mil-casos-em-24h","status":"publish","type":"post","link":"https:\/\/aconteceunovale.com.br\/portal\/?p=173376","title":{"rendered":"Covid-19: Minas Gerais bate novo recorde ao registrar mais de 10 mil casos em 24h"},"content":{"rendered":"\n<p>Minas Gerais registrou um novo recorde de casos de covid-19 confirmados em 24 horas. De acordo com o boletim epidemiol\u00f3gico da Secretaria de Estado de Sa\u00fade (SES-MG), divulgado na manh\u00e3 desta quinta-feira (4\/2\/2021), foram contabilizados 10.052 novos infectados, totalizando 756.971 desde o in\u00edcio da pandemia.<\/p>\n\n\n\n<p>O \u00faltimo recorde havia sido batido no dia 22 de janeiro, quando o Estado registrou 9.593 casos em 24 horas.<\/p>\n\n\n\n<p>Ainda conforme a pasta, 61.414 pessoas est\u00e3o em acompanhamento e outras 680.058 se recuperaram da doen\u00e7a.<\/p>\n\n\n\n<p>Em rela\u00e7\u00e3o \u00e0s mortes, foram 184 registros nas \u00faltimas 24 horas, totalizando 15.499 \u00f3bitos no Estado desde o in\u00edcio da pandemia.<\/p>\n\n\n\n<p>Para ver a situa\u00e7\u00e3o em cada munic\u00edpio, <a rel=\"noreferrer noopener\" href=\"https:\/\/aconteceunovale.com.br\/portal\/wp-content\/uploads\/2021\/02\/boletim_epidemiologico_04-02-2021_covid-19.pdf\" target=\"_blank\">clique aqui<\/a>.<\/p>\n\n\n\n<p class=\"has-white-color has-black-background-color has-text-color has-background\">Quer saber as not\u00edcias do <strong>Aconteceu no Vale<\/strong> em primeira m\u00e3o? Siga-nos no Facebook <a rel=\"noreferrer noopener\" href=\"http:\/\/facebook.com\/aconteceunovale\" target=\"_blank\">@aconteceunovale<\/a>, Twitter <a rel=\"noreferrer noopener\" href=\"https:\/\/twitter.com\/noticiadosvales\" target=\"_blank\">@noticiadosvales<\/a> e Instagram <a rel=\"noreferrer noopener\" href=\"https:\/\/www.instagram.com\/aconteceunovale\" target=\"_blank\">@aconteceunovale<\/a>.<\/p>\n","protected":false},"excerpt":{"rendered":"<p>Minas Gerais registrou um novo recorde de casos de covid-19 confirmados em 24 horas. De acordo com o boletim epidemiol\u00f3gico da Secretaria de Estado de Sa\u00fade (SES-MG), divulgado na manh\u00e3 desta quinta-feira (4\/2\/2021), foram contabilizados 10.052 novos infectados, totalizando 756.971 desde o in\u00edcio da pandemia. O \u00faltimo recorde havia sido batido no dia 22 de [&hellip;]<\/p>\n","protected":false},"author":4,"featured_media":171461,"comment_status":"open","ping_status":"closed","sticky":false,"template":"","format":"standard","meta":{"amp_status":"","footnotes":""},"categories":[123,40242],"tags":[217799,219851,219853,214884,216498,236448,221718,219855,215653,221717,219854,219852,217692,221719,220285,220287,220286],"class_list":["post-173376","post","type-post","status-publish","format-standard","has-post-thumbnail","hentry","category-gerais","category-saude-2","tag-casos-de-coronavirus-em-minas-gerais","tag-casos-de-covid-19-em-minas-gerais","tag-cidades-com-casos-de-coronavirus-em-minas-gerais","tag-coronavirus","tag-covid-19","tag-covid-19-minas-gerais-bate-novo-recorde-ao-registrar-mais-de-10-mil-casos-em-24h","tag-curados-do-coronavirus-em-minas-gerais","tag-mortes-por-coronavirus-em-minas-gerais","tag-novo-coronavirus","tag-numero-de-curados-do-coronavirus-em-minas-gerais","tag-numeros-do-coronavirus-em-minas-gerais","tag-obitos-por-coronavirus-em-minas-gerias","tag-pandemia-de-coronavirus","tag-recuperados-do-coronavirus-em-minas-gerais","tag-secretaria-de-saude-atualiza-numeros-do-coronavirus-em-minas-gerais","tag-secretaria-de-saude-de-minas-gerais-atualiza-numeros-do-coronavirus","tag-ses-mg-atualiza-numeros-do-coronavirus"],"_links":{"self":[{"href":"https:\/\/aconteceunovale.com.br\/portal\/index.php?rest_route=\/wp\/v2\/posts\/173376","targetHints":{"allow":["GET"]}}],"collection":[{"href":"https:\/\/aconteceunovale.com.br\/portal\/index.php?rest_route=\/wp\/v2\/posts"}],"about":[{"href":"https:\/\/aconteceunovale.com.br\/portal\/index.php?rest_route=\/wp\/v2\/types\/post"}],"author":[{"embeddable":true,"href":"https:\/\/aconteceunovale.com.br\/portal\/index.php?rest_route=\/wp\/v2\/users\/4"}],"replies":[{"embeddable":true,"href":"https:\/\/aconteceunovale.com.br\/portal\/index.php?rest_route=%2Fwp%2Fv2%2Fcomments&post=173376"}],"version-history":[{"count":1,"href":"https:\/\/aconteceunovale.com.br\/portal\/index.php?rest_route=\/wp\/v2\/posts\/173376\/revisions"}],"predecessor-version":[{"id":173378,"href":"https:\/\/aconteceunovale.com.br\/portal\/index.php?rest_route=\/wp\/v2\/posts\/173376\/revisions\/173378"}],"wp:featuredmedia":[{"embeddable":true,"href":"https:\/\/aconteceunovale.com.br\/portal\/index.php?rest_route=\/wp\/v2\/media\/171461"}],"wp:attachment":[{"href":"https:\/\/aconteceunovale.com.br\/portal\/index.php?rest_route=%2Fwp%2Fv2%2Fmedia&parent=173376"}],"wp:term":[{"taxonomy":"category","embeddable":true,"href":"https:\/\/aconteceunovale.com.br\/portal\/index.php?rest_route=%2Fwp%2Fv2%2Fcategories&post=173376"},{"taxonomy":"post_tag","embeddable":true,"href":"https:\/\/aconteceunovale.com.br\/portal\/index.php?rest_route=%2Fwp%2Fv2%2Ftags&post=173376"}],"curies":[{"name":"wp","href":"https:\/\/api.w.org\/{rel}","templated":true}]}}