{"id":173373,"date":"2021-02-03T23:38:28","date_gmt":"2021-02-04T02:38:28","guid":{"rendered":"https:\/\/aconteceunovale.com.br\/portal\/?p=173373"},"modified":"2021-02-03T23:39:15","modified_gmt":"2021-02-04T02:39:15","slug":"nenhum-extremo-nos-interessa-afirma-presidente-do-congresso-nacional","status":"publish","type":"post","link":"https:\/\/aconteceunovale.com.br\/portal\/?p=173373","title":{"rendered":"\u201cNenhum extremo nos interessa\u201d, afirma presidente do Congresso Nacional"},"content":{"rendered":"\n<p>BRAS\u00cdLIA &#8211; A sess\u00e3o solene de abertura do ano legislativo no Congresso Nacional, realizada na tarde desta quarta-feira (3\/2\/2021), serviu para, al\u00e9m de ser uma cerim\u00f4nia que marca a inaugura\u00e7\u00e3o dos trabalhos, sinalizar o tom que o presidente do Poder Legislativo, senador Rodrigo Pacheco (Democratas-MG), pretende imprimir na condu\u00e7\u00e3o do Parlamento Brasileiro. E o recado do parlamentar mineiro foi claro. &#8220;Nenhum extremo nos interessa&#8221;, afirmou.<\/p>\n\n\n\n<p>No in\u00edcio da sess\u00e3o, quando parlamentares come\u00e7aram a gritar palavras de ordem contra e a favor do presidente Jair Bolsonaro, se dividindo entre cr\u00edticas e elogios, &#8220;fascista&#8221; e &#8220;mito&#8221;, o presidente Rodrigo Pacheco deixou claro que o pa\u00eds precisa superar extremismos. &#8220;Aprendi a fazer pol\u00edtica em Minas Gerais, e a pol\u00edtica mineira sempre foi de pacifica\u00e7\u00e3o, de busca de uni\u00e3o e de unidade, de respeito, de concilia\u00e7\u00e3o, de modera\u00e7\u00e3o, de equil\u00edbrio e de muita racionalidade. A pol\u00edtica n\u00e3o deve ser movida por arroubos do momento ou por radicalismos. Devemos superar os extremismos, que vemos surgirem de tempos em tempos, de um ou de outro lado, como se a vida tivesse um sentido s\u00f3, uma m\u00e3o \u00fanica, uma \u00fanica vertente&#8221;, defendeu Pacheco.<\/p>\n\n\n\n<p>Ele disse que &#8220;\u00e9 preciso fazer o melhor para a na\u00e7\u00e3o com coragem e firmeza&#8221;. &#8220;Precisamos ter coragem e firmeza para entregar ao povo brasileiro o que ele precisa, e n\u00e3o necessariamente o que esse ou aquele setor ou segmento entenda, ao sabor do momento, que seja o melhor para si ou mesmo para todos&#8221;, ressaltou o presidente do Congresso Nacional.<\/p>\n\n\n\n<figure class=\"wp-block-gallery columns-1 is-cropped wp-block-gallery-1 is-layout-flex wp-block-gallery-is-layout-flex\"><ul class=\"blocks-gallery-grid\"><li class=\"blocks-gallery-item\"><figure><img loading=\"lazy\" decoding=\"async\" width=\"663\" height=\"450\" src=\"https:\/\/aconteceunovale.com.br\/portal\/wp-content\/uploads\/2021\/02\/pacheco_abertura.jpg\" alt=\"\" data-id=\"173374\" data-full-url=\"https:\/\/aconteceunovale.com.br\/portal\/wp-content\/uploads\/2021\/02\/pacheco_abertura.jpg\" data-link=\"https:\/\/aconteceunovale.com.br\/portal\/?attachment_id=173374\" class=\"wp-image-173374\" srcset=\"https:\/\/aconteceunovale.com.br\/portal\/wp-content\/uploads\/2021\/02\/pacheco_abertura.jpg 663w, https:\/\/aconteceunovale.com.br\/portal\/wp-content\/uploads\/2021\/02\/pacheco_abertura-300x204.jpg 300w, https:\/\/aconteceunovale.com.br\/portal\/wp-content\/uploads\/2021\/02\/pacheco_abertura-619x420.jpg 619w\" sizes=\"auto, (max-width: 663px) 100vw, 663px\" \/><figcaption class=\"blocks-gallery-item__caption\"><em>Foto: Divulga\u00e7\u00e3o \/ Assessoria Rodrigo Pacheco<\/em><\/figcaption><\/figure><\/li><\/ul><\/figure>\n\n\n\n<p>Rodrigo Pacheco ressaltou a import\u00e2ncia de uma maior pacifica\u00e7\u00e3o das institui\u00e7\u00f5es e a identifica\u00e7\u00e3o de objetivos comuns, tanto do ponto de vista da sa\u00fade p\u00fablica, quanto do ponto de vista econ\u00f4mico. Tornou a dizer que as prioridades \u00e0 frente do Senado e do Congresso podem ser definidas em tr\u00eas pilares: sa\u00fade, desenvolvimento social e crescimento econ\u00f4mico.<\/p>\n\n\n\n<p>Tamb\u00e9m deixou claro que \u00e9 preciso cumprir o que determina a Lei Maior: &#8220;\u00c9 a Constitui\u00e7\u00e3o Federal que a todos limita e nivela. \u00c9 um engano pensar e defender a independ\u00eancia dos poderes sem lutar pela preserva\u00e7\u00e3o da harmonia entre eles&#8221;.<\/p>\n\n\n\n<p>O presidente do Congresso Nacional tamb\u00e9m falou sobre a pandemia e a necessidade de vacina\u00e7\u00e3o. &#8220;Tratemos desse problema da forma que ele realmente se apresenta: uma quest\u00e3o de interesse da vida nacional, n\u00e3o de grupos espec\u00edficos. Tenhamos cuidado com a sanha de buscar culpados a qualquer custo, como se a pandemia tivesse encontrado somente acertos em qualquer parte do mundo&#8221;.<\/p>\n\n\n\n<p>Rodrigo Pacheco afirmou, em seu discurso, que &#8220;\u00e9 preciso compatibilizar o aux\u00edlio governamental aos mais carentes &#8211; que ainda \u00e9 absolutamente necess\u00e1rio neste momento &#8211; com os princ\u00edpios que norteiam a responsabilidade fiscal&#8221;. E finalizou com uma frase de Juscelino Kubitschek, &#8220;o maior pol\u00edtico mineiro, qui\u00e7\u00e1 de toda a Hist\u00f3ria do Brasil&#8221;. &#8220;Creio na vit\u00f3ria final e inexor\u00e1vel do Brasil, como Na\u00e7\u00e3o\u201d, disse JK. &#8220;E aqui, hoje, na Presid\u00eancia do Congresso Nacional, eu afirmo que acredito vigorosamente no Brasil e pe\u00e7o a todos os brasileiros que tenham essa mesma cren\u00e7a\u201d, conclamou.<\/p>\n\n\n\n<p class=\"has-white-color has-black-background-color has-text-color has-background\">Quer saber as not\u00edcias do <strong>Aconteceu no Vale<\/strong> em primeira m\u00e3o? Siga-nos no Facebook <a rel=\"noreferrer noopener\" href=\"http:\/\/facebook.com\/aconteceunovale\" target=\"_blank\">@aconteceunovale<\/a>, Twitter <a rel=\"noreferrer noopener\" href=\"https:\/\/twitter.com\/noticiadosvales\" target=\"_blank\">@noticiadosvales<\/a> e Instagram <a rel=\"noreferrer noopener\" href=\"https:\/\/www.instagram.com\/aconteceunovale\" target=\"_blank\">@aconteceunovale<\/a>.<\/p>\n","protected":false},"excerpt":{"rendered":"<p>BRAS\u00cdLIA &#8211; A sess\u00e3o solene de abertura do ano legislativo no Congresso Nacional, realizada na tarde desta quarta-feira (3\/2\/2021), serviu para, al\u00e9m de ser uma cerim\u00f4nia que marca a inaugura\u00e7\u00e3o dos trabalhos, sinalizar o tom que o presidente do Poder Legislativo, senador Rodrigo Pacheco (Democratas-MG), pretende imprimir na condu\u00e7\u00e3o do Parlamento Brasileiro. E o recado [&hellip;]<\/p>\n","protected":false},"author":4,"featured_media":173374,"comment_status":"open","ping_status":"closed","sticky":false,"template":"","format":"standard","meta":{"amp_status":"","footnotes":""},"categories":[6,40240],"tags":[236425,236388,235961,100375,4606,20922,236427,236387,236386,236389,26436,236385,236446,236447,236426,236384,236383,199969,236424,138051,41221,21938],"class_list":["post-173373","post","type-post","status-publish","format-standard","has-post-thumbnail","hentry","category-br","category-politica-2","tag-abertura-do-ano-legislativo","tag-acesso-a-vacinas","tag-arthur-lira","tag-bolsonaro","tag-brasilia","tag-camara-dos-deputados","tag-debate-sobre-novo-auxilio-emergencial","tag-encontro-entre-bolsonaro-e-lira","tag-encontro-entre-bolsonaro-e-pacheco","tag-enfrentamento-a-pandemia-da-covid-19","tag-jair-bolsonaro","tag-lira","tag-nenhum-extremo-nos-interessa-afirma-presidente-do-congresso-nacional","tag-nenhum-extremo-nos-interessa-afirma-rodrigo-pacheco","tag-novo-auxilio-emergencial","tag-pacheco","tag-pacheco-e-lira-pedem-a-bolsonaro-agilidade-no-acesso-a-vacinas-e-acoes-de-recuperacao-economica","tag-planalto","tag-presidentes-da-camara-e-do-senado-defendem-novo-auxilio-emergencial","tag-recuperacao-economica","tag-rodrigo-pacheco","tag-senado"],"_links":{"self":[{"href":"https:\/\/aconteceunovale.com.br\/portal\/index.php?rest_route=\/wp\/v2\/posts\/173373","targetHints":{"allow":["GET"]}}],"collection":[{"href":"https:\/\/aconteceunovale.com.br\/portal\/index.php?rest_route=\/wp\/v2\/posts"}],"about":[{"href":"https:\/\/aconteceunovale.com.br\/portal\/index.php?rest_route=\/wp\/v2\/types\/post"}],"author":[{"embeddable":true,"href":"https:\/\/aconteceunovale.com.br\/portal\/index.php?rest_route=\/wp\/v2\/users\/4"}],"replies":[{"embeddable":true,"href":"https:\/\/aconteceunovale.com.br\/portal\/index.php?rest_route=%2Fwp%2Fv2%2Fcomments&post=173373"}],"version-history":[{"count":1,"href":"https:\/\/aconteceunovale.com.br\/portal\/index.php?rest_route=\/wp\/v2\/posts\/173373\/revisions"}],"predecessor-version":[{"id":173375,"href":"https:\/\/aconteceunovale.com.br\/portal\/index.php?rest_route=\/wp\/v2\/posts\/173373\/revisions\/173375"}],"wp:featuredmedia":[{"embeddable":true,"href":"https:\/\/aconteceunovale.com.br\/portal\/index.php?rest_route=\/wp\/v2\/media\/173374"}],"wp:attachment":[{"href":"https:\/\/aconteceunovale.com.br\/portal\/index.php?rest_route=%2Fwp%2Fv2%2Fmedia&parent=173373"}],"wp:term":[{"taxonomy":"category","embeddable":true,"href":"https:\/\/aconteceunovale.com.br\/portal\/index.php?rest_route=%2Fwp%2Fv2%2Fcategories&post=173373"},{"taxonomy":"post_tag","embeddable":true,"href":"https:\/\/aconteceunovale.com.br\/portal\/index.php?rest_route=%2Fwp%2Fv2%2Ftags&post=173373"}],"curies":[{"name":"wp","href":"https:\/\/api.w.org\/{rel}","templated":true}]}}