{"id":17335,"date":"2014-01-01T14:32:49","date_gmt":"2014-01-01T16:32:49","guid":{"rendered":"http:\/\/aconteceunovale.com.br\/portal\/?p=17335"},"modified":"2014-01-01T14:32:49","modified_gmt":"2014-01-01T16:32:49","slug":"homem-morre-ao-cair-de-escada-em-aracuai","status":"publish","type":"post","link":"https:\/\/aconteceunovale.com.br\/portal\/?p=17335","title":{"rendered":"Homem morre ao cair de escada em Ara\u00e7ua\u00ed"},"content":{"rendered":"<p>O mascate Geraldo D\u00edlson Cardoso de Aguilar (Foto), 46 anos, morreu ap\u00f3s cair de uma escada na casa onde morava, no bairro Canoeiro, em Ara\u00e7ua\u00ed. A fatalidade aconteceu na noite desta ter\u00e7a-feira (31\/12).<\/p>\n<p><img decoding=\"async\" src=\"http:\/\/aconteceunovale.com.br\/portal\/wp-content\/uploads\/2014\/01\/acidente_escada_aracuai.jpg\" alt=\"\" \/><\/p>\n<p>Segundo uma de suas irm\u00e3s, o acidente ocorreu por volta das 21h40min. Geraldo D\u00edlson morava sozinho no segundo andar de um sobrado e foi encontrado por um sobrinho de 7 anos.<\/p>\n<p>A irm\u00e3 do mascate contou que acionou o SAMU que s\u00f3 apareceu meia hora depois. \u201cFalaram que estavam atendendo uma ocorr\u00eancia de acidente de moto. Quando chegaram aqui, eu perguntei se meu irm\u00e3o estava vivo. Eles responderam que n\u00e3o poderiam afirmar. Logo em seguida chegaram duas viaturas da Pol\u00edcia Militar. Levaram meu irm\u00e3o que naquele momento, j\u00e1 estava morto\u201d, lamentou a mulher.<\/p>\n<p>Ela disse ainda que o irm\u00e3o estava bebendo muito nos \u00faltimos dias. Naquela noite, ele chegou a ser socorrido por ela, ap\u00f3s cair da escada e machucar um dos bra\u00e7os, quando chegava em casa. \u201cO colocamos para dentro. Creio que depois ele quis sair para comprar cigarro e se desequilibrou na escada. Meu filho escutou o barulho e quando chegou, ele j\u00e1 estava desmaiado, ap\u00f3s bater a cabe\u00e7a no port\u00e3o que estava fechado\u201d, disse a mulher.<\/p>\n<p>O corpo foi encaminhado para o Instituto de Medicina Legal (IML) de Itaobim, a 72 km de Ara\u00e7ua\u00ed. O sepultamento ser\u00e1 na quinta-feira (2) em Ara\u00e7ua\u00ed. Geraldo D\u00edlson Aguilar, era separado da mulher e pai de 3 meninas.<\/p>\n<p>Fonte: Gazeta de Ara\u00e7ua\u00ed, Por S\u00e9rgio Vasconcelos<\/p>\n","protected":false},"excerpt":{"rendered":"<p>O mascate Geraldo D\u00edlson Cardoso de Aguilar (Foto), 46 anos, morreu ap\u00f3s cair de uma escada na casa onde morava, no bairro Canoeiro, em Ara\u00e7ua\u00ed. A fatalidade aconteceu na noite desta ter\u00e7a-feira (31\/12). Segundo uma de suas irm\u00e3s, o acidente ocorreu por volta das 21h40min. Geraldo D\u00edlson morava sozinho no segundo andar de um sobrado [&hellip;]<\/p>\n","protected":false},"author":1,"featured_media":0,"comment_status":"open","ping_status":"closed","sticky":false,"template":"","format":"standard","meta":{"amp_status":"","footnotes":""},"categories":[120],"tags":[186,2349],"class_list":["post-17335","post","type-post","status-publish","format-standard","hentry","category-jequi","tag-aracuai","tag-homem-morre-ao-cair-de-escada-em-aracuai-no-vale-do-jequitinhonha"],"_links":{"self":[{"href":"https:\/\/aconteceunovale.com.br\/portal\/index.php?rest_route=\/wp\/v2\/posts\/17335","targetHints":{"allow":["GET"]}}],"collection":[{"href":"https:\/\/aconteceunovale.com.br\/portal\/index.php?rest_route=\/wp\/v2\/posts"}],"about":[{"href":"https:\/\/aconteceunovale.com.br\/portal\/index.php?rest_route=\/wp\/v2\/types\/post"}],"author":[{"embeddable":true,"href":"https:\/\/aconteceunovale.com.br\/portal\/index.php?rest_route=\/wp\/v2\/users\/1"}],"replies":[{"embeddable":true,"href":"https:\/\/aconteceunovale.com.br\/portal\/index.php?rest_route=%2Fwp%2Fv2%2Fcomments&post=17335"}],"version-history":[{"count":0,"href":"https:\/\/aconteceunovale.com.br\/portal\/index.php?rest_route=\/wp\/v2\/posts\/17335\/revisions"}],"wp:attachment":[{"href":"https:\/\/aconteceunovale.com.br\/portal\/index.php?rest_route=%2Fwp%2Fv2%2Fmedia&parent=17335"}],"wp:term":[{"taxonomy":"category","embeddable":true,"href":"https:\/\/aconteceunovale.com.br\/portal\/index.php?rest_route=%2Fwp%2Fv2%2Fcategories&post=17335"},{"taxonomy":"post_tag","embeddable":true,"href":"https:\/\/aconteceunovale.com.br\/portal\/index.php?rest_route=%2Fwp%2Fv2%2Ftags&post=17335"}],"curies":[{"name":"wp","href":"https:\/\/api.w.org\/{rel}","templated":true}]}}