{"id":173334,"date":"2021-02-03T12:51:31","date_gmt":"2021-02-03T15:51:31","guid":{"rendered":"https:\/\/aconteceunovale.com.br\/portal\/?p=173334"},"modified":"2021-02-03T12:52:16","modified_gmt":"2021-02-03T15:52:16","slug":"preso-homem-que-usava-arma-para-intimidar-moradores-de-comunidade-no-municipio-de-montes-claros","status":"publish","type":"post","link":"https:\/\/aconteceunovale.com.br\/portal\/?p=173334","title":{"rendered":"Preso homem que usava arma para intimidar moradores de comunidade no munic\u00edpio de Montes Claros"},"content":{"rendered":"\n<p>Durante cumprimento de mandado de busca e apreens\u00e3o, em Montes Claros, Norte de Minas, foi preso um suspeito de posse ilegal de arma de fogo. A a\u00e7\u00e3o foi realizada em conjunto pelas pol\u00edcias Civil e Militar, nessa ter\u00e7a-feira (2\/2\/2021), em um s\u00edtio na Comunidade Terra de Santa Cruz.<\/p>\n\n\n\n<p>Uma pistola cal.380 foi apreendida durante a a\u00e7\u00e3o policial. De acordo com as investiga\u00e7\u00f5es, o suspeito era agressivo e utilizava a arma para intimidar as pessoas. Al\u00e9m disso, o indiv\u00edduo possui registros de ocorr\u00eancias por disparo de arma de fogo, desobedi\u00eancia e vias de fato\/agress\u00e3o.<\/p>\n\n\n\n<p class=\"has-white-color has-black-background-color has-text-color has-background\">Quer saber as not\u00edcias do <strong>Aconteceu no Vale<\/strong> em primeira m\u00e3o? Siga-nos no Facebook <a rel=\"noreferrer noopener\" href=\"http:\/\/facebook.com\/aconteceunovale\" target=\"_blank\">@aconteceunovale<\/a>, Twitter <a rel=\"noreferrer noopener\" href=\"https:\/\/twitter.com\/noticiadosvales\" target=\"_blank\">@noticiadosvales<\/a> e Instagram <a rel=\"noreferrer noopener\" href=\"https:\/\/www.instagram.com\/aconteceunovale\" target=\"_blank\">@aconteceunovale<\/a>.<\/p>\n","protected":false},"excerpt":{"rendered":"<p>Durante cumprimento de mandado de busca e apreens\u00e3o, em Montes Claros, Norte de Minas, foi preso um suspeito de posse ilegal de arma de fogo. A a\u00e7\u00e3o foi realizada em conjunto pelas pol\u00edcias Civil e Militar, nessa ter\u00e7a-feira (2\/2\/2021), em um s\u00edtio na Comunidade Terra de Santa Cruz. Uma pistola cal.380 foi apreendida durante a [&hellip;]<\/p>\n","protected":false},"author":4,"featured_media":151866,"comment_status":"open","ping_status":"closed","sticky":false,"template":"","format":"standard","meta":{"amp_status":"","footnotes":""},"categories":[1236],"tags":[122829,122830,236399,210,229956,30798,236398,66614,236397,236400],"class_list":["post-173334","post","type-post","status-publish","format-standard","has-post-thumbnail","hentry","category-norte_de_minas","tag-apreensao-de-arma-em-montes-claros","tag-arma-apreendida-em-montes-claros","tag-comunidade-terra-de-santa-cruz","tag-montes-claros","tag-pcmg-montes-claros","tag-policia-civil-de-montes-claros","tag-preso-com-arma-em-montes-claros","tag-preso-em-montes-claros","tag-preso-homem-que-usava-arma-para-intimidar-moradores-de-comunidade-no-municipio-de-montes-claros","tag-terra-de-santa-cruz"],"_links":{"self":[{"href":"https:\/\/aconteceunovale.com.br\/portal\/index.php?rest_route=\/wp\/v2\/posts\/173334","targetHints":{"allow":["GET"]}}],"collection":[{"href":"https:\/\/aconteceunovale.com.br\/portal\/index.php?rest_route=\/wp\/v2\/posts"}],"about":[{"href":"https:\/\/aconteceunovale.com.br\/portal\/index.php?rest_route=\/wp\/v2\/types\/post"}],"author":[{"embeddable":true,"href":"https:\/\/aconteceunovale.com.br\/portal\/index.php?rest_route=\/wp\/v2\/users\/4"}],"replies":[{"embeddable":true,"href":"https:\/\/aconteceunovale.com.br\/portal\/index.php?rest_route=%2Fwp%2Fv2%2Fcomments&post=173334"}],"version-history":[{"count":1,"href":"https:\/\/aconteceunovale.com.br\/portal\/index.php?rest_route=\/wp\/v2\/posts\/173334\/revisions"}],"predecessor-version":[{"id":173335,"href":"https:\/\/aconteceunovale.com.br\/portal\/index.php?rest_route=\/wp\/v2\/posts\/173334\/revisions\/173335"}],"wp:featuredmedia":[{"embeddable":true,"href":"https:\/\/aconteceunovale.com.br\/portal\/index.php?rest_route=\/wp\/v2\/media\/151866"}],"wp:attachment":[{"href":"https:\/\/aconteceunovale.com.br\/portal\/index.php?rest_route=%2Fwp%2Fv2%2Fmedia&parent=173334"}],"wp:term":[{"taxonomy":"category","embeddable":true,"href":"https:\/\/aconteceunovale.com.br\/portal\/index.php?rest_route=%2Fwp%2Fv2%2Fcategories&post=173334"},{"taxonomy":"post_tag","embeddable":true,"href":"https:\/\/aconteceunovale.com.br\/portal\/index.php?rest_route=%2Fwp%2Fv2%2Ftags&post=173334"}],"curies":[{"name":"wp","href":"https:\/\/api.w.org\/{rel}","templated":true}]}}