{"id":173331,"date":"2021-02-03T12:41:39","date_gmt":"2021-02-03T15:41:39","guid":{"rendered":"https:\/\/aconteceunovale.com.br\/portal\/?p=173331"},"modified":"2021-02-03T12:43:27","modified_gmt":"2021-02-03T15:43:27","slug":"forca-tarefa-da-lava-jato-no-parana-deixa-de-existir-informa-mpf","status":"publish","type":"post","link":"https:\/\/aconteceunovale.com.br\/portal\/?p=173331","title":{"rendered":"For\u00e7a-tarefa da Lava Jato no Paran\u00e1 deixa de existir, informa MPF"},"content":{"rendered":"\n<p>O Minist\u00e9rio P\u00fablico Federal (MPF) do Paran\u00e1 informou hoje (3\/2\/2021), por meio de nota, que a for\u00e7a-tarefa da Lava Jato \u201cdeixa de existir\u201d. Desde o primeiro dia de fevereiro, passou a vigorar uma nova estrutura, em que a responsabilidade por tocar a opera\u00e7\u00e3o foi transferida para o Grupo de Atua\u00e7\u00e3o Especial de Combate ao Crime Organizado (Gaeco) do estado, criado no ano passado.<img decoding=\"async\" src=\"https:\/\/agenciabrasil.ebc.com.br\/ebc.png?id=1400420&amp;o=node\"><img decoding=\"async\" src=\"https:\/\/agenciabrasil.ebc.com.br\/ebc.gif?id=1400420&amp;o=node\"><\/p>\n\n\n\n<p>As mudan\u00e7as j\u00e1 estavam previstas em uma portaria publicada em dezembro pela Procuradoria-Geral da Rep\u00fablica (PGR) e fazem parte de um rearranjo institucional no combate \u00e0 corrup\u00e7\u00e3o promovido pelo atual procurador-geral da Rep\u00fablica, Augusto Aras, um defensor dos Gaecos.<\/p>\n\n\n\n<p>Dos 14 procuradores da Rep\u00fablica que atuavam na for\u00e7a-tarefa da Lava Jato, quatro passam a integrar o Gaeco do Paran\u00e1, com mandato at\u00e9 agosto de 2022. Os outros dez membros da for\u00e7a-tarefa continuam a atuar na opera\u00e7\u00e3o at\u00e9 1\u00ba de outubro, por\u00e9m sem dedica\u00e7\u00e3o exclusiva e a partir de suas lota\u00e7\u00f5es de origem.<\/p>\n\n\n\n<p>Com a mudan\u00e7a, o Gaeco do Paran\u00e1 passa a contar com nove procuradores no total, dos quais cinco se dedicar\u00e3o exclusivamente \u00e0 Lava Jato, sendo os respons\u00e1veis diretos por dar continuidade aos trabalhos da opera\u00e7\u00e3o.<\/p>\n\n\n\n<h2 class=\"wp-block-heading\">Rio de Janeiro<\/h2>\n\n\n\n<p>Na \u00faltima sexta-feira (29), Aras prorrogou at\u00e9 31 de mar\u00e7o a designa\u00e7\u00e3o de 11 procuradores que atuam no n\u00facleo da Lava Jato no Rio de Janeiro. A dedica\u00e7\u00e3o deles \u00e0 opera\u00e7\u00e3o vencia em 31 de janeiro.<\/p>\n\n\n\n<p>A prorroga\u00e7\u00e3o se deu para que possa ser feita a transi\u00e7\u00e3o da opera\u00e7\u00e3o para o Gaeco do Rio de Janeiro, que ainda se encontra em fase de implanta\u00e7\u00e3o. Segundo a PGR, a medida faz \u201cparte de um esfor\u00e7o para institucionalizar o trabalho de procuradores que atuam em investiga\u00e7\u00f5es de grande porte e complexidade\u201d.<\/p>\n\n\n\n<h2 class=\"wp-block-heading\">N\u00fameros<\/h2>\n\n\n\n<p>Nos \u00faltimos sete anos, a Opera\u00e7\u00e3o Lava Jato deflagrou 79 fases, nas quais foram executados 1.450 mandados de busca e apreens\u00e3o, 211 condu\u00e7\u00f5es coercitivas, 163 pris\u00f5es tempor\u00e1rias e 132 pris\u00f5es preventivas.<\/p>\n\n\n\n<p>As investiga\u00e7\u00f5es, que se iniciaram apurando desvios em contratos da Petrobras, resultaram em 130 den\u00fancias contra 533 acusados, dos quais 174 foram condenados. A opera\u00e7\u00e3o fechou ainda 209 acordos de colabora\u00e7\u00e3o premiada e 17 acordos de leni\u00eancia com empresas, nos quais foi negociada a devolu\u00e7\u00e3o de R$ 15 bilh\u00f5es aos cofres p\u00fablicos.<\/p>\n\n\n\n<p class=\"has-white-color has-black-background-color has-text-color has-background\">Quer saber as not\u00edcias do <strong>Aconteceu no Vale<\/strong> em primeira m\u00e3o? Siga-nos no Facebook <a rel=\"noreferrer noopener\" href=\"http:\/\/facebook.com\/aconteceunovale\" target=\"_blank\">@aconteceunovale<\/a>, Twitter <a rel=\"noreferrer noopener\" href=\"https:\/\/twitter.com\/noticiadosvales\" target=\"_blank\">@noticiadosvales<\/a> e Instagram <a rel=\"noreferrer noopener\" href=\"https:\/\/www.instagram.com\/aconteceunovale\" target=\"_blank\">@aconteceunovale<\/a>.<\/p>\n","protected":false},"excerpt":{"rendered":"<p>O Minist\u00e9rio P\u00fablico Federal (MPF) do Paran\u00e1 informou hoje (3\/2\/2021), por meio de nota, que a for\u00e7a-tarefa da Lava Jato \u201cdeixa de existir\u201d. Desde o primeiro dia de fevereiro, passou a vigorar uma nova estrutura, em que a responsabilidade por tocar a opera\u00e7\u00e3o foi transferida para o Grupo de Atua\u00e7\u00e3o Especial de Combate ao Crime [&hellip;]<\/p>\n","protected":false},"author":4,"featured_media":173332,"comment_status":"open","ping_status":"closed","sticky":false,"template":"","format":"standard","meta":{"amp_status":"","footnotes":""},"categories":[6],"tags":[207806,236392,4608,236395,95958,236390,236391,236396,38106,236393,236394,5667,18887,210972,18373,85356,1104],"class_list":["post-173331","post","type-post","status-publish","format-standard","has-post-thumbnail","hentry","category-br","tag-augusto-aras","tag-combate-ao-crime-organizado","tag-curitiba","tag-fim-da-forca-tarefa-da-lava-jato","tag-fim-da-operacao-lava-jato","tag-forca-tarefa-da-lava-jato-em-curitiba","tag-forca-tarefa-da-lava-jato-no-parana","tag-forca-tarefa-da-lava-jato-no-parana-deixa-de-existir","tag-gaeco","tag-gaeco-do-parana","tag-lava-jato-no-rio-de-janeiro","tag-ministerio-publico-federal","tag-mpf","tag-operacao-lava-jato-2","tag-parana","tag-pgr","tag-rio-de-janeiro"],"_links":{"self":[{"href":"https:\/\/aconteceunovale.com.br\/portal\/index.php?rest_route=\/wp\/v2\/posts\/173331","targetHints":{"allow":["GET"]}}],"collection":[{"href":"https:\/\/aconteceunovale.com.br\/portal\/index.php?rest_route=\/wp\/v2\/posts"}],"about":[{"href":"https:\/\/aconteceunovale.com.br\/portal\/index.php?rest_route=\/wp\/v2\/types\/post"}],"author":[{"embeddable":true,"href":"https:\/\/aconteceunovale.com.br\/portal\/index.php?rest_route=\/wp\/v2\/users\/4"}],"replies":[{"embeddable":true,"href":"https:\/\/aconteceunovale.com.br\/portal\/index.php?rest_route=%2Fwp%2Fv2%2Fcomments&post=173331"}],"version-history":[{"count":1,"href":"https:\/\/aconteceunovale.com.br\/portal\/index.php?rest_route=\/wp\/v2\/posts\/173331\/revisions"}],"predecessor-version":[{"id":173333,"href":"https:\/\/aconteceunovale.com.br\/portal\/index.php?rest_route=\/wp\/v2\/posts\/173331\/revisions\/173333"}],"wp:featuredmedia":[{"embeddable":true,"href":"https:\/\/aconteceunovale.com.br\/portal\/index.php?rest_route=\/wp\/v2\/media\/173332"}],"wp:attachment":[{"href":"https:\/\/aconteceunovale.com.br\/portal\/index.php?rest_route=%2Fwp%2Fv2%2Fmedia&parent=173331"}],"wp:term":[{"taxonomy":"category","embeddable":true,"href":"https:\/\/aconteceunovale.com.br\/portal\/index.php?rest_route=%2Fwp%2Fv2%2Fcategories&post=173331"},{"taxonomy":"post_tag","embeddable":true,"href":"https:\/\/aconteceunovale.com.br\/portal\/index.php?rest_route=%2Fwp%2Fv2%2Ftags&post=173331"}],"curies":[{"name":"wp","href":"https:\/\/api.w.org\/{rel}","templated":true}]}}