{"id":173328,"date":"2021-02-03T12:23:05","date_gmt":"2021-02-03T15:23:05","guid":{"rendered":"https:\/\/aconteceunovale.com.br\/portal\/?p=173328"},"modified":"2021-02-03T12:24:27","modified_gmt":"2021-02-03T15:24:27","slug":"pacheco-e-lira-pedem-a-bolsonaro-agilidade-no-acesso-a-vacinas-e-acoes-de-recuperacao-economica","status":"publish","type":"post","link":"https:\/\/aconteceunovale.com.br\/portal\/?p=173328","title":{"rendered":"Pacheco e Lira pedem a Bolsonaro agilidade no acesso a vacinas e a\u00e7\u00f5es de recupera\u00e7\u00e3o econ\u00f4mica"},"content":{"rendered":"\n<p>BRAS\u00cdLIA &#8211; Os presidentes do Senado, Rodrigo Pacheco (Democratas-MG), e da C\u00e2mara dos Deputados, Arthur Lira (PP-AL), entregaram, na manh\u00e3 desta quarta-feira (3\/2\/2021), ao presidente da Rep\u00fablica, Jair Bolsonaro, uma declara\u00e7\u00e3o conjunta onde solicitam a\u00e7\u00f5es emergenciais de enfrentamento \u00e0 pandemia da covid-19, como o acesso pela popula\u00e7\u00e3o \u00e0s vacinas, e medidas de recupera\u00e7\u00e3o econ\u00f4mica.<\/p>\n\n\n\n<p>\u201cO foco principal do nosso manifesto \u00e9 o enfrentamento seguro, \u00e1gil e inteligente da pandemia com a disponibiliza\u00e7\u00e3o de vacinas. Vamos trabalhar pacificamente pela recupera\u00e7\u00e3o econ\u00f4mica do pa\u00eds com os projetos que sejam necess\u00e1rios para que possamos atingir esse objetivo\u201d, disse o presidente do Senado, em pronunciamento \u00e0 imprensa no Pal\u00e1cio do Planalto.<\/p>\n\n\n\n<p>No documento, os presidentes do Legislativo defendem o retorno do pagamento do aux\u00edlio emergencial aos brasileiros durante a pandemia, mas em respeito ao teto de gastos do governo. Eles tamb\u00e9m afirmaram que o Senado e a C\u00e2mara se comprometem a discutir pautas que promovam a recupera\u00e7\u00e3o da atividade econ\u00f4mica em di\u00e1logo com o governo.<\/p>\n\n\n\n<p>&#8220;O Senado Federal e a C\u00e2mara dos Deputados manifestam que trabalhar\u00e3o de forma conjunta, harm\u00f4nica e colaborativa em todos os temas que possam facilitar e ajudar os brasileiros na supera\u00e7\u00e3o do drama da pandemia, incluindo, sobretudo, a an\u00e1lise das possibilidades fiscais para, respeitando o teto de gastos, avaliar alternativas de oferecer a seguran\u00e7a financeira, por meio de aux\u00edlio emergencial para aqueles brasileiros e brasileiras que estejam enfrentando a mis\u00e9ria em raz\u00e3o da falta de oportunidade causada pela paralisia econ\u00f4mica provocada pela pandemia&#8221;, apontou no texto.<\/p>\n\n\n\n<p>No encontro, Jair Bolsonaro entregou a Rodrigo Pacheco e Arthur Lira uma lista de projetos de interesse do Executivo, que tramitam no Congresso, sobre a pandemia, sa\u00fade, economia e reformas. Pacheco afirmou que buscar\u00e1 no comando do Legislativo cultivar a pacifica\u00e7\u00e3o, a harmonia e a independ\u00eancia entre os poderes.<\/p>\n\n\n\n<p>\u201cSubmeteremos as propostas aos nossos respectivos col\u00e9gios de l\u00edderes, aos senadores e deputados, para que possamos apreciar a viabilidade da inclus\u00e3o em pauta de cada um desses projetos\u201d, afirmou Pacheco.<\/p>\n\n\n\n<p>Mais cedo no Congresso, Pacheco e Lira reiteraram \u00e0 imprensa que h\u00e1 um alinhamento comum dos compromissos feitos por eles durante a campanha \u00e0s presid\u00eancias do Senado e da C\u00e2mara. Entre os pontos convergentes est\u00e3o as an\u00e1lises das reformas Tribut\u00e1ria e Administrativa, e das PECs Emergencial e dos Fundos P\u00fablicos e Constitucionais. Os presidentes informaram que ir\u00e3o se reunir na noite de hoje (3) com o deputado Aguinaldo Ribeiro (PP-PB) e o senador Roberto Rocha (PSDB-MA), relatores das duas propostas que tramitam sobre o tema no Congresso.<\/p>\n\n\n\n<figure class=\"wp-block-gallery columns-1 is-cropped wp-block-gallery-1 is-layout-flex wp-block-gallery-is-layout-flex\"><ul class=\"blocks-gallery-grid\"><li class=\"blocks-gallery-item\"><figure><img loading=\"lazy\" decoding=\"async\" width=\"675\" height=\"450\" src=\"https:\/\/aconteceunovale.com.br\/portal\/wp-content\/uploads\/2021\/02\/pacheco_lira_bolsonaro.jpg\" alt=\"\" data-id=\"173329\" data-full-url=\"https:\/\/aconteceunovale.com.br\/portal\/wp-content\/uploads\/2021\/02\/pacheco_lira_bolsonaro.jpg\" data-link=\"https:\/\/aconteceunovale.com.br\/portal\/?attachment_id=173329\" class=\"wp-image-173329\" srcset=\"https:\/\/aconteceunovale.com.br\/portal\/wp-content\/uploads\/2021\/02\/pacheco_lira_bolsonaro.jpg 675w, https:\/\/aconteceunovale.com.br\/portal\/wp-content\/uploads\/2021\/02\/pacheco_lira_bolsonaro-300x200.jpg 300w, https:\/\/aconteceunovale.com.br\/portal\/wp-content\/uploads\/2021\/02\/pacheco_lira_bolsonaro-630x420.jpg 630w\" sizes=\"auto, (max-width: 675px) 100vw, 675px\" \/><figcaption class=\"blocks-gallery-item__caption\"><em>Lira, Bolsonaro e Pacheco durante coletiva (Foto: Divulga\u00e7\u00e3o)<\/em><\/figcaption><\/figure><\/li><\/ul><\/figure>\n\n\n\n<p class=\"has-white-color has-black-background-color has-text-color has-background\">Quer saber as not\u00edcias do <strong>Aconteceu no Vale<\/strong> em primeira m\u00e3o? Siga-nos no Facebook <a rel=\"noreferrer noopener\" href=\"http:\/\/facebook.com\/aconteceunovale\" target=\"_blank\">@aconteceunovale<\/a>, Twitter <a rel=\"noreferrer noopener\" href=\"https:\/\/twitter.com\/noticiadosvales\" target=\"_blank\">@noticiadosvales<\/a> e Instagram <a rel=\"noreferrer noopener\" href=\"https:\/\/www.instagram.com\/aconteceunovale\" target=\"_blank\">@aconteceunovale<\/a>.<\/p>\n","protected":false},"excerpt":{"rendered":"<p>BRAS\u00cdLIA &#8211; Os presidentes do Senado, Rodrigo Pacheco (Democratas-MG), e da C\u00e2mara dos Deputados, Arthur Lira (PP-AL), entregaram, na manh\u00e3 desta quarta-feira (3\/2\/2021), ao presidente da Rep\u00fablica, Jair Bolsonaro, uma declara\u00e7\u00e3o conjunta onde solicitam a\u00e7\u00f5es emergenciais de enfrentamento \u00e0 pandemia da covid-19, como o acesso pela popula\u00e7\u00e3o \u00e0s vacinas, e medidas de recupera\u00e7\u00e3o econ\u00f4mica. \u201cO [&hellip;]<\/p>\n","protected":false},"author":4,"featured_media":173329,"comment_status":"open","ping_status":"closed","sticky":false,"template":"","format":"standard","meta":{"amp_status":"","footnotes":""},"categories":[6,40240],"tags":[236388,235961,100375,4606,20922,236387,236386,236389,26436,236385,236384,236383,199969,138051,41221,21938],"class_list":["post-173328","post","type-post","status-publish","format-standard","has-post-thumbnail","hentry","category-br","category-politica-2","tag-acesso-a-vacinas","tag-arthur-lira","tag-bolsonaro","tag-brasilia","tag-camara-dos-deputados","tag-encontro-entre-bolsonaro-e-lira","tag-encontro-entre-bolsonaro-e-pacheco","tag-enfrentamento-a-pandemia-da-covid-19","tag-jair-bolsonaro","tag-lira","tag-pacheco","tag-pacheco-e-lira-pedem-a-bolsonaro-agilidade-no-acesso-a-vacinas-e-acoes-de-recuperacao-economica","tag-planalto","tag-recuperacao-economica","tag-rodrigo-pacheco","tag-senado"],"_links":{"self":[{"href":"https:\/\/aconteceunovale.com.br\/portal\/index.php?rest_route=\/wp\/v2\/posts\/173328","targetHints":{"allow":["GET"]}}],"collection":[{"href":"https:\/\/aconteceunovale.com.br\/portal\/index.php?rest_route=\/wp\/v2\/posts"}],"about":[{"href":"https:\/\/aconteceunovale.com.br\/portal\/index.php?rest_route=\/wp\/v2\/types\/post"}],"author":[{"embeddable":true,"href":"https:\/\/aconteceunovale.com.br\/portal\/index.php?rest_route=\/wp\/v2\/users\/4"}],"replies":[{"embeddable":true,"href":"https:\/\/aconteceunovale.com.br\/portal\/index.php?rest_route=%2Fwp%2Fv2%2Fcomments&post=173328"}],"version-history":[{"count":1,"href":"https:\/\/aconteceunovale.com.br\/portal\/index.php?rest_route=\/wp\/v2\/posts\/173328\/revisions"}],"predecessor-version":[{"id":173330,"href":"https:\/\/aconteceunovale.com.br\/portal\/index.php?rest_route=\/wp\/v2\/posts\/173328\/revisions\/173330"}],"wp:featuredmedia":[{"embeddable":true,"href":"https:\/\/aconteceunovale.com.br\/portal\/index.php?rest_route=\/wp\/v2\/media\/173329"}],"wp:attachment":[{"href":"https:\/\/aconteceunovale.com.br\/portal\/index.php?rest_route=%2Fwp%2Fv2%2Fmedia&parent=173328"}],"wp:term":[{"taxonomy":"category","embeddable":true,"href":"https:\/\/aconteceunovale.com.br\/portal\/index.php?rest_route=%2Fwp%2Fv2%2Fcategories&post=173328"},{"taxonomy":"post_tag","embeddable":true,"href":"https:\/\/aconteceunovale.com.br\/portal\/index.php?rest_route=%2Fwp%2Fv2%2Ftags&post=173328"}],"curies":[{"name":"wp","href":"https:\/\/api.w.org\/{rel}","templated":true}]}}