{"id":173325,"date":"2021-02-03T12:12:22","date_gmt":"2021-02-03T15:12:22","guid":{"rendered":"https:\/\/aconteceunovale.com.br\/portal\/?p=173325"},"modified":"2021-02-03T12:12:37","modified_gmt":"2021-02-03T15:12:37","slug":"presidente-dos-estados-unidos-pede-revisao-de-politicas-de-imigracao-e-tenta-reunir-familias","status":"publish","type":"post","link":"https:\/\/aconteceunovale.com.br\/portal\/?p=173325","title":{"rendered":"Presidente dos Estados Unidos pede revis\u00e3o de pol\u00edticas de imigra\u00e7\u00e3o e tenta reunir fam\u00edlias"},"content":{"rendered":"\n<p>O presidente dos Estados Unidos, Joe Biden, assinou tr\u00eas ordens executivas com o objetivo de reunir fam\u00edlias separadas durante a administra\u00e7\u00e3o Trump e fazer&nbsp;uma revis\u00e3o profunda das pol\u00edticas de imigra\u00e7\u00e3o do antecessor.<img decoding=\"async\" src=\"https:\/\/agenciabrasil.ebc.com.br\/ebc.png?id=1400414&amp;o=node\"><img decoding=\"async\" src=\"https:\/\/agenciabrasil.ebc.com.br\/ebc.gif?id=1400414&amp;o=node\"><\/p>\n\n\n\n<p>Ao tentar impedir a imigra\u00e7\u00e3o ilegal, o ex-presidente Donald Trump determinou&nbsp;a separa\u00e7\u00e3o de adultos sem documentos&nbsp;de crian\u00e7as, na fronteira entre os Estados Unidos e o M\u00e9xico. Entre 2017 e 2018,&nbsp;pelo menos 5.500 crian\u00e7as foram separadas dos adultos com que viajavam, numa pol\u00edtica de \u201ctoler\u00e2ncia zero<\/p>\n\n\n\n<p>Ainda que a pol\u00edtica de separa\u00e7\u00e3o tenha sido&nbsp;anulada em junho de 2018, ap\u00f3s a divulga\u00e7\u00e3o de&nbsp;imagens de crian\u00e7as colocadas em gaiolas&nbsp;depois de terem sido separadas \u00e0 for\u00e7a dos seus pais,&nbsp;h\u00e1 mais de 600 crian\u00e7as que continuam em territ\u00f3rio norte-americano, em centros de menores ou em fam\u00edlias de acolhimento, uma vez que as fam\u00edlias ou os pais n\u00e3o foram localizados.<\/p>\n\n\n\n<p>At\u00e9 agora, muitos dos adultos acusados de entrarem ilegalmente do pa\u00eds foram julgados pela via penal e outros foram repatriados, sem que as respectivas fam\u00edlias fossem reunificadas.<\/p>\n\n\n\n<p>Agora, as ordens executivas de Joe Biden v\u00e3o tentar reunificar essas crian\u00e7as que continuam separadas das suas fam\u00edlias. Tamb\u00e9m a administra\u00e7\u00e3o democrata do ex-presidente Barack Obama \u2013 em que Joe Biden atuou como vice-presidente \u2013 foi respons\u00e1vel pela separa\u00e7\u00e3o de adultos e crian\u00e7as ao longo da fronteira, ainda que mais raramente e em menor quantidade.<\/p>\n\n\n\n<p>A ordem executiva assinada tem como objetivo&nbsp;criar uma for\u00e7a tarefa&nbsp;que vai supervisionar a reunifica\u00e7\u00e3o de fam\u00edlias, sob a lideran\u00e7a do rec\u00e9m-confirmado secret\u00e1rio de Seguran\u00e7a Interna, Alejandro Mayorkas, o primeiro latino-americano e imigrante a ocupar o cargo.<\/p>\n\n\n\n<p>Joe Biden quer que a&nbsp;Interagency Task Force on the Reunification of Families&nbsp;limpe a mancha na reputa\u00e7\u00e3o do pa\u00eds pelo que essas separa\u00e7\u00f5es causaram.<\/p>\n\n\n\n<p>\u201cVamos trabalhar para desfazer a vergonha moral e nacional da anterior administra\u00e7\u00e3o que, literalmente, arrancou as crian\u00e7as dos bra\u00e7os das suas fam\u00edlias, dos pais e das m\u00e3es\u00a0na fronteira, sem qualquer plano de os reunificar com as crian\u00e7as\u201d,\u00a0afirmou Joe Biden\u00a0ao assinar a ordem executiva espec\u00edfica sobre a equipe\u00a0que vai trabalhar para reunir as fam\u00edlias.<\/p>\n\n\n\n<figure class=\"wp-block-gallery columns-1 is-cropped wp-block-gallery-1 is-layout-flex wp-block-gallery-is-layout-flex\"><ul class=\"blocks-gallery-grid\"><li class=\"blocks-gallery-item\"><figure><img loading=\"lazy\" decoding=\"async\" width=\"675\" height=\"450\" src=\"https:\/\/aconteceunovale.com.br\/portal\/wp-content\/uploads\/2021\/02\/biden.jpg\" alt=\"\" data-id=\"173326\" data-full-url=\"https:\/\/aconteceunovale.com.br\/portal\/wp-content\/uploads\/2021\/02\/biden.jpg\" data-link=\"https:\/\/aconteceunovale.com.br\/portal\/?attachment_id=173326\" class=\"wp-image-173326\" srcset=\"https:\/\/aconteceunovale.com.br\/portal\/wp-content\/uploads\/2021\/02\/biden.jpg 675w, https:\/\/aconteceunovale.com.br\/portal\/wp-content\/uploads\/2021\/02\/biden-300x200.jpg 300w, https:\/\/aconteceunovale.com.br\/portal\/wp-content\/uploads\/2021\/02\/biden-630x420.jpg 630w\" sizes=\"auto, (max-width: 675px) 100vw, 675px\" \/><figcaption class=\"blocks-gallery-item__caption\"><em>Joe Biden (Foto: Reprodu\u00e7\u00e3o \/ P\u00e1gina <a rel=\"noreferrer noopener\" href=\"https:\/\/www.facebook.com\/POTUS\/?__tn__=-UC*F\" target=\"_blank\">President Joe Biden<\/a>)<\/em><\/figcaption><\/figure><\/li><\/ul><\/figure>\n\n\n\n<h2 class=\"wp-block-heading\">Revis\u00e3o<\/h2>\n\n\n\n<p>As outras duas ordens executivas, assinadas tamb\u00e9m nessa&nbsp;ter\u00e7a-feira (2), determinam a revis\u00e3o profunda das pol\u00edticas de imigra\u00e7\u00e3o adotadas por Donald Trump, que reduziram a concess\u00e3o de asilo, desaceleraram a imigra\u00e7\u00e3o legal para o pa\u00eds e cancelaram o financiamento para outros pa\u00edses, de onde chega&nbsp;grande parte desses migrantes.&nbsp;<\/p>\n\n\n\n<p>Joe Biden pretende, com as novas pol\u00edticas de imigra\u00e7\u00e3o,&nbsp;facilitar a regulariza\u00e7\u00e3o da situa\u00e7\u00e3o de cerca de 11 milh\u00f5es de imigrantes sem documentos que vivem no pa\u00eds.&nbsp;A nova administra\u00e7\u00e3o manifesta preocupa\u00e7\u00e3o ainda&nbsp;com a situa\u00e7\u00e3o dos&nbsp;<em>dreamers<\/em>&nbsp;(sonhadores), imigrantes que foram levados para os Estados Unidos pelos pais quando eram menores de idade.<\/p>\n\n\n\n<p>O presidente quer&nbsp;tamb\u00e9m a&nbsp;&#8220;revis\u00e3o de cima para baixo dos recentes regulamentos, pol\u00edticas ou diretrizes que ergueram barreiras ao sistema de imigra\u00e7\u00e3o legal\u201d dos EUA.<\/p>\n\n\n\n<p>Uma das medidas a ser revista com urg\u00eancia \u00e9 da&nbsp;\u201cregra da cobran\u00e7a p\u00fablica\u201d, implementada em agosto de 2019, que prev\u00ea a rejei\u00e7\u00e3o de um visto de resid\u00eancia permanente ou de cidadania a quem recebe algum tipo de assist\u00eancia social, o que \u00e9 na pr\u00e1tica um&nbsp;\u2018teste de riqueza\u2019&nbsp;para os imigrantes.<\/p>\n\n\n\n<p>O novo presidente norte-americano, na Casa Branca h\u00e1 precisamente duas semanas, pretende trabalhar com alguns dos pa\u00edses vizinhos da Am\u00e9rica Central\u00a0para ajudar a resolver os problemas socioecon\u00f4micos locais que levam muitas fam\u00edlias a procurar imigrar. O apoio a esses pa\u00edses foi suspenso durante o mandato de Donald Trump.<\/p>\n\n\n\n<p class=\"has-white-color has-black-background-color has-text-color has-background\">Quer saber as not\u00edcias do <strong>Aconteceu no Vale<\/strong> em primeira m\u00e3o? Siga-nos no Facebook <a rel=\"noreferrer noopener\" href=\"http:\/\/facebook.com\/aconteceunovale\" target=\"_blank\">@aconteceunovale<\/a>, Twitter <a rel=\"noreferrer noopener\" href=\"https:\/\/twitter.com\/noticiadosvales\" target=\"_blank\">@noticiadosvales<\/a> e Instagram <a rel=\"noreferrer noopener\" href=\"https:\/\/www.instagram.com\/aconteceunovale\" target=\"_blank\">@aconteceunovale<\/a>.<\/p>\n","protected":false},"excerpt":{"rendered":"<p>O presidente dos Estados Unidos, Joe Biden, assinou tr\u00eas ordens executivas com o objetivo de reunir fam\u00edlias separadas durante a administra\u00e7\u00e3o Trump e fazer&nbsp;uma revis\u00e3o profunda das pol\u00edticas de imigra\u00e7\u00e3o do antecessor. Ao tentar impedir a imigra\u00e7\u00e3o ilegal, o ex-presidente Donald Trump determinou&nbsp;a separa\u00e7\u00e3o de adultos sem documentos&nbsp;de crian\u00e7as, na fronteira entre os Estados Unidos [&hellip;]<\/p>\n","protected":false},"author":4,"featured_media":173326,"comment_status":"open","ping_status":"closed","sticky":false,"template":"","format":"standard","meta":{"amp_status":"","footnotes":""},"categories":[28848,40240],"tags":[15836,230108,79020,236378,236380,236382,9115,236379,236377,15835,236375,119699,236381,236376],"class_list":["post-173325","post","type-post","status-publish","format-standard","has-post-thumbnail","hentry","category-mundo","category-politica-2","tag-barack-obama","tag-biden","tag-donald-trump","tag-imigracao-estados-unidos","tag-imigracao-eua","tag-interagency-task-force-on-the-reunification-of-families","tag-joe-biden","tag-policias-de-imigracao-eua","tag-politicas-de-imigracao-nos-estados-unidos","tag-presidente-dos-estados-unidos","tag-presidente-dos-estados-unidos-pede-revisao-de-politicas-de-imigracao-e-tenta-reunir-familias","tag-presidente-dos-eua","tag-reuniao-de-familias-afastadas-por-trump","tag-revisao-de-politicas-de-imigracao-nos-estados-unidos"],"_links":{"self":[{"href":"https:\/\/aconteceunovale.com.br\/portal\/index.php?rest_route=\/wp\/v2\/posts\/173325","targetHints":{"allow":["GET"]}}],"collection":[{"href":"https:\/\/aconteceunovale.com.br\/portal\/index.php?rest_route=\/wp\/v2\/posts"}],"about":[{"href":"https:\/\/aconteceunovale.com.br\/portal\/index.php?rest_route=\/wp\/v2\/types\/post"}],"author":[{"embeddable":true,"href":"https:\/\/aconteceunovale.com.br\/portal\/index.php?rest_route=\/wp\/v2\/users\/4"}],"replies":[{"embeddable":true,"href":"https:\/\/aconteceunovale.com.br\/portal\/index.php?rest_route=%2Fwp%2Fv2%2Fcomments&post=173325"}],"version-history":[{"count":1,"href":"https:\/\/aconteceunovale.com.br\/portal\/index.php?rest_route=\/wp\/v2\/posts\/173325\/revisions"}],"predecessor-version":[{"id":173327,"href":"https:\/\/aconteceunovale.com.br\/portal\/index.php?rest_route=\/wp\/v2\/posts\/173325\/revisions\/173327"}],"wp:featuredmedia":[{"embeddable":true,"href":"https:\/\/aconteceunovale.com.br\/portal\/index.php?rest_route=\/wp\/v2\/media\/173326"}],"wp:attachment":[{"href":"https:\/\/aconteceunovale.com.br\/portal\/index.php?rest_route=%2Fwp%2Fv2%2Fmedia&parent=173325"}],"wp:term":[{"taxonomy":"category","embeddable":true,"href":"https:\/\/aconteceunovale.com.br\/portal\/index.php?rest_route=%2Fwp%2Fv2%2Fcategories&post=173325"},{"taxonomy":"post_tag","embeddable":true,"href":"https:\/\/aconteceunovale.com.br\/portal\/index.php?rest_route=%2Fwp%2Fv2%2Ftags&post=173325"}],"curies":[{"name":"wp","href":"https:\/\/api.w.org\/{rel}","templated":true}]}}