{"id":17327,"date":"2014-01-01T14:17:24","date_gmt":"2014-01-01T16:17:24","guid":{"rendered":"http:\/\/aconteceunovale.com.br\/portal\/?p=17327"},"modified":"2014-01-01T14:21:10","modified_gmt":"2014-01-01T16:21:10","slug":"temporais-ja-mataram-22-pessoas-e-atingiram-mais-de-100-cidades-em-minas","status":"publish","type":"post","link":"https:\/\/aconteceunovale.com.br\/portal\/?p=17327","title":{"rendered":"Temporais j\u00e1 mataram 22 pessoas e atingiram mais de 100 cidades em Minas"},"content":{"rendered":"<p>Cinquenta e nove munic\u00edpios decretaram situa\u00e7\u00e3o de emerg\u00eancia por causa das chuvas em Minas Gerais e outros 44 foram atingidos por temporais em todo o Estado. Al\u00e9m disso, um munic\u00edpio decretou estado de calamidade p\u00fablica, totalizando 60, em situa\u00e7\u00e3o emergencial. As informa\u00e7\u00f5es foram divulgadas em boletim pela Coordenadoria Estadual de Defesa Civil (Cedec), na manh\u00e3 desta quarta-feira (1\u00ba).<\/p>\n<p>Segundo o documento, j\u00e1 s\u00e3o 22 pessoas mortas devido \u00e0s chuvas e 150 feridos. Al\u00e9m disso, 9.205 pessoas ficaram desalojadas e 3.015 desabrigadas. Um total de 7.729 casas foram danificadas e 253 destru\u00eddas.<\/p>\n<p>Mortes O primeiro caso de \u00f3bito foi registrado no dia 4 de outubro, em Astolfo Dutra, em que um homem de 22 anos foi atingido por uma descarga atmosf\u00e9rica quando trabalhava em uma \u00e1rea rural. A v\u00edtima foi encaminhada ao Hospital Olinto Almada, mas j\u00e1 chegou ao local sem sinais vitais.<\/p>\n<p>Um dos piores casos foi registrado em Sardo\u00e1, no Vale do Rio Doce: naquela cidade, seis pessoas de uma mesma fam\u00edlia morreram soterrados ap\u00f3s um deslizamento de terra, no dia 17 de dezembro.<\/p>\n<p>Em Virgol\u00e2ndia, na mesma regi\u00e3o, a enxurrada e deslizamentos causaram a morte de tr\u00eas homens, de 31, 36 e 66 anos, no dia 26 de dezembro.<\/p>\n<p><img decoding=\"async\" src=\"http:\/\/aconteceunovale.com.br\/portal\/wp-content\/uploads\/2013\/12\/168.jpg\" alt=\"\" \/><br \/>\n<em>Enchente no Rio Palmital matou tr\u00eas pessoas em Virgol\u00e2ndia.<\/em><\/p>\n","protected":false},"excerpt":{"rendered":"<p>Cinquenta e nove munic\u00edpios decretaram situa\u00e7\u00e3o de emerg\u00eancia por causa das chuvas em Minas Gerais e outros 44 foram atingidos por temporais em todo o Estado. Al\u00e9m disso, um munic\u00edpio decretou estado de calamidade p\u00fablica, totalizando 60, em situa\u00e7\u00e3o emergencial. As informa\u00e7\u00f5es foram divulgadas em boletim pela Coordenadoria Estadual de Defesa Civil (Cedec), na manh\u00e3 [&hellip;]<\/p>\n","protected":false},"author":1,"featured_media":0,"comment_status":"open","ping_status":"closed","sticky":false,"template":"","format":"standard","meta":{"amp_status":"","footnotes":""},"categories":[123],"tags":[325,2348,333],"class_list":["post-17327","post","type-post","status-publish","format-standard","hentry","category-gerais","tag-sardoa","tag-temporais-ja-mataram-22-pessoas-e-atingiram-mais-de-100-cidades-em-minas","tag-virgolandia"],"_links":{"self":[{"href":"https:\/\/aconteceunovale.com.br\/portal\/index.php?rest_route=\/wp\/v2\/posts\/17327","targetHints":{"allow":["GET"]}}],"collection":[{"href":"https:\/\/aconteceunovale.com.br\/portal\/index.php?rest_route=\/wp\/v2\/posts"}],"about":[{"href":"https:\/\/aconteceunovale.com.br\/portal\/index.php?rest_route=\/wp\/v2\/types\/post"}],"author":[{"embeddable":true,"href":"https:\/\/aconteceunovale.com.br\/portal\/index.php?rest_route=\/wp\/v2\/users\/1"}],"replies":[{"embeddable":true,"href":"https:\/\/aconteceunovale.com.br\/portal\/index.php?rest_route=%2Fwp%2Fv2%2Fcomments&post=17327"}],"version-history":[{"count":0,"href":"https:\/\/aconteceunovale.com.br\/portal\/index.php?rest_route=\/wp\/v2\/posts\/17327\/revisions"}],"wp:attachment":[{"href":"https:\/\/aconteceunovale.com.br\/portal\/index.php?rest_route=%2Fwp%2Fv2%2Fmedia&parent=17327"}],"wp:term":[{"taxonomy":"category","embeddable":true,"href":"https:\/\/aconteceunovale.com.br\/portal\/index.php?rest_route=%2Fwp%2Fv2%2Fcategories&post=17327"},{"taxonomy":"post_tag","embeddable":true,"href":"https:\/\/aconteceunovale.com.br\/portal\/index.php?rest_route=%2Fwp%2Fv2%2Ftags&post=17327"}],"curies":[{"name":"wp","href":"https:\/\/api.w.org\/{rel}","templated":true}]}}