{"id":173241,"date":"2021-02-02T11:09:15","date_gmt":"2021-02-02T14:09:15","guid":{"rendered":"https:\/\/aconteceunovale.com.br\/portal\/?p=173241"},"modified":"2021-02-02T11:10:44","modified_gmt":"2021-02-02T14:10:44","slug":"policia-federal-investiga-uso-de-aeronaves-da-forca-aerea-para-trafico-de-drogas","status":"publish","type":"post","link":"https:\/\/aconteceunovale.com.br\/portal\/?p=173241","title":{"rendered":"Pol\u00edcia Federal investiga uso de aeronaves da For\u00e7a A\u00e9rea para tr\u00e1fico de drogas"},"content":{"rendered":"\n<p>A Pol\u00edcia Federal (PF) deflagrou hoje (2\/2\/2021) a Opera\u00e7\u00e3o Quinta Coluna, com o objetivo de avan\u00e7ar nas investiga\u00e7\u00f5es sobre uma <em>\u201cassocia\u00e7\u00e3o criminosa que se utilizou de aeronaves da For\u00e7a A\u00e9rea Brasileira (FAB) para remeter drogas para a Espanha\u201d<\/em>. De acordo com a PF, as investiga\u00e7\u00f5es abrangem tamb\u00e9m a <em>\u201clavagem de ativos\u201d<\/em> que teriam sido obtidos por meio dessa pr\u00e1tica criminosa.<img decoding=\"async\" src=\"https:\/\/agenciabrasil.ebc.com.br\/ebc.png?id=1400312&amp;o=node\"><img decoding=\"async\" src=\"https:\/\/agenciabrasil.ebc.com.br\/ebc.gif?id=1400312&amp;o=node\"><\/p>\n\n\n\n<p>Em nota, a PF informa estar cumprindo 15 mandados de busca e apreens\u00e3o, al\u00e9m de dois outros mandados que <em>\u201crestringem a comunica\u00e7\u00e3o dos investigados e a sa\u00edda do Distrito Federal\u201d<\/em>. Ainda segundo a PF, foi determinado, pela Justi\u00e7a Federal do Distrito Federal, o sequestro de im\u00f3veis e de ve\u00edculos dos envolvidos nesse esquema criminoso.<\/p>\n\n\n\n<p><em>\u201cAs investiga\u00e7\u00f5es demonstram que, al\u00e9m do sargento preso na cidade de Sevilha, na Espanha, outras pessoas se associaram ao militar, de forma est\u00e1vel e permanente, para a pr\u00e1tica do crime de tr\u00e1fico il\u00edcito de drogas, tendo sido apresentados \u00e0 Justi\u00e7a elementos que indicam pelo menos mais uma remessa de entorpecente para Espanha\u201d<\/em>, diz a nota da PF.<\/p>\n\n\n\n<p>Sobre o crime de lavagem de dinheiro, as investiga\u00e7\u00f5es apontam <em>\u201cdiversas estrat\u00e9gias do grupo criminoso para ocultar os bens provenientes do tr\u00e1fico de entorpecentes, especialmente a aquisi\u00e7\u00e3o de ve\u00edculos e im\u00f3veis com pagamentos de altos valores em esp\u00e9cie\u201d.<\/em><\/p>\n\n\n\n<p>A FAB informou, em nota enviada \u00e0 Ag\u00eancia Brasil, j\u00e1 ter instaurado um inqu\u00e9rito policial militar para apurar o caso do sargento detido no aeroporto de Sevilha, na Espanha, em 25 de junho de 2019, e que este <em>\u201cfoi conclu\u00eddo dentro do prazo\u201d. \u201cOs autos foram encaminhados para a Auditoria Militar competente, que enviou para o Minist\u00e9rio P\u00fablico Militar, a quem coube oferecer a den\u00fancia, estando a a\u00e7\u00e3o penal em curso, conforme determina o C\u00f3digo Processo Penal Militar\u201d<\/em>, informou a FAB por meio de seu Centro de Comunica\u00e7\u00e3o Social.<\/p>\n\n\n\n<p><em>\u201cA For\u00e7a A\u00e9rea Brasileira e a Pol\u00edcia Federal atuaram conjuntamente desde o in\u00edcio das investiga\u00e7\u00f5es e, na data de hoje, militares apoiaram o cumprimento de dilig\u00eancias necess\u00e1rias ao prosseguimento da investiga\u00e7\u00e3o de crimes de compet\u00eancia daquela for\u00e7a policial\u201d<\/em>, complementa a nota.<\/p>\n\n\n\n<figure class=\"wp-block-gallery columns-1 is-cropped wp-block-gallery-1 is-layout-flex wp-block-gallery-is-layout-flex\"><ul class=\"blocks-gallery-grid\"><li class=\"blocks-gallery-item\"><figure><img loading=\"lazy\" decoding=\"async\" width=\"632\" height=\"450\" src=\"https:\/\/aconteceunovale.com.br\/portal\/wp-content\/uploads\/2021\/02\/droga_espanha.png\" alt=\"\" data-id=\"173242\" data-full-url=\"https:\/\/aconteceunovale.com.br\/portal\/wp-content\/uploads\/2021\/02\/droga_espanha.png\" data-link=\"https:\/\/aconteceunovale.com.br\/portal\/?attachment_id=173242\" class=\"wp-image-173242\" srcset=\"https:\/\/aconteceunovale.com.br\/portal\/wp-content\/uploads\/2021\/02\/droga_espanha.png 632w, https:\/\/aconteceunovale.com.br\/portal\/wp-content\/uploads\/2021\/02\/droga_espanha-300x214.png 300w, https:\/\/aconteceunovale.com.br\/portal\/wp-content\/uploads\/2021\/02\/droga_espanha-100x70.png 100w, https:\/\/aconteceunovale.com.br\/portal\/wp-content\/uploads\/2021\/02\/droga_espanha-590x420.png 590w\" sizes=\"auto, (max-width: 632px) 100vw, 632px\" \/><figcaption class=\"blocks-gallery-item__caption\"><em>Droga apreendida com militar brasileiro (Foto: Divulga\u00e7\u00e3o\/Guarda Civil da Espanha)<\/em><\/figcaption><\/figure><\/li><\/ul><\/figure>\n\n\n\n<p class=\"has-white-color has-black-background-color has-text-color has-background\">Quer saber as not\u00edcias do <strong>Aconteceu no Vale<\/strong> em primeira m\u00e3o? Siga-nos no Facebook <a rel=\"noreferrer noopener\" href=\"http:\/\/facebook.com\/aconteceunovale\" target=\"_blank\">@aconteceunovale<\/a>, Twitter <a rel=\"noreferrer noopener\" href=\"https:\/\/twitter.com\/noticiadosvales\" target=\"_blank\">@noticiadosvales<\/a> e Instagram <a rel=\"noreferrer noopener\" href=\"https:\/\/www.instagram.com\/aconteceunovale\" target=\"_blank\">@aconteceunovale<\/a>.<\/p>\n","protected":false},"excerpt":{"rendered":"<p>A Pol\u00edcia Federal (PF) deflagrou hoje (2\/2\/2021) a Opera\u00e7\u00e3o Quinta Coluna, com o objetivo de avan\u00e7ar nas investiga\u00e7\u00f5es sobre uma \u201cassocia\u00e7\u00e3o criminosa que se utilizou de aeronaves da For\u00e7a A\u00e9rea Brasileira (FAB) para remeter drogas para a Espanha\u201d. De acordo com a PF, as investiga\u00e7\u00f5es abrangem tamb\u00e9m a \u201clavagem de ativos\u201d que teriam sido obtidos [&hellip;]<\/p>\n","protected":false},"author":4,"featured_media":173242,"comment_status":"open","ping_status":"closed","sticky":false,"template":"","format":"standard","meta":{"amp_status":"","footnotes":""},"categories":[6,28848],"tags":[236203,236204,236207,19785,32296,236209,236205,20966,772,236206,236208],"class_list":{"0":"post-173241","1":"post","2":"type-post","3":"status-publish","4":"format-standard","5":"has-post-thumbnail","6":"hentry","7":"category-br","8":"category-mundo","9":"tag-droga-em-aviao-da-fab","10":"tag-droga-em-aviao-da-forca-aerea-brasileira","12":"tag-fab","13":"tag-forca-aerea-brasileira","15":"tag-operacao-quinta-coluna","16":"tag-pf","17":"tag-policia-federal"},"_links":{"self":[{"href":"https:\/\/aconteceunovale.com.br\/portal\/index.php?rest_route=\/wp\/v2\/posts\/173241","targetHints":{"allow":["GET"]}}],"collection":[{"href":"https:\/\/aconteceunovale.com.br\/portal\/index.php?rest_route=\/wp\/v2\/posts"}],"about":[{"href":"https:\/\/aconteceunovale.com.br\/portal\/index.php?rest_route=\/wp\/v2\/types\/post"}],"author":[{"embeddable":true,"href":"https:\/\/aconteceunovale.com.br\/portal\/index.php?rest_route=\/wp\/v2\/users\/4"}],"replies":[{"embeddable":true,"href":"https:\/\/aconteceunovale.com.br\/portal\/index.php?rest_route=%2Fwp%2Fv2%2Fcomments&post=173241"}],"version-history":[{"count":1,"href":"https:\/\/aconteceunovale.com.br\/portal\/index.php?rest_route=\/wp\/v2\/posts\/173241\/revisions"}],"predecessor-version":[{"id":173243,"href":"https:\/\/aconteceunovale.com.br\/portal\/index.php?rest_route=\/wp\/v2\/posts\/173241\/revisions\/173243"}],"wp:featuredmedia":[{"embeddable":true,"href":"https:\/\/aconteceunovale.com.br\/portal\/index.php?rest_route=\/wp\/v2\/media\/173242"}],"wp:attachment":[{"href":"https:\/\/aconteceunovale.com.br\/portal\/index.php?rest_route=%2Fwp%2Fv2%2Fmedia&parent=173241"}],"wp:term":[{"taxonomy":"category","embeddable":true,"href":"https:\/\/aconteceunovale.com.br\/portal\/index.php?rest_route=%2Fwp%2Fv2%2Fcategories&post=173241"},{"taxonomy":"post_tag","embeddable":true,"href":"https:\/\/aconteceunovale.com.br\/portal\/index.php?rest_route=%2Fwp%2Fv2%2Ftags&post=173241"}],"curies":[{"name":"wp","href":"https:\/\/api.w.org\/{rel}","templated":true}]}}