{"id":17324,"date":"2014-01-01T14:09:50","date_gmt":"2014-01-01T16:09:50","guid":{"rendered":"http:\/\/aconteceunovale.com.br\/portal\/?p=17324"},"modified":"2014-01-01T14:09:50","modified_gmt":"2014-01-01T16:09:50","slug":"ipi-para-eletrodomesticos-da-linha-branca-nao-tem-data-para-mudar","status":"publish","type":"post","link":"https:\/\/aconteceunovale.com.br\/portal\/?p=17324","title":{"rendered":"IPI para eletrodom\u00e9sticos da linha branca n\u00e3o tem data para mudar"},"content":{"rendered":"<p>As al\u00edquotas atuais do Imposto sobre Produtos Industrializados (IPI) para eletrodom\u00e9sticos da linha branca v\u00e3o continuar a valer, sem data prevista de mudan\u00e7a, informou ontem (31) o Minist\u00e9rio da Fazenda. <\/p>\n<p>De acordo com o minist\u00e9rio, quando as novas al\u00edquotas foram anunciadas, em outubro, j\u00e1 n\u00e3o havia previs\u00e3o de t\u00e9rmino da medida para eletrodom\u00e9sticos da linha branca.<\/p>\n<p>Na semana passada, o governo anunciou a mudan\u00e7a na al\u00edquota do IPI para m\u00f3veis de 3,5%, v\u00e1lida at\u00e9 31 de dezembro, para 4%, a partir de 1\u00ba de janeiro. Tamb\u00e9m foram anunciadas mudan\u00e7as nas al\u00edquotas do IPI sobre autom\u00f3veis.<\/p>\n<p>Com isso, a al\u00edquota do fog\u00e3o continua em 4%; da geladeira, em 10%; do tanquinho, em 5% e da m\u00e1quina de lavar, em 10%, como anunciado em outubro pelo governo. <\/p>\n<p>Originalmente, o IPI da linha branca correspondia a 4% para os fog\u00f5es, 10% para os tanquinhos, 15% para as geladeiras e 20% para as m\u00e1quinas de lavar. Em abril de 2009, as al\u00edquotas foram reduzidas, mas voltaram ao normal em fevereiro de 2010. Em dezembro de 2011, a linha branca teve nova desonera\u00e7\u00e3o. Os m\u00f3veis e pain\u00e9is pagavam originalmente 10% de IPI e estavam com a tributa\u00e7\u00e3o reduzida desde novembro de 2009. <\/p>\n<p>As al\u00edquotas foram diminu\u00eddas e est\u00e3o sendo gradualmente recompostas desde fevereiro deste ano. Ao reduzir as al\u00edquotas, o objetivo do governo era estimular setores diante da crise econ\u00f4mica mundial.<\/p>\n<p><img decoding=\"async\" src=\"http:\/\/aconteceunovale.com.br\/portal\/wp-content\/uploads\/2014\/01\/ipi_linha_branca.jpg\" alt=\"\" \/><\/p>\n","protected":false},"excerpt":{"rendered":"<p>As al\u00edquotas atuais do Imposto sobre Produtos Industrializados (IPI) para eletrodom\u00e9sticos da linha branca v\u00e3o continuar a valer, sem data prevista de mudan\u00e7a, informou ontem (31) o Minist\u00e9rio da Fazenda. De acordo com o minist\u00e9rio, quando as novas al\u00edquotas foram anunciadas, em outubro, j\u00e1 n\u00e3o havia previs\u00e3o de t\u00e9rmino da medida para eletrodom\u00e9sticos da linha [&hellip;]<\/p>\n","protected":false},"author":1,"featured_media":0,"comment_status":"open","ping_status":"closed","sticky":false,"template":"","format":"standard","meta":{"amp_status":"","footnotes":""},"categories":[6],"tags":[2347],"class_list":["post-17324","post","type-post","status-publish","format-standard","hentry","category-br","tag-ipi-para-eletrodomesticos-da-linha-branca-nao-tem-data-para-mudar"],"_links":{"self":[{"href":"https:\/\/aconteceunovale.com.br\/portal\/index.php?rest_route=\/wp\/v2\/posts\/17324","targetHints":{"allow":["GET"]}}],"collection":[{"href":"https:\/\/aconteceunovale.com.br\/portal\/index.php?rest_route=\/wp\/v2\/posts"}],"about":[{"href":"https:\/\/aconteceunovale.com.br\/portal\/index.php?rest_route=\/wp\/v2\/types\/post"}],"author":[{"embeddable":true,"href":"https:\/\/aconteceunovale.com.br\/portal\/index.php?rest_route=\/wp\/v2\/users\/1"}],"replies":[{"embeddable":true,"href":"https:\/\/aconteceunovale.com.br\/portal\/index.php?rest_route=%2Fwp%2Fv2%2Fcomments&post=17324"}],"version-history":[{"count":0,"href":"https:\/\/aconteceunovale.com.br\/portal\/index.php?rest_route=\/wp\/v2\/posts\/17324\/revisions"}],"wp:attachment":[{"href":"https:\/\/aconteceunovale.com.br\/portal\/index.php?rest_route=%2Fwp%2Fv2%2Fmedia&parent=17324"}],"wp:term":[{"taxonomy":"category","embeddable":true,"href":"https:\/\/aconteceunovale.com.br\/portal\/index.php?rest_route=%2Fwp%2Fv2%2Fcategories&post=17324"},{"taxonomy":"post_tag","embeddable":true,"href":"https:\/\/aconteceunovale.com.br\/portal\/index.php?rest_route=%2Fwp%2Fv2%2Ftags&post=17324"}],"curies":[{"name":"wp","href":"https:\/\/api.w.org\/{rel}","templated":true}]}}