{"id":173236,"date":"2021-02-02T07:44:54","date_gmt":"2021-02-02T10:44:54","guid":{"rendered":"https:\/\/aconteceunovale.com.br\/portal\/?p=173236"},"modified":"2021-02-02T07:46:39","modified_gmt":"2021-02-02T10:46:39","slug":"parlamentares-de-myanmar-estao-em-prisao-domiciliar","status":"publish","type":"post","link":"https:\/\/aconteceunovale.com.br\/portal\/?p=173236","title":{"rendered":"Parlamentares de Myanmar est\u00e3o em pris\u00e3o domiciliar"},"content":{"rendered":"\n<p>Centenas de deputados de Myanmar (antiga Birm\u00e2nia) est\u00e3o retidos em uma resid\u00eancia do governo na capital, um dia depois do golpe de Estado conduzido por militares e da deten\u00e7\u00e3o da l\u00edder do pa\u00eds, Aung San Suu Kyi.<\/p>\n\n\n\n<p>De acordo com a ag\u00eancia de not\u00edcias Associated Press (AP), cerca de 400 deputados permanecem na resid\u00eancia governamental, impedidos de deixar o edif\u00edcio, em Naypyidaw, capital de Myanmar.<\/p>\n\n\n\n<p>Um dos deputados disse que o edif\u00edcio continua cercado por militares e que h\u00e1 policiais&nbsp;dentro das instala\u00e7\u00f5es.<\/p>\n\n\n\n<p>Segundo o parlamentar, que teme pela sua seguran\u00e7a e pediu anonimato, os pol\u00edticos, a maioria da Liga Nacional para a Democracia (LND), o partido de Aung San Suu Kyi, passaram a noite sem conseguir dormir, com medo de serem presos. &#8220;Tivemos de ficar acordados e em alerta&#8221;.<\/p>\n\n\n\n<p>&#8220;Temos alimentos, mas n\u00e3o podemos sair das instala\u00e7\u00f5es, por causa dos soldados&#8221;, disse tamb\u00e9m uma deputada \u00e0 ag\u00eancia de not\u00edcias France-Presse (AFP).<\/p>\n\n\n\n<p>As deten\u00e7\u00f5es e o golpe de Estado militar ocorreram no mesmo dia em que o Parlamento eleito se preparava para iniciar sua primeira sess\u00e3o.<\/p>\n\n\n\n<p>O partido de Aung San Suu Kyi pediu hoje sua liberta\u00e7\u00e3o imediata, bem como dos pol\u00edticos detidos, denunciando &#8220;uma mancha na hist\u00f3ria do Estado e do Tatmadaw&#8221;, o Ex\u00e9rcito birman\u00eas.<\/p>\n\n\n\n<figure class=\"wp-block-gallery columns-1 is-cropped wp-block-gallery-1 is-layout-flex wp-block-gallery-is-layout-flex\"><ul class=\"blocks-gallery-grid\"><li class=\"blocks-gallery-item\"><figure><img loading=\"lazy\" decoding=\"async\" width=\"678\" height=\"406\" src=\"https:\/\/aconteceunovale.com.br\/portal\/wp-content\/uploads\/2021\/02\/chefe_myamar.jpg\" alt=\"\" data-id=\"173237\" data-full-url=\"https:\/\/aconteceunovale.com.br\/portal\/wp-content\/uploads\/2021\/02\/chefe_myamar.jpg\" data-link=\"https:\/\/aconteceunovale.com.br\/portal\/?attachment_id=173237\" class=\"wp-image-173237\" srcset=\"https:\/\/aconteceunovale.com.br\/portal\/wp-content\/uploads\/2021\/02\/chefe_myamar.jpg 678w, https:\/\/aconteceunovale.com.br\/portal\/wp-content\/uploads\/2021\/02\/chefe_myamar-300x180.jpg 300w\" sizes=\"auto, (max-width: 678px) 100vw, 678px\" \/><figcaption class=\"blocks-gallery-item__caption\"><em>Aung San Suu Kyi &#8211; Reprodu\u00e7\u00e3o Bria Webb<\/em><\/figcaption><\/figure><\/li><\/ul><\/figure>\n\n\n\n<p>O Ex\u00e9rcito de Myanmar declarou nessa&nbsp;segunda-feira (1\u00ba) estado de emerg\u00eancia e assumiu o controle&nbsp;do pa\u00eds durante um ano, ap\u00f3s a deten\u00e7\u00e3o da chefe do governo, Aung San Suu Kyi, do presidente do pa\u00eds, Win Myint, e de outros l\u00edderes governamentais.<\/p>\n\n\n\n<p>Myanmar emergiu h\u00e1 apenas dez&nbsp;anos de um regime militar que estava no poder h\u00e1 quase meio s\u00e9culo.<\/p>\n\n\n\n<p>Para justificar o golpe de Estado, imediatamente condenado pela comunidade internacional, os militares asseguraram que as elei\u00e7\u00f5es legislativas de novembro passado foram marcadas por &#8220;enormes irregularidades&#8221;, o que a Comiss\u00e3o Eleitoral nega.<\/p>\n\n\n\n<p>Os militares evocaram ainda os poderes que lhes s\u00e3o atribu\u00eddos pela Constitui\u00e7\u00e3o, redigida pelo Ex\u00e9rcito, permitindo-lhes assumir o controle&nbsp;do pa\u00eds em caso de emerg\u00eancia nacional.<\/p>\n\n\n\n<p>O partido de Aung San Suu Kyi, que est\u00e1 no poder desde as elei\u00e7\u00f5es de 2015, venceu por larga maioria as elei\u00e7\u00f5es de novembro.<\/p>\n\n\n\n<p>A vit\u00f3ria eleitoral de Suu Kyi, Pr\u00eamio Nobel da Paz 1991, demonstrou sua grande popularidade em Myanmar, apesar da m\u00e1 reputa\u00e7\u00e3o internacional pelas pol\u00edticas contra a minoria rohingya, a quem \u00e9 negada a cidadania e o voto, entre outros direitos.<\/p>\n\n\n\n<p class=\"has-white-color has-black-background-color has-text-color has-background\">Quer saber as not\u00edcias do <strong>Aconteceu no Vale<\/strong> em primeira m\u00e3o? Siga-nos no Facebook <a rel=\"noreferrer noopener\" href=\"http:\/\/facebook.com\/aconteceunovale\" target=\"_blank\">@aconteceunovale<\/a>, Twitter <a rel=\"noreferrer noopener\" href=\"https:\/\/twitter.com\/noticiadosvales\" target=\"_blank\">@noticiadosvales<\/a> e Instagram <a rel=\"noreferrer noopener\" href=\"https:\/\/www.instagram.com\/aconteceunovale\" target=\"_blank\">@aconteceunovale<\/a>.<\/p>\n","protected":false},"excerpt":{"rendered":"<p>Centenas de deputados de Myanmar (antiga Birm\u00e2nia) est\u00e3o retidos em uma resid\u00eancia do governo na capital, um dia depois do golpe de Estado conduzido por militares e da deten\u00e7\u00e3o da l\u00edder do pa\u00eds, Aung San Suu Kyi. De acordo com a ag\u00eancia de not\u00edcias Associated Press (AP), cerca de 400 deputados permanecem na resid\u00eancia governamental, [&hellip;]<\/p>\n","protected":false},"author":4,"featured_media":173237,"comment_status":"open","ping_status":"closed","sticky":false,"template":"","format":"standard","meta":{"amp_status":"","footnotes":""},"categories":[28848,40240],"tags":[236187,236186,236188,236189,236183,236185,236184,76917,236190,236182,236194,236193,236191,236192],"class_list":["post-173236","post","type-post","status-publish","format-standard","has-post-thumbnail","hentry","category-mundo","category-politica-2","tag-aung-san-suu-kyi","tag-birmania","tag-detencao-da-chefe-de-estado-aung-san-suu-kyi","tag-detencao-da-chefe-de-estado-de-myanmar","tag-golpe-de-estado-em-myanmar","tag-golpe-de-estado-militar-em-myanmar","tag-golpe-militar-em-myanmar","tag-myanmar","tag-naypyidaw","tag-parlamentares-de-myanmar-estao-em-prisao-domiciliar","tag-premio-nobel-da-paz-1991","tag-suu-kyi","tag-tatmadaw","tag-win-myint"],"_links":{"self":[{"href":"https:\/\/aconteceunovale.com.br\/portal\/index.php?rest_route=\/wp\/v2\/posts\/173236","targetHints":{"allow":["GET"]}}],"collection":[{"href":"https:\/\/aconteceunovale.com.br\/portal\/index.php?rest_route=\/wp\/v2\/posts"}],"about":[{"href":"https:\/\/aconteceunovale.com.br\/portal\/index.php?rest_route=\/wp\/v2\/types\/post"}],"author":[{"embeddable":true,"href":"https:\/\/aconteceunovale.com.br\/portal\/index.php?rest_route=\/wp\/v2\/users\/4"}],"replies":[{"embeddable":true,"href":"https:\/\/aconteceunovale.com.br\/portal\/index.php?rest_route=%2Fwp%2Fv2%2Fcomments&post=173236"}],"version-history":[{"count":1,"href":"https:\/\/aconteceunovale.com.br\/portal\/index.php?rest_route=\/wp\/v2\/posts\/173236\/revisions"}],"predecessor-version":[{"id":173238,"href":"https:\/\/aconteceunovale.com.br\/portal\/index.php?rest_route=\/wp\/v2\/posts\/173236\/revisions\/173238"}],"wp:featuredmedia":[{"embeddable":true,"href":"https:\/\/aconteceunovale.com.br\/portal\/index.php?rest_route=\/wp\/v2\/media\/173237"}],"wp:attachment":[{"href":"https:\/\/aconteceunovale.com.br\/portal\/index.php?rest_route=%2Fwp%2Fv2%2Fmedia&parent=173236"}],"wp:term":[{"taxonomy":"category","embeddable":true,"href":"https:\/\/aconteceunovale.com.br\/portal\/index.php?rest_route=%2Fwp%2Fv2%2Fcategories&post=173236"},{"taxonomy":"post_tag","embeddable":true,"href":"https:\/\/aconteceunovale.com.br\/portal\/index.php?rest_route=%2Fwp%2Fv2%2Ftags&post=173236"}],"curies":[{"name":"wp","href":"https:\/\/api.w.org\/{rel}","templated":true}]}}