{"id":17321,"date":"2014-01-01T14:04:54","date_gmt":"2014-01-01T16:04:54","guid":{"rendered":"http:\/\/aconteceunovale.com.br\/portal\/?p=17321"},"modified":"2014-01-01T14:04:54","modified_gmt":"2014-01-01T16:04:54","slug":"cachoeira-do-tabuleiro-em-conceicao-do-mato-dentro-e-eleita-um-dos-15-lugares-mais-belos-do-mundo","status":"publish","type":"post","link":"https:\/\/aconteceunovale.com.br\/portal\/?p=17321","title":{"rendered":"Cachoeira do Tabuleiro em Concei\u00e7\u00e3o do Mato Dentro \u00e9 eleita um dos 15 lugares mais belos do mundo"},"content":{"rendered":"<p>Mais linda do Brasil segundo classifica\u00e7\u00e3o do Guia Quatro Rodas, a Cachoeira do Tabuleiro, em Concei\u00e7\u00e3o do Mato Dentro, agora integra o ranking dos 15 lugares mais belos do mundo. Isso mesmo. O registro consta no livro \u201cBeautiful World\u201d, publicado por um dos maiores guias internacional de turismo, a Lonely Planet.<\/p>\n<p><img decoding=\"async\" src=\"http:\/\/aconteceunovale.com.br\/portal\/wp-content\/uploads\/2014\/01\/cachoeira_tabuleiro_cmd.jpg\" alt=\"\" \/><br \/>\n<em>Cachoeira do Tabuleiro \u00e9 a mais alta de Minas Gerais e a terceira maior do Brasil<\/em><\/p>\n<p>Localizada no Distrito de Tabuleiro, h\u00e1 19 km da sede de Concei\u00e7\u00e3o do Mato Dentro, a cachoeira \u00e9 a mais alta de Minas Gerais e a terceira maior do Brasil. S\u00e3o 273 metros de queda livre \u2013 o equivalente a um pr\u00e9dio de 91 andares \u2013 diante de um pared\u00e3o multicolorido, de beleza monumental. Embaixo tem a forma\u00e7\u00e3o de um grande po\u00e7o de cerca de 20 metros de profundidade e rodeado por blocos, inclusive, submersos. Na parte alta da cascata, antes da queda, o visitante pode apreciar outros po\u00e7os e quedas d\u2019\u00e1gua, em meio a jardins naturais com orqu\u00eddeas e brom\u00e9lias gigantes.<\/p>\n<p>N\u00e3o \u00e9 \u00e0 toa que essa maravilha faz jus a todos os t\u00edtulos at\u00e9 ent\u00e3o recebidos. Al\u00e9m da classifica\u00e7\u00e3o do Guia Quatro Rodas, a Cachoeira do Tabuleiro tamb\u00e9m foi eleita em 2012, com mais de 40 mil votos, uma das \u201c7 Maravilhas da Estrada Real\u201d. O concurso foi realizado pelo Instituto Estrada Real, \u00f3rg\u00e3o ligado \u00e0 Federa\u00e7\u00e3o das Ind\u00fastrias do Estado de Minas Gerais (Fiemg).<\/p>\n<p>O parque onde fica a cachoeira \u00e9 aberto ao p\u00fablico diariamente, das 7h \u00e0s 16h. A entrada, entretanto, somente \u00e9 autorizada em condi\u00e7\u00f5es clim\u00e1ticas favor\u00e1veis. \u00c9 cobrada uma taxa de visita\u00e7\u00e3o no valor de R$5,00 por pessoa e o limite de visitantes dentro do parque \u00e9 de 200 turistas por dia. N\u00e3o s\u00e3o permitidas as atividades de esportes de aventura, como rapel, escalada, base jump, entre outros. O local \u00e9, sem d\u00favida, o maior atrativo n\u00e3o apenas do munic\u00edpio, mas de toda a regi\u00e3o do M\u00e9dio Espinha\u00e7o.<\/p>\n<p><strong>Capital do Ecoturismo<\/strong><\/p>\n<p>As in\u00fameras belezas naturais de Concei\u00e7\u00e3o do Mato Dentro fazem jus ao t\u00edtulo de \u201cCapital Mineira do Ecoturismo\u201d. E n\u00e3o \u00e9 por acaso. Al\u00e9m das in\u00fameras cachoeiras, como a do Tabuleiro, po\u00e7os, lagoas, s\u00edtios arqueol\u00f3gicos e a vasta diversifica\u00e7\u00e3o de sua fauna e flora fazem do munic\u00edpio um lugar de rara beleza. Nesse cantinho de Minas Gerais \u00e9 poss\u00edvel admirar a natureza, que com seus encantos e mist\u00e9rios atraem visitantes de todas as partes do Brasil e do exterior.<\/p>\n<p>Fundada em 1702, Concei\u00e7\u00e3o \u00e9 uma boa e \u201cvelha senhora\u201d, que com seus encantos enche de orgulho os conceicionenses e visitantes ao contar a sua hist\u00f3ria que come\u00e7ou ainda nos tempos do Brasil col\u00f4nia, revelada em seus casar\u00f5es, igrejas e monumentos. Terra de um povo hospitaleiro, esse para\u00edso, que transcende a qualquer defini\u00e7\u00e3o, \u00e9 Concei\u00e7\u00e3o do Mato Dentro. Informa\u00e7\u00f5es da Revista DeFato.<\/p>\n","protected":false},"excerpt":{"rendered":"<p>Mais linda do Brasil segundo classifica\u00e7\u00e3o do Guia Quatro Rodas, a Cachoeira do Tabuleiro, em Concei\u00e7\u00e3o do Mato Dentro, agora integra o ranking dos 15 lugares mais belos do mundo. Isso mesmo. O registro consta no livro \u201cBeautiful World\u201d, publicado por um dos maiores guias internacional de turismo, a Lonely Planet. Cachoeira do Tabuleiro \u00e9 [&hellip;]<\/p>\n","protected":false},"author":1,"featured_media":0,"comment_status":"open","ping_status":"closed","sticky":false,"template":"","format":"standard","meta":{"amp_status":"","footnotes":""},"categories":[123],"tags":[2345,2344,2343,628,2346],"class_list":["post-17321","post","type-post","status-publish","format-standard","hentry","category-gerais","tag-cachoeira-do-tabuleiro","tag-cachoeira-do-tabuleiro-em-conceicao-do-mato-dentro","tag-cachoeira-do-tabuleiro-em-conceicao-do-mato-dentro-e-eleita-um-dos-15-lugares-mais-belos-do-mundo","tag-conceicao-do-mato-dentro","tag-os-15-lugares-mais-belos-do-mundo"],"_links":{"self":[{"href":"https:\/\/aconteceunovale.com.br\/portal\/index.php?rest_route=\/wp\/v2\/posts\/17321","targetHints":{"allow":["GET"]}}],"collection":[{"href":"https:\/\/aconteceunovale.com.br\/portal\/index.php?rest_route=\/wp\/v2\/posts"}],"about":[{"href":"https:\/\/aconteceunovale.com.br\/portal\/index.php?rest_route=\/wp\/v2\/types\/post"}],"author":[{"embeddable":true,"href":"https:\/\/aconteceunovale.com.br\/portal\/index.php?rest_route=\/wp\/v2\/users\/1"}],"replies":[{"embeddable":true,"href":"https:\/\/aconteceunovale.com.br\/portal\/index.php?rest_route=%2Fwp%2Fv2%2Fcomments&post=17321"}],"version-history":[{"count":0,"href":"https:\/\/aconteceunovale.com.br\/portal\/index.php?rest_route=\/wp\/v2\/posts\/17321\/revisions"}],"wp:attachment":[{"href":"https:\/\/aconteceunovale.com.br\/portal\/index.php?rest_route=%2Fwp%2Fv2%2Fmedia&parent=17321"}],"wp:term":[{"taxonomy":"category","embeddable":true,"href":"https:\/\/aconteceunovale.com.br\/portal\/index.php?rest_route=%2Fwp%2Fv2%2Fcategories&post=17321"},{"taxonomy":"post_tag","embeddable":true,"href":"https:\/\/aconteceunovale.com.br\/portal\/index.php?rest_route=%2Fwp%2Fv2%2Ftags&post=17321"}],"curies":[{"name":"wp","href":"https:\/\/api.w.org\/{rel}","templated":true}]}}