{"id":173033,"date":"2021-01-29T11:51:06","date_gmt":"2021-01-29T14:51:06","guid":{"rendered":"https:\/\/aconteceunovale.com.br\/portal\/?p=173033"},"modified":"2021-01-29T11:54:40","modified_gmt":"2021-01-29T14:54:40","slug":"reconhecimento-internacional-da-hospitalidade-mineira-anima-turismo-rural","status":"publish","type":"post","link":"https:\/\/aconteceunovale.com.br\/portal\/?p=173033","title":{"rendered":"Reconhecimento internacional da hospitalidade mineira anima turismo rural"},"content":{"rendered":"\n<p>N\u00e3o \u00e9 de hoje que a hospitalidade mineira \u00e9 comentada nos quatro cantos do pa\u00eds. Recentemente esta fama ganhou um reconhecimento in\u00e9dito e internacional. No in\u00edcio do m\u00eas, Minas Gerais foi reconhecida como uma das dez regi\u00f5es mais hospitaleiras do mundo.<\/p>\n\n\n\n<p>O t\u00edtulo foi concedido pelo Traveller Review Awards 2021, um pr\u00eamio do site Booking.com, uma das plataformas digitais de viagens mais conhecidas internacionalmente.&nbsp; Foi a primeira vez que uma regi\u00e3o brasileira entrou na lista, baseada na avalia\u00e7\u00e3o de turistas.<\/p>\n\n\n\n<p>O reconhecimento coincidiu com os 300 anos completados por Minas Gerais, estado que tem no meio rural um dos seus grandes atrativos. \u201cMinas tem regi\u00f5es bem distintas, com tra\u00e7os culturais diferenciados. Mas uma caracter\u00edstica comum a todas as regi\u00f5es \u00e9 nosso v\u00ednculo com o campo, as experi\u00eancias que o ambiente rural pode oferecer aos turistas\u201d, afirma a coordenadora de Turismo Rural da Empresa de Assist\u00eancia T\u00e9cnica e Extens\u00e3o Rural do Estado de Minas Gerais (Emater-MG), Cl\u00e9a Venina.<\/p>\n\n\n\n<figure class=\"wp-block-gallery columns-1 is-cropped wp-block-gallery-1 is-layout-flex wp-block-gallery-is-layout-flex\"><ul class=\"blocks-gallery-grid\"><li class=\"blocks-gallery-item\"><figure><img loading=\"lazy\" decoding=\"async\" width=\"648\" height=\"450\" src=\"https:\/\/aconteceunovale.com.br\/portal\/wp-content\/uploads\/2021\/01\/visita_cafe_mg_1.jpeg\" alt=\"\" data-id=\"173034\" data-full-url=\"https:\/\/aconteceunovale.com.br\/portal\/wp-content\/uploads\/2021\/01\/visita_cafe_mg_1.jpeg\" data-link=\"https:\/\/aconteceunovale.com.br\/portal\/?attachment_id=173034\" class=\"wp-image-173034\" srcset=\"https:\/\/aconteceunovale.com.br\/portal\/wp-content\/uploads\/2021\/01\/visita_cafe_mg_1.jpeg 648w, https:\/\/aconteceunovale.com.br\/portal\/wp-content\/uploads\/2021\/01\/visita_cafe_mg_1-300x208.jpeg 300w, https:\/\/aconteceunovale.com.br\/portal\/wp-content\/uploads\/2021\/01\/visita_cafe_mg_1-100x70.jpeg 100w, https:\/\/aconteceunovale.com.br\/portal\/wp-content\/uploads\/2021\/01\/visita_cafe_mg_1-218x150.jpeg 218w, https:\/\/aconteceunovale.com.br\/portal\/wp-content\/uploads\/2021\/01\/visita_cafe_mg_1-605x420.jpeg 605w\" sizes=\"auto, (max-width: 648px) 100vw, 648px\" \/><figcaption class=\"blocks-gallery-item__caption\"><em>Foto: Divulga\u00e7\u00e3o \/ Grandpa Joel\u2019s Coffee<\/em><\/figcaption><\/figure><\/li><\/ul><\/figure>\n\n\n\n<h2 class=\"wp-block-heading\"><strong>Caf\u00e9 \u00e9 atrativo<\/strong><\/h2>\n\n\n\n<p>Foi observando essa vontade de curtir as experi\u00eancias proporcionadas pelo ambiente do campo, que um casal de produtores de Santa Rita do Sapuca\u00ed, no Sul de Minas, come\u00e7ou a investir no turismo rural. Pedro e Paula Dias se dedicam \u00e0 produ\u00e7\u00e3o de caf\u00e9s, uma atividade que j\u00e1 era desenvolvida pelo pai do Pedro, o v\u00f4 Joel, na Est\u00e2ncia S\u00edtio Capinzal.&nbsp; O local hoje tamb\u00e9m \u00e9 conhecido como fazenda Grandpa Joel\u2019s Coffee.<\/p>\n\n\n\n<p>Ap\u00f3s certificarem a propriedade com assist\u00eancia da Emater-MG, dominarem os processos de boas pr\u00e1ticas de produ\u00e7\u00e3o e de melhoria da qualidade dos gr\u00e3os, eles deram in\u00edcio \u00e0 exporta\u00e7\u00e3o de caf\u00e9s especiais em 2014 e, alguns anos depois, abriram duas cafeterias.<\/p>\n\n\n\n<p>O sucesso com os compradores internacionais fez com que muitos deles tivessem o interesse em visitar a produ\u00e7\u00e3o do casal no Brasil. Foi quando a Paula e o Pedro come\u00e7aram a receber alguns clientes do exterior.<\/p>\n\n\n\n<p>Mas foi com o surgimento da pandemia que a hospedagem informal de compradores de caf\u00e9 virou neg\u00f3cio, principalmente com a demanda dos clientes que frequentavam as cafeterias do casal. \u201cCome\u00e7ou a surgir muita gente que queria visitar a fazenda, respirar ar puro, andar no meio do mato. As pessoas estavam se sentindo presas\u201d, conta Paula Dias.&nbsp;Eles fizeram um curso de turismo rural, reformaram a casa que era do v\u00f4 Joel, onde as fam\u00edlias podem ficar hospedadas, e j\u00e1 est\u00e3o com duas outras casas da fazenda sendo preparadas para receber os turistas.<\/p>\n\n\n\n<p>Al\u00e9m de provarem o caf\u00e9 produzido na propriedade e curtirem as belezas naturais da Serra da Mantiqueira, os turistas experimentam outros produtos da gastronomia local, conhecem o processo de colheita e a torra do caf\u00e9. Podem, ainda, visitar um api\u00e1rio que existe na fazenda. \u201c\u00c9 muito gostoso receber turistas, porque voc\u00ea conhece pessoas que valorizam o que voc\u00ea faz e que te d\u00e3o ideias\u201d, diz a produtora Paula Dias.<\/p>\n\n\n\n<figure class=\"wp-block-gallery columns-1 is-cropped wp-block-gallery-2 is-layout-flex wp-block-gallery-is-layout-flex\"><ul class=\"blocks-gallery-grid\"><li class=\"blocks-gallery-item\"><figure><img loading=\"lazy\" decoding=\"async\" width=\"614\" height=\"413\" src=\"https:\/\/aconteceunovale.com.br\/portal\/wp-content\/uploads\/2021\/01\/visita_cafe_mg_2.jpeg\" alt=\"\" data-id=\"173035\" data-full-url=\"https:\/\/aconteceunovale.com.br\/portal\/wp-content\/uploads\/2021\/01\/visita_cafe_mg_2.jpeg\" data-link=\"https:\/\/aconteceunovale.com.br\/portal\/?attachment_id=173035\" class=\"wp-image-173035\" srcset=\"https:\/\/aconteceunovale.com.br\/portal\/wp-content\/uploads\/2021\/01\/visita_cafe_mg_2.jpeg 614w, https:\/\/aconteceunovale.com.br\/portal\/wp-content\/uploads\/2021\/01\/visita_cafe_mg_2-300x202.jpeg 300w\" sizes=\"auto, (max-width: 614px) 100vw, 614px\" \/><figcaption class=\"blocks-gallery-item__caption\"><em>Foto: Divulga\u00e7\u00e3o \/ Grandpa Joel\u2019s Coffee<\/em><\/figcaption><\/figure><\/li><\/ul><\/figure>\n\n\n\n<h2 class=\"wp-block-heading\"><strong>Bordados e queijos&nbsp;&nbsp;<\/strong><\/h2>\n\n\n\n<p>O acolhimento ao receber quem vem de fora tamb\u00e9m \u00e9 o que move os artes\u00e3os da comunidade quilombola do Ba\u00fa, no munic\u00edpio do Serro, na Serra do Espinha\u00e7o. O grupo \u00e9 formado por dez pessoas que se dedicam ao bordado, com destaque para a produ\u00e7\u00e3o coletiva de panos de copa, aventais, bolsas e camisetas.<\/p>\n\n\n\n<p>A produ\u00e7\u00e3o do bordado \u00e9 vendida para os turistas que visitam a regi\u00e3o, famosa pela hist\u00f3ria da \u00e9poca dos diamantes e pelas belezas naturais. O jovem Matheus Rocha, de 21 anos, \u00e9 um dos artes\u00e3os do grupo. Ele conta que a pandemia prejudicou o fluxo de visitantes, mas que os turistas visitam a comunidade para conhecer os produtos comercializados, os rios e as cachoeiras. \u201cSomos bem receptivos, ainda n\u00e3o hospedamos, mas oferecemos alimenta\u00e7\u00e3o e informa\u00e7\u00f5es sobre os pontos tur\u00edsticos daqui\u201d, informa.<\/p>\n\n\n\n<figure class=\"wp-block-gallery columns-1 is-cropped wp-block-gallery-3 is-layout-flex wp-block-gallery-is-layout-flex\"><ul class=\"blocks-gallery-grid\"><li class=\"blocks-gallery-item\"><figure><img loading=\"lazy\" decoding=\"async\" width=\"634\" height=\"450\" src=\"https:\/\/aconteceunovale.com.br\/portal\/wp-content\/uploads\/2021\/01\/visita_cafe_mg_3.jpeg\" alt=\"\" data-id=\"173036\" data-full-url=\"https:\/\/aconteceunovale.com.br\/portal\/wp-content\/uploads\/2021\/01\/visita_cafe_mg_3.jpeg\" data-link=\"https:\/\/aconteceunovale.com.br\/portal\/?attachment_id=173036\" class=\"wp-image-173036\" srcset=\"https:\/\/aconteceunovale.com.br\/portal\/wp-content\/uploads\/2021\/01\/visita_cafe_mg_3.jpeg 634w, https:\/\/aconteceunovale.com.br\/portal\/wp-content\/uploads\/2021\/01\/visita_cafe_mg_3-300x213.jpeg 300w, https:\/\/aconteceunovale.com.br\/portal\/wp-content\/uploads\/2021\/01\/visita_cafe_mg_3-100x70.jpeg 100w, https:\/\/aconteceunovale.com.br\/portal\/wp-content\/uploads\/2021\/01\/visita_cafe_mg_3-592x420.jpeg 592w\" sizes=\"auto, (max-width: 634px) 100vw, 634px\" \/><figcaption class=\"blocks-gallery-item__caption\"><em>Foto: Divulga\u00e7\u00e3o \/ Grandpa Joel\u2019s Coffee<\/em><\/figcaption><\/figure><\/li><\/ul><\/figure>\n\n\n\n<p>Ele tamb\u00e9m destaca as forma\u00e7\u00f5es feitas pelos artes\u00e3os, fundamentais para o aprimoramento do bordado. \u201cPassamos por v\u00e1rias capacita\u00e7\u00f5es, que nos possibilitam estar preparados para oferecer um produto de qualidade, baseado nas caracter\u00edsticas de nossa viv\u00eancia e cultura. A not\u00edcia do reconhecimento dos turistas s\u00f3 comprova o quanto \u00e9 fundamental tratar bem o pr\u00f3ximo e nos motiva cada vez mais a melhorar nosso atendimento\u201d, diz.<\/p>\n\n\n\n<p>N\u00e3o muito longe dali, no munic\u00edpio vizinho de Diamantina, a Ch\u00e1cara Soberana tamb\u00e9m tem atra\u00eddo turistas. O destaque \u00e9 o Queijo Minas Artesanal. S\u00e3o produzidas cerca de 30 pe\u00e7as por dia.&nbsp;\u201cA maior parte da produ\u00e7\u00e3o \u00e9 vendida aos turistas. Ficamos muito felizes com o reconhecimento dado ao estado\u201d, comemora o produtor Luciano de Assis. Al\u00e9m de cuidar da produ\u00e7\u00e3o de queijo, ele tamb\u00e9m recebe pessoas interessadas em visitar a propriedade. O trabalho \u00e9 desenvolvido junto com o filho Leandro.<\/p>\n\n\n\n<p>Diamantina sempre foi famosa pelo turismo cultural e hist\u00f3rico. Mas as ruas e constru\u00e7\u00f5es seculares da cidade passaram a dividir a aten\u00e7\u00e3o dos visitantes com o turismo rural. O munic\u00edpio entrou no roteiro dos queijos e vinhos e empresas de turismo de outras cidades, como Belo Horizonte, t\u00eam organizado visitas guiadas para quem deseja conhecer a rotina das propriedades da regi\u00e3o e experimentar os sabores locais.<\/p>\n\n\n\n<p>Na propriedade de Luciano de Assis, os visitantes t\u00eam a oportunidade de entender como funciona a queijaria, os segredos de um bom Queijo Minas Artesanal e, \u00e9 claro, levar para casa um pouquinho do sabor do campo. \u201cNos esfor\u00e7amos muito para receber bem os turistas que buscam uma viv\u00eancia rural. Sabemos da import\u00e2ncia do turismo para a regi\u00e3o. E n\u00e3o h\u00e1 nada mais gratificante do que ouvir que eles foram bem recebidos\u201d, diz o produtor.<\/p>\n\n\n\n<p class=\"has-white-color has-black-background-color has-text-color has-background\">Quer saber as not\u00edcias do <strong>Aconteceu no Vale<\/strong> em primeira m\u00e3o? Siga-nos no Facebook <a rel=\"noreferrer noopener\" href=\"http:\/\/facebook.com\/aconteceunovale\" target=\"_blank\">@aconteceunovale<\/a>, Twitter <a rel=\"noreferrer noopener\" href=\"https:\/\/twitter.com\/noticiadosvales\" target=\"_blank\">@noticiadosvales<\/a> e Instagram <a rel=\"noreferrer noopener\" href=\"https:\/\/www.instagram.com\/aconteceunovale\" target=\"_blank\">@aconteceunovale<\/a>.<\/p>\n","protected":false},"excerpt":{"rendered":"<p>N\u00e3o \u00e9 de hoje que a hospitalidade mineira \u00e9 comentada nos quatro cantos do pa\u00eds. Recentemente esta fama ganhou um reconhecimento in\u00e9dito e internacional. No in\u00edcio do m\u00eas, Minas Gerais foi reconhecida como uma das dez regi\u00f5es mais hospitaleiras do mundo. O t\u00edtulo foi concedido pelo Traveller Review Awards 2021, um pr\u00eamio do site Booking.com, [&hellip;]<\/p>\n","protected":false},"author":4,"featured_media":173034,"comment_status":"open","ping_status":"closed","sticky":false,"template":"","format":"standard","meta":{"amp_status":"","footnotes":""},"categories":[123,28848],"tags":[235249,1549,10950,19911,23398,78630,235749,134750,200795,235750,21604,235259,12266,229692,235894,50808,235261,235888,1521,230874,235761,1018,198,25775,235752,235753,25884,98798,15469,235891,235890,204606,235760,235889,235886,20955,21926,235757,235763,221470,235255,235755,235758,37546,235893,235251,235248,204607,235260,101924,235262,235258,235759,1489,235892,47294,208806,215,235257,235762,172898,3890,235751,235764,235254,235884,235250,9546,1540,17192,29294,144770,154,235256,32318,140493,235252,235253,235748,69428,141651,235887,235885,235746,235747,235754,235756],"class_list":["post-173033","post","type-post","status-publish","format-standard","has-post-thumbnail","hentry","category-gerais","category-mundo","tag-10-regioes-mais-acolhedoras-do-mundo","tag-andradas","tag-argentina","tag-australia","tag-austria","tag-azeite-de-minas-gerais","tag-azeites-minas-gerais","tag-cafe-de-minas-gerais","tag-cafe-do-cerrado","tag-cafes-minas-gerais","tag-canada","tag-canterbury","tag-carmo-de-minas","tag-casa-geraldo","tag-chacara-soberana","tag-chile","tag-chubut","tag-clea-venina","tag-coromandel","tag-cultura-e-turismo-de-minas-gerais","tag-cup-of-eccellence","tag-destaque","tag-diamantina","tag-emater-mg","tag-enoturismo","tag-enoturismo-minas-gerais","tag-epamig","tag-eslovaquia","tag-estados-unidos","tag-estancia-sitio-capinzal","tag-fazenda-grandpa-joels-coffee","tag-fazenda-irarema","tag-gastroturismo","tag-grandpa-joels-coffee","tag-hospitalidade-mineira","tag-ima","tag-iowa","tag-jose-procopio-stella","tag-larissa-fassio","tag-leonidas-oliveira","tag-lista-das-regioes-mais-acolhedoras-do-mundo","tag-luiz-henrique-marcon","tag-mantiqueira","tag-maria-da-fe","tag-matheus-rocha","tag-minas-gerais-e-um-dos-dez-destinos-mais-acolhedores-do-mundo","tag-minas-gerais-e-unico-destino-brasileiro-em-lista-das-regioes-mais-acolhedoras-do-mundo","tag-moacir-carvalho-dias","tag-nova-scotia","tag-nova-zelandia","tag-ohiggins","tag-oberosterreich","tag-olivicultura-minas-gerais","tag-patrocinio","tag-paula-dias","tag-pedro-dias","tag-pedro-moura","tag-pocos-de-caldas","tag-presovsky-kraj","tag-q-grader","tag-queijo-de-araxa","tag-queijo-do-serro","tag-queijos-minas-gerais","tag-rafael-soares","tag-ranking-das-regioes-mais-acolhedoras-do-mundo","tag-reconhecimento-internacional-da-hospitalidade-mineira","tag-regioes-mais-acolhedoras-do-mundo","tag-santa-rita-do-sapucai","tag-sao-lourenco","tag-serra-da-canastra","tag-serra-da-mantiqueira","tag-serra-do-espinhaco","tag-serro","tag-taitung-country","tag-taiwan","tag-tasmania","tag-traveller-review-awards-2021","tag-traveller-review-awards-2021-da-booking","tag-turismo-azeites-minas-gerais","tag-turismo-minas-gerais","tag-turismo-mineiro","tag-turismo-rural","tag-turismo-rural-mineiro","tag-turismo-vinhos-minas-gerais","tag-vinhos-minas-gerais","tag-vinicola-casa-geraldo","tag-vinicola-stella-valentino"],"_links":{"self":[{"href":"https:\/\/aconteceunovale.com.br\/portal\/index.php?rest_route=\/wp\/v2\/posts\/173033","targetHints":{"allow":["GET"]}}],"collection":[{"href":"https:\/\/aconteceunovale.com.br\/portal\/index.php?rest_route=\/wp\/v2\/posts"}],"about":[{"href":"https:\/\/aconteceunovale.com.br\/portal\/index.php?rest_route=\/wp\/v2\/types\/post"}],"author":[{"embeddable":true,"href":"https:\/\/aconteceunovale.com.br\/portal\/index.php?rest_route=\/wp\/v2\/users\/4"}],"replies":[{"embeddable":true,"href":"https:\/\/aconteceunovale.com.br\/portal\/index.php?rest_route=%2Fwp%2Fv2%2Fcomments&post=173033"}],"version-history":[{"count":1,"href":"https:\/\/aconteceunovale.com.br\/portal\/index.php?rest_route=\/wp\/v2\/posts\/173033\/revisions"}],"predecessor-version":[{"id":173037,"href":"https:\/\/aconteceunovale.com.br\/portal\/index.php?rest_route=\/wp\/v2\/posts\/173033\/revisions\/173037"}],"wp:featuredmedia":[{"embeddable":true,"href":"https:\/\/aconteceunovale.com.br\/portal\/index.php?rest_route=\/wp\/v2\/media\/173034"}],"wp:attachment":[{"href":"https:\/\/aconteceunovale.com.br\/portal\/index.php?rest_route=%2Fwp%2Fv2%2Fmedia&parent=173033"}],"wp:term":[{"taxonomy":"category","embeddable":true,"href":"https:\/\/aconteceunovale.com.br\/portal\/index.php?rest_route=%2Fwp%2Fv2%2Fcategories&post=173033"},{"taxonomy":"post_tag","embeddable":true,"href":"https:\/\/aconteceunovale.com.br\/portal\/index.php?rest_route=%2Fwp%2Fv2%2Ftags&post=173033"}],"curies":[{"name":"wp","href":"https:\/\/api.w.org\/{rel}","templated":true}]}}