{"id":173030,"date":"2021-01-28T23:16:44","date_gmt":"2021-01-29T02:16:44","guid":{"rendered":"https:\/\/aconteceunovale.com.br\/portal\/?p=173030"},"modified":"2021-01-28T23:17:04","modified_gmt":"2021-01-29T02:17:04","slug":"suspeito-de-estuprar-enteada-de-10-anos-e-preso-em-turmalina","status":"publish","type":"post","link":"https:\/\/aconteceunovale.com.br\/portal\/?p=173030","title":{"rendered":"Suspeito de estuprar enteada de 10 anos \u00e9 preso em Turmalina"},"content":{"rendered":"\n<p>Um homem foi preso em Turmalina, no Vale do Jequitinhonha, suspeito de estuprar uma enteada. De acordo com a Pol\u00edcia Civil de Minas Gerais (PCMG), a v\u00edtima relatou que os abusos iniciaram em abril de 2020, quando ela completou dez anos de idade. No dia 20 de janeiro deste ano, com o apoio de sua av\u00f3 materna, a crian\u00e7a acionou o Conselho Tutelar do munic\u00edpio e reportou a pr\u00e1tica criminosa.<\/p>\n\n\n\n<p>Diante da gravidade dos fatos, a PCMG representou pela pris\u00e3o preventiva do suspeito, que foi deferida pela Justi\u00e7a. O Mandado de Pris\u00e3o Preventiva foi cumprido na manh\u00e3 desta quinta-feira (28\/1\/2021) por policiais da Delegacia de Turmalina.<\/p>\n\n\n\n<p>O suspeito foi encaminhado ao Pres\u00eddio de Turmalina e encontra-se \u00e0 disposi\u00e7\u00e3o da Justi\u00e7a.<\/p>\n\n\n\n<h2 class=\"wp-block-heading\"><strong>Investiga\u00e7\u00f5es<\/strong><\/h2>\n\n\n\n<p><em>\u201cAs investiga\u00e7\u00f5es continuam para apurar poss\u00edvel omiss\u00e3o por parte da genitora da v\u00edtima, que teria sido informada dos fatos pela menor\u201d<\/em>, informou o Delegado Regional Felipe Pontual Meira Rosa.<\/p>\n\n\n\n<figure class=\"wp-block-image size-large\"><img loading=\"lazy\" decoding=\"async\" width=\"655\" height=\"450\" src=\"https:\/\/aconteceunovale.com.br\/portal\/wp-content\/uploads\/2021\/01\/policia_turmalina.jpeg\" alt=\"\" class=\"wp-image-173031\" srcset=\"https:\/\/aconteceunovale.com.br\/portal\/wp-content\/uploads\/2021\/01\/policia_turmalina.jpeg 655w, https:\/\/aconteceunovale.com.br\/portal\/wp-content\/uploads\/2021\/01\/policia_turmalina-300x206.jpeg 300w, https:\/\/aconteceunovale.com.br\/portal\/wp-content\/uploads\/2021\/01\/policia_turmalina-100x70.jpeg 100w, https:\/\/aconteceunovale.com.br\/portal\/wp-content\/uploads\/2021\/01\/policia_turmalina-218x150.jpeg 218w, https:\/\/aconteceunovale.com.br\/portal\/wp-content\/uploads\/2021\/01\/policia_turmalina-611x420.jpeg 611w\" sizes=\"auto, (max-width: 655px) 100vw, 655px\" \/><figcaption><em>Participaram da dilig\u00eancia os investigadores de pol\u00edcia Adriano Scott Rocha Silva e Wellington dos Santos Dias e a escriv\u00e3 \u201cad hoc\u201d Marlucia Pereira da Silva, coordenados pela Delegada J\u00e9ssica Novaes Miranda e sob a supervis\u00e3o do Delegado Regional Felipe Pontual Meira Rosa (Foto: Divulga\u00e7\u00e3o \/ PCMG)<\/em><\/figcaption><\/figure>\n\n\n\n<p class=\"has-white-color has-black-background-color has-text-color has-background\">Quer saber as not\u00edcias do <strong>Aconteceu no Vale<\/strong> em primeira m\u00e3o? Siga-nos no Facebook <a rel=\"noreferrer noopener\" href=\"http:\/\/facebook.com\/aconteceunovale\" target=\"_blank\">@aconteceunovale<\/a>, Twitter <a rel=\"noreferrer noopener\" href=\"https:\/\/twitter.com\/noticiadosvales\" target=\"_blank\">@noticiadosvales<\/a> e Instagram <a rel=\"noreferrer noopener\" href=\"https:\/\/www.instagram.com\/aconteceunovale\" target=\"_blank\">@aconteceunovale<\/a>.<\/p>\n","protected":false},"excerpt":{"rendered":"<p>Um homem foi preso em Turmalina, no Vale do Jequitinhonha, suspeito de estuprar uma enteada. De acordo com a Pol\u00edcia Civil de Minas Gerais (PCMG), a v\u00edtima relatou que os abusos iniciaram em abril de 2020, quando ela completou dez anos de idade. No dia 20 de janeiro deste ano, com o apoio de sua [&hellip;]<\/p>\n","protected":false},"author":4,"featured_media":173031,"comment_status":"open","ping_status":"closed","sticky":false,"template":"","format":"standard","meta":{"amp_status":"","footnotes":""},"categories":[120],"tags":[235881,152410,235878,235883,216729,1018,235877,235875,152409,235880,235874,604,235879,178,235876,235882],"class_list":["post-173030","post","type-post","status-publish","format-standard","has-post-thumbnail","hentry","category-jequi","tag-adriano-scott-rocha-silva","tag-crianca-estuprada-em-turmalina","tag-crianca-estuprada-pelo-padrasto-em-turmalina","tag-delegada-jessica-novaes-miranda","tag-delegado-felipe-pontual-meira-rosa","tag-destaque","tag-estuprada-em-turmalina","tag-estuprada-pelo-padrasto-em-turmalina","tag-estupro-em-turmalina","tag-marlucia-pereira-da-silva","tag-padrasto-suspeito-de-estuprar-enteada-de-10-anos-e-preso-em-turmalina","tag-pcmg","tag-suspeito-de-estuprar-enteada-de-10-anos-e-preso-em-turmalina","tag-turmalina","tag-vitima-de-estupro-em-turmalina","tag-wellington-dos-santos-dias"],"_links":{"self":[{"href":"https:\/\/aconteceunovale.com.br\/portal\/index.php?rest_route=\/wp\/v2\/posts\/173030","targetHints":{"allow":["GET"]}}],"collection":[{"href":"https:\/\/aconteceunovale.com.br\/portal\/index.php?rest_route=\/wp\/v2\/posts"}],"about":[{"href":"https:\/\/aconteceunovale.com.br\/portal\/index.php?rest_route=\/wp\/v2\/types\/post"}],"author":[{"embeddable":true,"href":"https:\/\/aconteceunovale.com.br\/portal\/index.php?rest_route=\/wp\/v2\/users\/4"}],"replies":[{"embeddable":true,"href":"https:\/\/aconteceunovale.com.br\/portal\/index.php?rest_route=%2Fwp%2Fv2%2Fcomments&post=173030"}],"version-history":[{"count":1,"href":"https:\/\/aconteceunovale.com.br\/portal\/index.php?rest_route=\/wp\/v2\/posts\/173030\/revisions"}],"predecessor-version":[{"id":173032,"href":"https:\/\/aconteceunovale.com.br\/portal\/index.php?rest_route=\/wp\/v2\/posts\/173030\/revisions\/173032"}],"wp:featuredmedia":[{"embeddable":true,"href":"https:\/\/aconteceunovale.com.br\/portal\/index.php?rest_route=\/wp\/v2\/media\/173031"}],"wp:attachment":[{"href":"https:\/\/aconteceunovale.com.br\/portal\/index.php?rest_route=%2Fwp%2Fv2%2Fmedia&parent=173030"}],"wp:term":[{"taxonomy":"category","embeddable":true,"href":"https:\/\/aconteceunovale.com.br\/portal\/index.php?rest_route=%2Fwp%2Fv2%2Fcategories&post=173030"},{"taxonomy":"post_tag","embeddable":true,"href":"https:\/\/aconteceunovale.com.br\/portal\/index.php?rest_route=%2Fwp%2Fv2%2Ftags&post=173030"}],"curies":[{"name":"wp","href":"https:\/\/api.w.org\/{rel}","templated":true}]}}