{"id":173009,"date":"2021-01-28T16:11:00","date_gmt":"2021-01-28T19:11:00","guid":{"rendered":"https:\/\/aconteceunovale.com.br\/portal\/?p=173009"},"modified":"2021-01-28T16:11:38","modified_gmt":"2021-01-28T19:11:38","slug":"comercio-em-geral-e-demais-atividades-podem-funcionar-em-minas-gerais","status":"publish","type":"post","link":"https:\/\/aconteceunovale.com.br\/portal\/?p=173009","title":{"rendered":"Com\u00e9rcio em geral e demais atividades podem funcionar em Minas Gerais"},"content":{"rendered":"\n<p>Foram publicadas no\u00a0<a rel=\"noreferrer noopener\" href=\"https:\/\/www.jornalminasgerais.mg.gov.br\/?dataJornal=2021-01-28\" target=\"_blank\">Di\u00e1rio Oficial Minas Gerais<\/a>\u00a0desta quinta-feira (28\/1\/2021) as\u00a0Delibera\u00e7\u00f5es\u00a0<a href=\"https:\/\/www.almg.gov.br\/consulte\/legislacao\/completa\/completa.html?tipo=DCE&amp;num=120&amp;comp=&amp;ano=2021\" target=\"_blank\" rel=\"noreferrer noopener\">120<\/a>\u00a0e\u00a0<a href=\"https:\/\/www.almg.gov.br\/consulte\/legislacao\/completa\/completa.html?tipo=DCE&amp;num=122&amp;comp=&amp;ano=2021\" target=\"_blank\" rel=\"noreferrer noopener\">122<\/a>\u00a0do Comit\u00ea Extraordin\u00e1rio Covid-19\u00a0atualizando o\u00a0<a href=\"https:\/\/www.mg.gov.br\/minasconsciente\" target=\"_blank\" rel=\"noreferrer noopener\">Minas Consciente<\/a>, plano do governo que orienta as atividades socioecon\u00f4micas nas macrorregi\u00f5es de sa\u00fade do Estado para conter o avan\u00e7o da doen\u00e7a.<\/p>\n\n\n\n<p>Conforme anunciado pelo governo, nesta fase 3 do plano,\u00a0a atualiza\u00e7\u00e3o das normas trata\u00a0n\u00e3o mais da retormada de atividades conforme os riscos, mas\u00a0de procedimentos para o\u00a0funcionamento de todas as atividades socioecon\u00f4micas, independentemente da onda em que se encontrar a macrorregi\u00e3o.<\/p>\n\n\n\n<p>Assim,\u00a0atividades como o com\u00e9rcio em geral e eventos\u00a0p\u00fablicos ou privados, por exemplo,\u00a0podem ser\u00a0liberadas mesmo que o munic\u00edpio se encontre na onda vermelha, a de maior risco para a doen\u00e7a e at\u00e9 ent\u00e3o a de maior restri\u00e7\u00e3o para o funcionamento de atividades em rela\u00e7\u00e3o \u00e0s ondas amarela, de m\u00e9dia restri\u00e7\u00e3o, e verde, de menor restri\u00e7\u00e3o.<\/p>\n\n\n\n<p>Contudo,\u00a0h\u00e1 regras mais r\u00edgidas levando em conta, por exemplo, o distanciamento social,\u00a0 com\u00a0maior restri\u00e7\u00e3o na onda vermelha mesmo para servi\u00e7os essenciais, como padarias, bancos, farm\u00e1cias e supermercados.<\/p>\n\n\n\n<p>Segundo j\u00e1 havia sido anunciado pelo governo, nos servi\u00e7os essenciais o distanciamento linear entre as pessoas, que era de dois metros na onda vermelha, passa a ser de tr\u00eas metros. Esse distanciamento vale tamb\u00e9m para todos os demais servi\u00e7os e eventos que passam a ser permitidos na onda vermelha.<\/p>\n\n\n\n<p>Nas ondas amarela e verde, o distanciamento social \u00e9 menor, de 1,5 metros entre as pessoas nos dois casos.<\/p>\n\n\n\n<p><strong>P\u00fablico &#8211;<\/strong>\u00a0Conforme a Delibera\u00e7\u00e3o 122, a\u00a0realiza\u00e7\u00e3o de eventos e reuni\u00f5es\u00a0de qualquer natureza, de car\u00e1ter p\u00fablico ou privado, inclu\u00eddas excurs\u00f5es e cursos presenciais,\u00a0\u00e9 permitida na onda vermelha\u00a0desde que com o limite de 30 pessoas ou o equivalente a\u00a0uma pessoa a cada 10 m\u00b2 para ambientes fechados\u00a0e uma a cada 4 m\u00b2 para ambientes abertos.<\/p>\n\n\n\n<p>Na onda amarela, os limites s\u00e3o de 100 pessoas ou uma pessoa a cada 4 m\u00b2; na onda verde, de at\u00e9 250 pessoas presentes, ou de uma pessoa tamb\u00e9m a cada 4 m\u00b2, sem distin\u00e7\u00e3o mencionada para espa\u00e7os abertos ou fechados nesta delibera\u00e7\u00e3o.<\/p>\n\n\n\n<p>Conforme divulgou o governo, na onda vermelha o limite para ocupa\u00e7\u00e3o \u00e9 de at\u00e9 50% para hot\u00e9is e atra\u00e7\u00f5es naturais e culturais e os estabelecimentos de servi\u00e7os n\u00e3o-essenciais devem limitar o atendimento a um cliente por atendente. Contudo, se n\u00e3o houver atendimento ao p\u00fablico, ou se o espa\u00e7o for a c\u00e9u aberto, a capacidade de ocupa\u00e7\u00e3o pode aumentar, com uma pessoa a cada 4 m\u00b2 na onda.&nbsp; &nbsp;&nbsp;<\/p>\n\n\n\n<p>Na onda amarela, a ocupa\u00e7\u00e3o limite \u00e9 de at\u00e9 75% de ocupa\u00e7\u00e3o, podendo chegar a 100% na onda verde.<\/p>\n\n\n\n<p>Para todas as ondas,\u00a0 ficam mantidas orienta\u00e7\u00f5es como proibi\u00e7\u00e3o de auto atendimento pelo cliente (<em>self service<\/em>);\u00a0est\u00edmulo ao teletrabalho\u00a0dos funcion\u00e1rios e ao atendimento com agendamento pr\u00e9vio; \u00a0e aferi\u00e7\u00e3o obrigat\u00f3ria de temperatura de funcion\u00e1rios e clientes.<\/p>\n\n\n\n<p><strong>Funcionamento, e n\u00e3o mais abertura &#8211;<\/strong>&nbsp;Para a ado\u00e7\u00e3o dos novos par\u00e2metros em vigor, a Delibera\u00e7\u00e3o 120 tamb\u00e9m publicada nesta quinta (28) faz adequa\u00e7\u00f5es ao plano Minas Consciente no que toca \u00e0s fases relativas \u00e0s ondas. O que at\u00e9 ent\u00e3o eram citadas no plano como fases de abertura, quanto \u00e0s atividades, passam a ser fases de funcionamento.<\/p>\n\n\n\n<p>Da mesma forma, os protocolos sanit\u00e1rios epidemiol\u00f3gicos tratados em anexo da delibera\u00e7\u00e3o passam a contemplar todas as atividades socioecon\u00f4micas e aplic\u00e1veis a pessoas naturais e jur\u00eddicas observadas as fases de funcionamento.<\/p>\n\n\n\n<p class=\"has-white-color has-black-background-color has-text-color has-background\">Quer saber as not\u00edcias do <strong>Aconteceu no Vale<\/strong> em primeira m\u00e3o? Siga-nos no Facebook <a rel=\"noreferrer noopener\" href=\"http:\/\/facebook.com\/aconteceunovale\" target=\"_blank\">@aconteceunovale<\/a>, Twitter <a rel=\"noreferrer noopener\" href=\"https:\/\/twitter.com\/noticiadosvales\" target=\"_blank\">@noticiadosvales<\/a> e Instagram <a rel=\"noreferrer noopener\" href=\"https:\/\/www.instagram.com\/aconteceunovale\" target=\"_blank\">@aconteceunovale<\/a>.<\/p>\n","protected":false},"excerpt":{"rendered":"<p>Foram publicadas no\u00a0Di\u00e1rio Oficial Minas Gerais\u00a0desta quinta-feira (28\/1\/2021) as\u00a0Delibera\u00e7\u00f5es\u00a0120\u00a0e\u00a0122\u00a0do Comit\u00ea Extraordin\u00e1rio Covid-19\u00a0atualizando o\u00a0Minas Consciente, plano do governo que orienta as atividades socioecon\u00f4micas nas macrorregi\u00f5es de sa\u00fade do Estado para conter o avan\u00e7o da doen\u00e7a. Conforme anunciado pelo governo, nesta fase 3 do plano,\u00a0a atualiza\u00e7\u00e3o das normas trata\u00a0n\u00e3o mais da retormada de atividades conforme os riscos, [&hellip;]<\/p>\n","protected":false},"author":4,"featured_media":173010,"comment_status":"open","ping_status":"closed","sticky":false,"template":"","format":"standard","meta":{"amp_status":"","footnotes":""},"categories":[123],"tags":[226899,227899,227901,752,226639,217799,219851,219853,225459,214884,216498,221718,1018,234208,226771,226773,235795,225458,226298,233652,228272,232016,226455,219855,226300,226452,226453,226451,226299,226772,215653,226301,226535,221717,219854,219852,217692,222637,227897,230864,227898,227900,221719,226454,220285,220287,220286],"class_list":["post-173009","post","type-post","status-publish","format-standard","has-post-thumbnail","hentry","category-gerais","tag-362-cidades-de-pequeno-porte-passarao-automaticamente-para-a-onda-amarela-do-minas-consciente","tag-abertura-das-academias-de-ginastica","tag-abertura-das-agencias-de-turismo","tag-almg","tag-atividades-economicas-terao-protocolo-unico-na-nova-fase-do-plano-minas-consciente","tag-casos-de-coronavirus-em-minas-gerais","tag-casos-de-covid-19-em-minas-gerais","tag-cidades-com-casos-de-coronavirus-em-minas-gerais","tag-consulta-publica-minas-consciente","tag-coronavirus","tag-covid-19","tag-curados-do-coronavirus-em-minas-gerais","tag-destaque","tag-dez-regioes-estao-na-fase-mais-restritiva-do-programa-minas-consciente","tag-entenda-a-divisao-por-ondas-nas-novas-regras-do-plano-minas-consciente","tag-entenda-as-ondas-do-minas-consciente","tag-estado-lanca-terceira-fase-do-minas-consciente","tag-governo-lanca-consulta-publica-sobre-o-plano-minas-consciente","tag-governo-lanca-novas-regras-para-o-plano-minas-consciente","tag-mais-duas-regioes-regridem-para-a-onda-vermelha-do-minas-consciente","tag-mais-quatro-regioes-poderao-avancar-para-a-onda-amarela-do-plano-minas-consciente","tag-metade-do-estado-regride-para-fases-mais-restritivas-do-plano-minas-consciente","tag-microrregioes-minas-consciente","tag-mortes-por-coronavirus-em-minas-gerais","tag-mudancas-no-minas-consciente","tag-municipios-pequenos","tag-municipios-pequenos-minas-consciente","tag-municipios-receberao-tratamento-individualizado-na-nova-fase-do-minas-consciente","tag-novas-regras-do-minas-consciente","tag-novas-regras-do-plano-minas-consciente","tag-novo-coronavirus","tag-novo-minas-consciente","tag-novos-indicadores-do-plano-minas-consciente-vao-simplificar-tomada-de-decisao-de-prefeitos","tag-numero-de-curados-do-coronavirus-em-minas-gerais","tag-numeros-do-coronavirus-em-minas-gerais","tag-obitos-por-coronavirus-em-minas-gerias","tag-pandemia-de-coronavirus","tag-plano-minas-consciente","tag-plano-minas-consciente-tera-protocolo-para-academias-de-ginastica-e-agencias-de-turismo-na-onda-amarela","tag-quatro-macrorregioes-regridem-para-fases-mais-restritivas-do-plano-minas-consciente","tag-reabertura-das-academias-de-ginastica","tag-reabertura-das-agencia-de-turismo","tag-recuperados-do-coronavirus-em-minas-gerais","tag-regioes-minas-consciente","tag-secretaria-de-saude-atualiza-numeros-do-coronavirus-em-minas-gerais","tag-secretaria-de-saude-de-minas-gerais-atualiza-numeros-do-coronavirus","tag-ses-mg-atualiza-numeros-do-coronavirus"],"_links":{"self":[{"href":"https:\/\/aconteceunovale.com.br\/portal\/index.php?rest_route=\/wp\/v2\/posts\/173009","targetHints":{"allow":["GET"]}}],"collection":[{"href":"https:\/\/aconteceunovale.com.br\/portal\/index.php?rest_route=\/wp\/v2\/posts"}],"about":[{"href":"https:\/\/aconteceunovale.com.br\/portal\/index.php?rest_route=\/wp\/v2\/types\/post"}],"author":[{"embeddable":true,"href":"https:\/\/aconteceunovale.com.br\/portal\/index.php?rest_route=\/wp\/v2\/users\/4"}],"replies":[{"embeddable":true,"href":"https:\/\/aconteceunovale.com.br\/portal\/index.php?rest_route=%2Fwp%2Fv2%2Fcomments&post=173009"}],"version-history":[{"count":1,"href":"https:\/\/aconteceunovale.com.br\/portal\/index.php?rest_route=\/wp\/v2\/posts\/173009\/revisions"}],"predecessor-version":[{"id":173011,"href":"https:\/\/aconteceunovale.com.br\/portal\/index.php?rest_route=\/wp\/v2\/posts\/173009\/revisions\/173011"}],"wp:featuredmedia":[{"embeddable":true,"href":"https:\/\/aconteceunovale.com.br\/portal\/index.php?rest_route=\/wp\/v2\/media\/173010"}],"wp:attachment":[{"href":"https:\/\/aconteceunovale.com.br\/portal\/index.php?rest_route=%2Fwp%2Fv2%2Fmedia&parent=173009"}],"wp:term":[{"taxonomy":"category","embeddable":true,"href":"https:\/\/aconteceunovale.com.br\/portal\/index.php?rest_route=%2Fwp%2Fv2%2Fcategories&post=173009"},{"taxonomy":"post_tag","embeddable":true,"href":"https:\/\/aconteceunovale.com.br\/portal\/index.php?rest_route=%2Fwp%2Fv2%2Ftags&post=173009"}],"curies":[{"name":"wp","href":"https:\/\/api.w.org\/{rel}","templated":true}]}}