{"id":173004,"date":"2021-01-28T16:02:22","date_gmt":"2021-01-28T19:02:22","guid":{"rendered":"https:\/\/aconteceunovale.com.br\/portal\/?p=173004"},"modified":"2021-01-28T16:04:04","modified_gmt":"2021-01-28T19:04:04","slug":"operacao-resgata-29-trabalhadores-em-condicoes-analogas-a-de-escravos-em-minas-gerais","status":"publish","type":"post","link":"https:\/\/aconteceunovale.com.br\/portal\/?p=173004","title":{"rendered":"Opera\u00e7\u00e3o resgata 29 trabalhadores em condi\u00e7\u00f5es an\u00e1logas \u00e0 de escravos em Minas Gerais"},"content":{"rendered":"\n<p>Durante a Opera\u00e7\u00e3o Resgate, realizada desde 13 de setembro do ano passado, foram localizados 140 trabalhadores em condi\u00e7\u00f5es an\u00e1logas \u00e0 de escravos em territ\u00f3rio brasileiro. Em Minas Gerais, foram 29 resgatados, sendo 15 na regi\u00e3o de Pirapora e 14 na regi\u00e3o de Curvelo. A a\u00e7\u00e3o \u00e9 uma for\u00e7a tarefa interinstitucional integrada pelo Minist\u00e9rio P\u00fablico do Trabalho, a Secretaria de Inspe\u00e7\u00e3o do Trabalho, o Minist\u00e9rio P\u00fablico Federal, a Pol\u00edcia Federal e a Defensoria P\u00fablica da Uni\u00e3o.<\/p>\n\n\n\n<p>Os estados onde foram encontrados os maiores n\u00fameros de trabalhadores foram Goi\u00e1s (36) e Minas Gerais (29). Na regi\u00e3o de Curvelo (MG), os 14 resgatados estavam trabalhando na produ\u00e7\u00e3o de cer\u00e2mica. Onze trabalhavam em uma cer\u00e2mica na cidade de Curvelo e outros 3 na cidade de Inha\u00fama.<\/p>\n\n\n\n<p>No Sul do Brasil, as primeiras imagens da Opera\u00e7\u00e3o Resgate no Rio Grande do Sul mostram as condi\u00e7\u00f5es degradantes de alojamentos na regi\u00e3o de Lajeado, onde os trabalhadores estavam sendo submetidos a condi\u00e7\u00f5es an\u00e1logas \u00e0 de escravos em carvoaria e na produ\u00e7\u00e3o de fumo.<\/p>\n\n\n\n<p>Durante coletiva convocada na manh\u00e3 desta quinta-feira, 28, os representantes dos \u00f3rg\u00e3os que integram a for\u00e7a tarefa enfatizaram que essa foi a maior opera\u00e7\u00e3o conjunta do estado brasileiro contra o trabalho escravo, marcando os 25 anos de opera\u00e7\u00e3o do Grupo M\u00f3vel. Mais de 360 autos de infra\u00e7\u00e3o foram lavrados e mais R$ 500 ser\u00e3o pagos em verbas rescis\u00f3rias aos trabalhadores.<\/p>\n\n\n\n<p>Foram encontrados trabalhadores em condi\u00e7\u00f5es an\u00e1logas \u00e0 de escravo tanto em diversos setores econ\u00f4micos, tanto no meio rural como urbano, com predom\u00ednio no rural, destacou o procurador-geral do Trabalho Alberto Balazeiro.<\/p>\n\n\n\n<figure class=\"wp-block-gallery columns-1 is-cropped wp-block-gallery-1 is-layout-flex wp-block-gallery-is-layout-flex\"><ul class=\"blocks-gallery-grid\"><li class=\"blocks-gallery-item\"><figure><img loading=\"lazy\" decoding=\"async\" width=\"678\" height=\"399\" src=\"https:\/\/aconteceunovale.com.br\/portal\/wp-content\/uploads\/2021\/01\/trabalho_escravo_1.jpeg\" alt=\"\" data-id=\"173007\" data-full-url=\"https:\/\/aconteceunovale.com.br\/portal\/wp-content\/uploads\/2021\/01\/trabalho_escravo_1.jpeg\" data-link=\"https:\/\/aconteceunovale.com.br\/portal\/?attachment_id=173007\" class=\"wp-image-173007\" srcset=\"https:\/\/aconteceunovale.com.br\/portal\/wp-content\/uploads\/2021\/01\/trabalho_escravo_1.jpeg 678w, https:\/\/aconteceunovale.com.br\/portal\/wp-content\/uploads\/2021\/01\/trabalho_escravo_1-300x177.jpeg 300w\" sizes=\"auto, (max-width: 678px) 100vw, 678px\" \/><figcaption class=\"blocks-gallery-item__caption\"><em>Foto: Divulga\u00e7\u00e3o \/ MPT-MG<\/em><\/figcaption><\/figure><\/li><li class=\"blocks-gallery-item\"><figure><img loading=\"lazy\" decoding=\"async\" width=\"678\" height=\"382\" src=\"https:\/\/aconteceunovale.com.br\/portal\/wp-content\/uploads\/2021\/01\/trabalho_escravo_2.jpeg\" alt=\"\" data-id=\"173006\" data-full-url=\"https:\/\/aconteceunovale.com.br\/portal\/wp-content\/uploads\/2021\/01\/trabalho_escravo_2.jpeg\" data-link=\"https:\/\/aconteceunovale.com.br\/portal\/?attachment_id=173006\" class=\"wp-image-173006\" srcset=\"https:\/\/aconteceunovale.com.br\/portal\/wp-content\/uploads\/2021\/01\/trabalho_escravo_2.jpeg 678w, https:\/\/aconteceunovale.com.br\/portal\/wp-content\/uploads\/2021\/01\/trabalho_escravo_2-300x169.jpeg 300w\" sizes=\"auto, (max-width: 678px) 100vw, 678px\" \/><figcaption class=\"blocks-gallery-item__caption\"><em>Foto: Divulga\u00e7\u00e3o \/ MPT-MG<\/em><\/figcaption><\/figure><\/li><li class=\"blocks-gallery-item\"><figure><img loading=\"lazy\" decoding=\"async\" width=\"678\" height=\"359\" src=\"https:\/\/aconteceunovale.com.br\/portal\/wp-content\/uploads\/2021\/01\/trabalho_escravo_3.png\" alt=\"\" data-id=\"173005\" data-full-url=\"https:\/\/aconteceunovale.com.br\/portal\/wp-content\/uploads\/2021\/01\/trabalho_escravo_3.png\" data-link=\"https:\/\/aconteceunovale.com.br\/portal\/?attachment_id=173005\" class=\"wp-image-173005\" srcset=\"https:\/\/aconteceunovale.com.br\/portal\/wp-content\/uploads\/2021\/01\/trabalho_escravo_3.png 678w, https:\/\/aconteceunovale.com.br\/portal\/wp-content\/uploads\/2021\/01\/trabalho_escravo_3-300x159.png 300w\" sizes=\"auto, (max-width: 678px) 100vw, 678px\" \/><figcaption class=\"blocks-gallery-item__caption\"><em>Fotos: Divulga\u00e7\u00e3o \/ MPT-MG<\/em><\/figcaption><\/figure><\/li><\/ul><\/figure>\n\n\n\n<p class=\"has-white-color has-black-background-color has-text-color has-background\">Quer saber as not\u00edcias do <strong>Aconteceu no Vale<\/strong> em primeira m\u00e3o? Siga-nos no Facebook <a rel=\"noreferrer noopener\" href=\"http:\/\/facebook.com\/aconteceunovale\" target=\"_blank\">@aconteceunovale<\/a>, Twitter <a rel=\"noreferrer noopener\" href=\"https:\/\/twitter.com\/noticiadosvales\" target=\"_blank\">@noticiadosvales<\/a> e Instagram <a rel=\"noreferrer noopener\" href=\"https:\/\/www.instagram.com\/aconteceunovale\" target=\"_blank\">@aconteceunovale<\/a>.<\/p>\n","protected":false},"excerpt":{"rendered":"<p>Durante a Opera\u00e7\u00e3o Resgate, realizada desde 13 de setembro do ano passado, foram localizados 140 trabalhadores em condi\u00e7\u00f5es an\u00e1logas \u00e0 de escravos em territ\u00f3rio brasileiro. Em Minas Gerais, foram 29 resgatados, sendo 15 na regi\u00e3o de Pirapora e 14 na regi\u00e3o de Curvelo. A a\u00e7\u00e3o \u00e9 uma for\u00e7a tarefa interinstitucional integrada pelo Minist\u00e9rio P\u00fablico do [&hellip;]<\/p>\n","protected":false},"author":4,"featured_media":173007,"comment_status":"open","ping_status":"closed","sticky":false,"template":"","format":"standard","meta":{"amp_status":"","footnotes":""},"categories":[123,1236],"tags":[235844,197,30025,33905,18887,152120,235838,235841,20966,254,235840,235842,13840,235843,235839],"class_list":["post-173004","post","type-post","status-publish","format-standard","has-post-thumbnail","hentry","category-gerais","category-norte_de_minas","tag-alberto-balazeiro","tag-curvelo","tag-inhauma","tag-lajeado","tag-mpf","tag-mpt-mg","tag-operacao-resgata-29-trabalhadores-em-condicoes-analogas-a-de-escravos-em-minas-gerais","tag-operacao-resgate-em-minas-gerais","tag-pf","tag-pirapora","tag-resgate-de-vitimas-do-trabalho-escravo-em-minas-gerais","tag-trabalho-escravo-curvelo","tag-trabalho-escravo-em-minas-gerais","tag-trabalho-escravo-pirapora","tag-vitima-de-trabalho-escravo-em-minas-gerais"],"_links":{"self":[{"href":"https:\/\/aconteceunovale.com.br\/portal\/index.php?rest_route=\/wp\/v2\/posts\/173004","targetHints":{"allow":["GET"]}}],"collection":[{"href":"https:\/\/aconteceunovale.com.br\/portal\/index.php?rest_route=\/wp\/v2\/posts"}],"about":[{"href":"https:\/\/aconteceunovale.com.br\/portal\/index.php?rest_route=\/wp\/v2\/types\/post"}],"author":[{"embeddable":true,"href":"https:\/\/aconteceunovale.com.br\/portal\/index.php?rest_route=\/wp\/v2\/users\/4"}],"replies":[{"embeddable":true,"href":"https:\/\/aconteceunovale.com.br\/portal\/index.php?rest_route=%2Fwp%2Fv2%2Fcomments&post=173004"}],"version-history":[{"count":1,"href":"https:\/\/aconteceunovale.com.br\/portal\/index.php?rest_route=\/wp\/v2\/posts\/173004\/revisions"}],"predecessor-version":[{"id":173008,"href":"https:\/\/aconteceunovale.com.br\/portal\/index.php?rest_route=\/wp\/v2\/posts\/173004\/revisions\/173008"}],"wp:featuredmedia":[{"embeddable":true,"href":"https:\/\/aconteceunovale.com.br\/portal\/index.php?rest_route=\/wp\/v2\/media\/173007"}],"wp:attachment":[{"href":"https:\/\/aconteceunovale.com.br\/portal\/index.php?rest_route=%2Fwp%2Fv2%2Fmedia&parent=173004"}],"wp:term":[{"taxonomy":"category","embeddable":true,"href":"https:\/\/aconteceunovale.com.br\/portal\/index.php?rest_route=%2Fwp%2Fv2%2Fcategories&post=173004"},{"taxonomy":"post_tag","embeddable":true,"href":"https:\/\/aconteceunovale.com.br\/portal\/index.php?rest_route=%2Fwp%2Fv2%2Ftags&post=173004"}],"curies":[{"name":"wp","href":"https:\/\/api.w.org\/{rel}","templated":true}]}}