{"id":172999,"date":"2021-01-28T14:26:14","date_gmt":"2021-01-28T17:26:14","guid":{"rendered":"https:\/\/aconteceunovale.com.br\/portal\/?p=172999"},"modified":"2021-01-28T14:26:53","modified_gmt":"2021-01-28T17:26:53","slug":"minas-gerais-fechou-2020-com-32-717-novas-vagas-de-emprego","status":"publish","type":"post","link":"https:\/\/aconteceunovale.com.br\/portal\/?p=172999","title":{"rendered":"Minas Gerais fechou 2020 com 32.717 novas vagas de emprego"},"content":{"rendered":"\n<p>Minas Gerais fechou o \u00faltimo ano com saldo de 32.717 postos formais de trabalho, resultado da admiss\u00e3o de 1.598.742 e do desligamento de 1.566.025 de trabalhadores, segundo dados do Cadastro Geral de Empregados e Desempregados (Caged), do Minist\u00e9rio da Economia, divulgados nesta quinta-feira (28\/1\/2021).<\/p>\n\n\n\n<p>Mesmo com as dificuldades impostas pela pandemia de covid-19, o Estado ficou em 4\u00ba lugar no ranking dos maiores saldos de gera\u00e7\u00e3o de postos de trabalho, atr\u00e1s\u00a0apenas de\u00a0Santa Catarina (53.050), Paran\u00e1 (52.670 e Par\u00e1 (32.789).<\/p>\n\n\n\n<p>O bom desempenho no saldo de empregos em Minas Gerais foi puxado pelos setores da constru\u00e7\u00e3o civil (25.248), ind\u00fastria (12.763) e agropecu\u00e1ria (2.693).<\/p>\n\n\n\n<h2 class=\"wp-block-heading\"><strong>Desempenho<\/strong><\/h2>\n\n\n\n<p>Depois de uma queda acentuada nas ofertas de emprego, sobretudo nos meses de abril e maio devido \u00e0 pandemia, Minas Gerais voltou a registrar saldos positivos de julho a novembro.<br><br>Em uma an\u00e1lise por setor no desempenho de dezembro\/2020, com\u00e9rcio e servi\u00e7os foram as \u00e1reas\u00a0respons\u00e1veis pelos melhores resultados, com gera\u00e7\u00e3o de 7.356 e 769 vagas de emprego e admiss\u00f5es, respectivamente.\u00a0<br><br>Segundo a diretora de Monitoramento e Articula\u00e7\u00e3o de Oportunidades de Trabalho da\u00a0Secretaria de Estado de Desenvolvimento Social (Sedese), Amanda Carvalho, esse cen\u00e1rio positivo pode se inverter neste in\u00edcio de ano, considerando os casos de cont\u00e1gio pelo novo coronav\u00edrus em muitos munic\u00edpios mineiros, que tiveram de tornar mais r\u00edgidas as\u00a0medidas de isolamento social.<br><br>\u201cCom o in\u00edcio da vacina\u00e7\u00e3o no estado em janeiro e seu avan\u00e7o ao longo do ano em todos os munic\u00edpios mineiros, a Sedese espera que a retomada dos setores econ\u00f4micos ocorra de forma crescente, trazendo para Minas Gerais um fechamento de 2021 com desempenho favor\u00e1vel na gera\u00e7\u00e3o de postos de trabalho e ocupando as primeiras posi\u00e7\u00f5es no ranking nacional de estados com melhores saldos\u201d, enfatiza.<\/p>\n\n\n\n<p class=\"has-white-color has-black-background-color has-text-color has-background\">Quer saber as not\u00edcias do <strong>Aconteceu no Vale<\/strong> em primeira m\u00e3o? Siga-nos no Facebook <a rel=\"noreferrer noopener\" href=\"http:\/\/facebook.com\/aconteceunovale\" target=\"_blank\">@aconteceunovale<\/a>, Twitter <a rel=\"noreferrer noopener\" href=\"https:\/\/twitter.com\/noticiadosvales\" target=\"_blank\">@noticiadosvales<\/a> e Instagram <a rel=\"noreferrer noopener\" href=\"https:\/\/www.instagram.com\/aconteceunovale\" target=\"_blank\">@aconteceunovale<\/a>.<\/p>\n","protected":false},"excerpt":{"rendered":"<p>Minas Gerais fechou o \u00faltimo ano com saldo de 32.717 postos formais de trabalho, resultado da admiss\u00e3o de 1.598.742 e do desligamento de 1.566.025 de trabalhadores, segundo dados do Cadastro Geral de Empregados e Desempregados (Caged), do Minist\u00e9rio da Economia, divulgados nesta quinta-feira (28\/1\/2021). Mesmo com as dificuldades impostas pela pandemia de covid-19, o Estado [&hellip;]<\/p>\n","protected":false},"author":4,"featured_media":133149,"comment_status":"open","ping_status":"closed","sticky":false,"template":"","format":"standard","meta":{"amp_status":"","footnotes":""},"categories":[40236,123],"tags":[231463,143275,1018,231462,149486,149488,235829,231461,184661,72125],"class_list":["post-172999","post","type-post","status-publish","format-standard","has-post-thumbnail","hentry","category-empregos-2","category-gerais","tag-abertura-de-vagas-em-minas-gerais","tag-caged-minas-gerais","tag-destaque","tag-emprego-formal-em-minas-gerais","tag-empregos-em-minas-gerais","tag-geracao-de-empregos-em-minas-gerais","tag-minas-gerais-fechou-2020-com-32-717-novas-vagas-de-emprego","tag-minas-gerais-tem-saldo-positivo-na-geracao-de-empregos-formais-pelo-quinto-mes-consecutivo","tag-ministerio-da-economia","tag-trabalho-em-minas-gerais"],"_links":{"self":[{"href":"https:\/\/aconteceunovale.com.br\/portal\/index.php?rest_route=\/wp\/v2\/posts\/172999","targetHints":{"allow":["GET"]}}],"collection":[{"href":"https:\/\/aconteceunovale.com.br\/portal\/index.php?rest_route=\/wp\/v2\/posts"}],"about":[{"href":"https:\/\/aconteceunovale.com.br\/portal\/index.php?rest_route=\/wp\/v2\/types\/post"}],"author":[{"embeddable":true,"href":"https:\/\/aconteceunovale.com.br\/portal\/index.php?rest_route=\/wp\/v2\/users\/4"}],"replies":[{"embeddable":true,"href":"https:\/\/aconteceunovale.com.br\/portal\/index.php?rest_route=%2Fwp%2Fv2%2Fcomments&post=172999"}],"version-history":[{"count":1,"href":"https:\/\/aconteceunovale.com.br\/portal\/index.php?rest_route=\/wp\/v2\/posts\/172999\/revisions"}],"predecessor-version":[{"id":173000,"href":"https:\/\/aconteceunovale.com.br\/portal\/index.php?rest_route=\/wp\/v2\/posts\/172999\/revisions\/173000"}],"wp:featuredmedia":[{"embeddable":true,"href":"https:\/\/aconteceunovale.com.br\/portal\/index.php?rest_route=\/wp\/v2\/media\/133149"}],"wp:attachment":[{"href":"https:\/\/aconteceunovale.com.br\/portal\/index.php?rest_route=%2Fwp%2Fv2%2Fmedia&parent=172999"}],"wp:term":[{"taxonomy":"category","embeddable":true,"href":"https:\/\/aconteceunovale.com.br\/portal\/index.php?rest_route=%2Fwp%2Fv2%2Fcategories&post=172999"},{"taxonomy":"post_tag","embeddable":true,"href":"https:\/\/aconteceunovale.com.br\/portal\/index.php?rest_route=%2Fwp%2Fv2%2Ftags&post=172999"}],"curies":[{"name":"wp","href":"https:\/\/api.w.org\/{rel}","templated":true}]}}