{"id":172994,"date":"2021-01-28T13:34:44","date_gmt":"2021-01-28T16:34:44","guid":{"rendered":"https:\/\/aconteceunovale.com.br\/portal\/?p=172994"},"modified":"2021-01-28T13:35:24","modified_gmt":"2021-01-28T16:35:24","slug":"governo-de-minas-distribui-mais-de-350-mil-doses-de-vacinas-contra-covid-19","status":"publish","type":"post","link":"https:\/\/aconteceunovale.com.br\/portal\/?p=172994","title":{"rendered":"Governo de Minas distribui mais de 350 mil doses de vacinas contra Covid-19"},"content":{"rendered":"\n<p>Em mais uma etapa da maior opera\u00e7\u00e3o de vacina\u00e7\u00e3o da hist\u00f3ria de Minas Gerais, o Governo do Estado iniciou nesta quinta-feira (28\/1) a segunda fase de distribui\u00e7\u00e3o das doses de vacinas contra a covid-19 \u00e0s 28 Unidades Regionais de Sa\u00fade (URS).<\/p>\n\n\n\n<p>A remessa totaliza 356,3 mil doses &#8211; imunizantes da AstraZenaca e da CoronaVac (simultaneamente).<\/p>\n\n\n\n<h2 class=\"wp-block-heading\"><strong>Log\u00edstica<\/strong><\/h2>\n\n\n\n<p>Logo cedo, o caminh\u00e3o refrigerado come\u00e7ou a entrega, levando 173,3 mil doses de vacinas para o aeroporto da Pampulha. A log\u00edstica de distribui\u00e7\u00e3o inclui a acomoda\u00e7\u00e3o de doses em caixas etiquetadas com informa\u00e7\u00f5es sobre o fabricante e o n\u00famero do lote. Esta remessa totalizou 32 caixas.<\/p>\n\n\n\n<p>Na sexta-feira (29\/1), a mesma opera\u00e7\u00e3o, com outras 15 caixas e 79,540 mil doses ser\u00e3o distribu\u00eddas tamb\u00e9m seguindo os protocolos de armazenagem e despacho.<\/p>\n\n\n\n<figure class=\"wp-block-gallery columns-1 is-cropped wp-block-gallery-1 is-layout-flex wp-block-gallery-is-layout-flex\"><ul class=\"blocks-gallery-grid\"><li class=\"blocks-gallery-item\"><figure><img loading=\"lazy\" decoding=\"async\" width=\"675\" height=\"450\" src=\"https:\/\/aconteceunovale.com.br\/portal\/wp-content\/uploads\/2021\/01\/distribuicao_vacinas.jpeg\" alt=\"\" data-id=\"172997\" data-full-url=\"https:\/\/aconteceunovale.com.br\/portal\/wp-content\/uploads\/2021\/01\/distribuicao_vacinas.jpeg\" data-link=\"https:\/\/aconteceunovale.com.br\/portal\/?attachment_id=172997\" class=\"wp-image-172997\" srcset=\"https:\/\/aconteceunovale.com.br\/portal\/wp-content\/uploads\/2021\/01\/distribuicao_vacinas.jpeg 675w, https:\/\/aconteceunovale.com.br\/portal\/wp-content\/uploads\/2021\/01\/distribuicao_vacinas-300x200.jpeg 300w, https:\/\/aconteceunovale.com.br\/portal\/wp-content\/uploads\/2021\/01\/distribuicao_vacinas-630x420.jpeg 630w\" sizes=\"auto, (max-width: 675px) 100vw, 675px\" \/><figcaption class=\"blocks-gallery-item__caption\"><em>Foto: Pedro Gontijo \/ Imprensa MG<\/em><\/figcaption><\/figure><\/li><\/ul><\/figure>\n\n\n\n<h2 class=\"wp-block-heading\"><strong>Transporte a\u00e9reo<\/strong><\/h2>\n\n\n\n<p>As vacinas ser\u00e3o transportadas, via a\u00e9rea, a partir do seguinte esquema de distribui\u00e7\u00e3o: 47 caixas para as Unidades Regionais de Sa\u00fade, entre quinta e sexta-feira, exceto para a URS de Belo Horizonte, que buscar\u00e1 21,860 mil doses da CoronaVac e 23,5 mil doses da AstraZeneca na Rede de Frio (centro de chegada e distribui\u00e7\u00e3o das doses, localizado no bairro&nbsp;Gameleira).<\/p>\n\n\n\n<p>A Secretaria Municipal de Sa\u00fade de Belo Horizonte vai retirar 58,1 mil doses na Rede de Frio tamb\u00e9m nesta quinta-feira (28\/1), \u00e0 tarde. Ser\u00e3o 40,5 mil doses da AstraZeneca e 17,6 mil da CoronaVac.<\/p>\n\n\n\n<h2 class=\"wp-block-heading\"><strong>Mapeamento<\/strong><\/h2>\n\n\n\n<p>O secret\u00e1rio de Estado de Sa\u00fade, Carlos Eduardo Amaral, avalia o esquema de distribui\u00e7\u00e3o, que tem sido capilarizado para atender aos 853 munic\u00edpios do estado, o mais r\u00e1pido poss\u00edvel.\u00a0\u00a0<\/p>\n\n\n\n<p>&nbsp;\u201cPara n\u00f3s, \u00e9 muito importante sabermos que todos os munic\u00edpios receber\u00e3o as doses de forma igualit\u00e1ria, podendo iniciar, ao mesmo tempo, suas campanhas\u201d.<\/p>\n\n\n\n<p>A SES-MG destaca que a log\u00edstica eficiente e segura da primeira dispers\u00e3o se repetir\u00e1 com o uso de aeronaves das frotas dos \u00f3rg\u00e3os de Seguran\u00e7a P\u00fablica do Estado: Pol\u00edcia Militar de Minas Gerais (PMMG), Corpo de Bombeiros Militar de Minas Gerais (CBMMG) e Pol\u00edcia Civil de Minas Gerais (PCMG). Tr\u00eas avi\u00f5es e dois helic\u00f3pteros fazem a entrega dos imunizantes em voos que decolam \u00e0s 8h, 8h30 e 9h na quinta (28\/1) e na sexta-feira (29\/1).<\/p>\n\n\n\n<p>\u201cO planejamento log\u00edstico desta distribui\u00e7\u00e3o foi pautado pela seguran\u00e7a e por crit\u00e9rios de isonomia, atendendo a todos os munic\u00edpios\u201d, assinala o secret\u00e1rio-adjunto Marcelo Cabral. Segundo ele, esta \u00e9 a maior raz\u00e3o para a opera\u00e7\u00e3o ser feita, prioritariamente, por via a\u00e9rea: evitar incidentes de percurso como engarrafamentos, uma vez que as vacinas s\u00e3o sens\u00edveis. A entrega aos munic\u00edpios ser\u00e1 feita a partir da segunda-feira, 1 de fevereiro, com hora marcada e escolta da Pol\u00edcia Militar durante o trajeto.<\/p>\n\n\n\n<h2 class=\"wp-block-heading\"><strong>Entrega<\/strong><\/h2>\n\n\n\n<p>As Unidades Regionais de Sa\u00fade estabelecer\u00e3o, previamente, local adequado para os ve\u00edculos estacionarem, em hor\u00e1rio agendado para a retirada das vacinas contra a covid-19.<\/p>\n\n\n\n<p>O respons\u00e1vel pelo recebimento do imunizante na Unidade dever\u00e1 assinar um termo de responsabilidade, formulado pela Subsecretaria de Vigil\u00e2ncia em Sa\u00fade, no ato de recebimento das vacinas contra covid-19.<\/p>\n\n\n\n<p>De acordo com a subsecret\u00e1ria de Vigil\u00e2ncia em Sa\u00fade, Jana\u00edna Passos, \u00e9 importante assegurar o intervalo ideal entre a aplica\u00e7\u00e3o da primeira e segunda dose. \u201cTamb\u00e9m garantirmos a seguran\u00e7a dos imunizantes por meio de armazenamento adequado at\u00e9 serem entregues aos munic\u00edpios\u201d, detalha Jana\u00edna.<\/p>\n\n\n\n<p><strong>Veja a listagem das Unidades Regionais\u00a0que receber\u00e3o vacinas desta remessa:<\/strong><\/p>\n\n\n\n<figure class=\"wp-block-table\"><table><tbody><tr><td><strong>Regional<\/strong><\/td><td class=\"has-text-align-center\" data-align=\"center\"><strong>CoronaVac 1 dose<\/strong><\/td><td class=\"has-text-align-center\" data-align=\"center\"><strong>AstraZeneca<\/strong><\/td><td class=\"has-text-align-center\" data-align=\"center\"><strong>CoronaVac 10 doses<\/strong><\/td><\/tr><tr><td>Alfenas<\/td><td class=\"has-text-align-center\" data-align=\"center\">2.440<\/td><td class=\"has-text-align-center\" data-align=\"center\">3.500<\/td><td class=\"has-text-align-center\" data-align=\"center\">1.700<\/td><\/tr><tr><td>Barbacena<\/td><td class=\"has-text-align-center\" data-align=\"center\">1.480<\/td><td class=\"has-text-align-center\" data-align=\"center\">4.500<\/td><td class=\"has-text-align-center\" data-align=\"center\">2.160<\/td><\/tr><tr><td>BH URS<\/td><td class=\"has-text-align-center\" data-align=\"center\">11.280<\/td><td class=\"has-text-align-center\" data-align=\"center\">23.500<\/td><td class=\"has-text-align-center\" data-align=\"center\">10.580<\/td><\/tr><tr><td>C. Fabriciano<\/td><td class=\"has-text-align-center\" data-align=\"center\">2.600<\/td><td class=\"has-text-align-center\" data-align=\"center\">6.000<\/td><td class=\"has-text-align-center\" data-align=\"center\">2.660<\/td><\/tr><tr><td>Diamantina<\/td><td class=\"has-text-align-center\" data-align=\"center\">1.480<\/td><td class=\"has-text-align-center\" data-align=\"center\">3.500<\/td><td class=\"has-text-align-center\" data-align=\"center\">1.600<\/td><\/tr><tr><td>Divin\u00f3polis<\/td><td class=\"has-text-align-center\" data-align=\"center\">5.000<\/td><td class=\"has-text-align-center\" data-align=\"center\">9.500<\/td><td class=\"has-text-align-center\" data-align=\"center\">4.540<\/td><\/tr><tr><td>Gov. Valadares<\/td><td class=\"has-text-align-center\" data-align=\"center\">2.120<\/td><td class=\"has-text-align-center\" data-align=\"center\">5.000<\/td><td class=\"has-text-align-center\" data-align=\"center\">2.300<\/td><\/tr><tr><td>Itabira<\/td><td class=\"has-text-align-center\" data-align=\"center\">4.200<\/td><td class=\"has-text-align-center\" data-align=\"center\">4.000<\/td><td class=\"has-text-align-center\" data-align=\"center\">1.760<\/td><\/tr><tr><td>Ituiutaba<\/td><td class=\"has-text-align-center\" data-align=\"center\">560<\/td><td class=\"has-text-align-center\" data-align=\"center\">1.500<\/td><td class=\"has-text-align-center\" data-align=\"center\">680<\/td><\/tr><tr><td>Janu\u00e1ria<\/td><td class=\"has-text-align-center\" data-align=\"center\">1.800<\/td><td class=\"has-text-align-center\" data-align=\"center\">2.500<\/td><td class=\"has-text-align-center\" data-align=\"center\">1.080<\/td><\/tr><tr><td>Ju\u00edz de Fora<\/td><td class=\"has-text-align-center\" data-align=\"center\">2.520<\/td><td class=\"has-text-align-center\" data-align=\"center\">10.000<\/td><td class=\"has-text-align-center\" data-align=\"center\">4.720<\/td><\/tr><tr><td>Leopoldina<\/td><td class=\"has-text-align-center\" data-align=\"center\">840<\/td><td class=\"has-text-align-center\" data-align=\"center\">2.000<\/td><td class=\"has-text-align-center\" data-align=\"center\">900<\/td><\/tr><tr><td>Manhua\u00e7u<\/td><td class=\"has-text-align-center\" data-align=\"center\">2.240<\/td><td class=\"has-text-align-center\" data-align=\"center\">3.000<\/td><td class=\"has-text-align-center\" data-align=\"center\">1.460<\/td><\/tr><tr><td>Montes Claros<\/td><td class=\"has-text-align-center\" data-align=\"center\">2.480<\/td><td class=\"has-text-align-center\" data-align=\"center\">9.000<\/td><td class=\"has-text-align-center\" data-align=\"center\">4.280<\/td><\/tr><tr><td>Passos<\/td><td class=\"has-text-align-center\" data-align=\"center\">5.280<\/td><td class=\"has-text-align-center\" data-align=\"center\">4.500<\/td><td class=\"has-text-align-center\" data-align=\"center\">1.940<\/td><\/tr><tr><td>Patos de Minas<\/td><td class=\"has-text-align-center\" data-align=\"center\">2.640<\/td><td class=\"has-text-align-center\" data-align=\"center\">4.500<\/td><td class=\"has-text-align-center\" data-align=\"center\">2.100<\/td><\/tr><tr><td>Pedra Azul<\/td><td class=\"has-text-align-center\" data-align=\"center\">1.000<\/td><td class=\"has-text-align-center\" data-align=\"center\">2.000<\/td><td class=\"has-text-align-center\" data-align=\"center\">1.000<\/td><\/tr><tr><td>Pirapora<\/td><td class=\"has-text-align-center\" data-align=\"center\">1.000<\/td><td class=\"has-text-align-center\" data-align=\"center\">1.000<\/td><td class=\"has-text-align-center\" data-align=\"center\">480<\/td><\/tr><tr><td>Ponte Nova<\/td><td class=\"has-text-align-center\" data-align=\"center\">1.200<\/td><td class=\"has-text-align-center\" data-align=\"center\">3.000<\/td><td class=\"has-text-align-center\" data-align=\"center\">1.540<\/td><\/tr><tr><td>Pouso Alegre<\/td><td class=\"has-text-align-center\" data-align=\"center\">4.560<\/td><td class=\"has-text-align-center\" data-align=\"center\">8.000<\/td><td class=\"has-text-align-center\" data-align=\"center\">3.900<\/td><\/tr><tr><td>S\u00e3o Jo\u00e3o Del Rei<\/td><td class=\"has-text-align-center\" data-align=\"center\">1.360<\/td><td class=\"has-text-align-center\" data-align=\"center\">2.500<\/td><td class=\"has-text-align-center\" data-align=\"center\">1.180<\/td><\/tr><tr><td>Sete Lagoas<\/td><td class=\"has-text-align-center\" data-align=\"center\">1.680<\/td><td class=\"has-text-align-center\" data-align=\"center\">4.500<\/td><td class=\"has-text-align-center\" data-align=\"center\">2.160<\/td><\/tr><tr><td>Te\u00f3filo Otoni<\/td><td class=\"has-text-align-center\" data-align=\"center\">4.800<\/td><td class=\"has-text-align-center\" data-align=\"center\">3.500<\/td><td class=\"has-text-align-center\" data-align=\"center\">1.700<\/td><\/tr><tr><td>Ub\u00e1<\/td><td class=\"has-text-align-center\" data-align=\"center\">1.080<\/td><td class=\"has-text-align-center\" data-align=\"center\">4.000<\/td><td class=\"has-text-align-center\" data-align=\"center\">1.840<\/td><\/tr><tr><td>Uberaba<\/td><td class=\"has-text-align-center\" data-align=\"center\">2.680<\/td><td class=\"has-text-align-center\" data-align=\"center\">7.000<\/td><td class=\"has-text-align-center\" data-align=\"center\">3.200<\/td><\/tr><tr><td>Uberl\u00e2ndia<\/td><td class=\"has-text-align-center\" data-align=\"center\">4.800<\/td><td class=\"has-text-align-center\" data-align=\"center\">9.000<\/td><td class=\"has-text-align-center\" data-align=\"center\">3.980<\/td><\/tr><tr><td>Una\u00ed<\/td><td class=\"has-text-align-center\" data-align=\"center\">800<\/td><td class=\"has-text-align-center\" data-align=\"center\">2.000<\/td><td class=\"has-text-align-center\" data-align=\"center\">800<\/td><\/tr><tr><td>Varginha<\/td><td class=\"has-text-align-center\" data-align=\"center\">3.560<\/td><td class=\"has-text-align-center\" data-align=\"center\">7.000<\/td><td class=\"has-text-align-center\" data-align=\"center\">3.360<\/td><\/tr><tr><td>BH SMS<\/td><td class=\"has-text-align-center\" data-align=\"center\">720<\/td><td class=\"has-text-align-center\" data-align=\"center\">40.500<\/td><td class=\"has-text-align-center\" data-align=\"center\">16.880<\/td><\/tr><tr><td><strong>Total Geral<\/strong><\/td><td class=\"has-text-align-center\" data-align=\"center\"><strong>78.200<\/strong><\/td><td class=\"has-text-align-center\" data-align=\"center\"><strong>190.500<\/strong><\/td><td class=\"has-text-align-center\" data-align=\"center\"><strong>87.600<\/strong><\/td><\/tr><\/tbody><\/table><\/figure>\n\n\n\n<p><strong>Quantitativos enviados \u00e0s URS em 28 e 29\/1<\/strong><\/p>\n\n\n\n<ul class=\"wp-block-list\"><li>CoronaVac: 78,2 mil doses (D1 + D2) correspondentes \u00e0 reserva t\u00e9cnica da primeira etapa (18\/1)<\/li><li>CoronaVac: 87,6 mil doses, 2\u00ba remessa (D1 +D2)<\/li><li>AstraZeneca: 190,5 mil doses, referentes apenas a D1<\/li><\/ul>\n\n\n\n<p><strong>P\u00fablicos Preferenciais<\/strong><\/p>\n\n\n\n<p><strong>CoronaVac:<\/strong><\/p>\n\n\n\n<ul class=\"wp-block-list\"><li>Profissionais de Sa\u00fade linha de frente covid-19<\/li><li>Pessoas com 60 anos ou mais institucionalizadas<\/li><li>Pessoas institucionalizadas, maiores de 18 anos, portadores de defici\u00eancia<\/li><li>Popula\u00e7\u00e3o ind\u00edgena aldeada<\/li><\/ul>\n\n\n\n<p><strong>AstraZeneca<\/strong><\/p>\n\n\n\n<ul class=\"wp-block-list\"><li>Trabalhadores da Sa\u00fade linha de frente covid-19<\/li><\/ul>\n\n\n\n<p class=\"has-white-color has-black-background-color has-text-color has-background\">Quer saber as not\u00edcias do <strong>Aconteceu no Vale<\/strong> em primeira m\u00e3o? Siga-nos no Facebook <a rel=\"noreferrer noopener\" href=\"http:\/\/facebook.com\/aconteceunovale\" target=\"_blank\">@aconteceunovale<\/a>, Twitter <a rel=\"noreferrer noopener\" href=\"https:\/\/twitter.com\/noticiadosvales\" target=\"_blank\">@noticiadosvales<\/a> e Instagram <a rel=\"noreferrer noopener\" href=\"https:\/\/www.instagram.com\/aconteceunovale\" target=\"_blank\">@aconteceunovale<\/a>.<\/p>\n","protected":false},"excerpt":{"rendered":"<p>Em mais uma etapa da maior opera\u00e7\u00e3o de vacina\u00e7\u00e3o da hist\u00f3ria de Minas Gerais, o Governo do Estado iniciou nesta quinta-feira (28\/1) a segunda fase de distribui\u00e7\u00e3o das doses de vacinas contra a covid-19 \u00e0s 28 Unidades Regionais de Sa\u00fade (URS). A remessa totaliza 356,3 mil doses &#8211; imunizantes da AstraZenaca e da CoronaVac (simultaneamente). [&hellip;]<\/p>\n","protected":false},"author":4,"featured_media":172997,"comment_status":"open","ping_status":"closed","sticky":false,"template":"","format":"standard","meta":{"amp_status":"","footnotes":""},"categories":[123,40242],"tags":[231330,231334,184213,231333,231337,231332,231336,178207,231331,231335],"class_list":["post-172994","post","type-post","status-publish","format-standard","has-post-thumbnail","hentry","category-gerais","category-saude-2","tag-governador-detalha-plano-de-contingencia-para-vacinacao-contra-a-covid-19-em-minas-gerais","tag-governador-detalha-plano-de-contingencia-para-vacinacao-contra-o-novo-coronavirus-em-minas-gerais","tag-governador-romeu-zema","tag-plano-de-contingencia-para-vacinacao-contra-a-covid-19-em-minas-gerais","tag-plano-de-contingencia-para-vacinacao-contra-o-novo-coronavirus-em-minas-gerais","tag-plano-para-vacinacao-contra-a-covid-19-em-minas-gerais","tag-plano-para-vacinacao-contra-o-novo-coronavirus-em-minas-gerais","tag-romeu-zema","tag-vacinacao-contra-a-covid-19-em-minas-gerais","tag-vacinacao-contra-o-novo-coronavirus-em-minas-gerais"],"_links":{"self":[{"href":"https:\/\/aconteceunovale.com.br\/portal\/index.php?rest_route=\/wp\/v2\/posts\/172994","targetHints":{"allow":["GET"]}}],"collection":[{"href":"https:\/\/aconteceunovale.com.br\/portal\/index.php?rest_route=\/wp\/v2\/posts"}],"about":[{"href":"https:\/\/aconteceunovale.com.br\/portal\/index.php?rest_route=\/wp\/v2\/types\/post"}],"author":[{"embeddable":true,"href":"https:\/\/aconteceunovale.com.br\/portal\/index.php?rest_route=\/wp\/v2\/users\/4"}],"replies":[{"embeddable":true,"href":"https:\/\/aconteceunovale.com.br\/portal\/index.php?rest_route=%2Fwp%2Fv2%2Fcomments&post=172994"}],"version-history":[{"count":3,"href":"https:\/\/aconteceunovale.com.br\/portal\/index.php?rest_route=\/wp\/v2\/posts\/172994\/revisions"}],"predecessor-version":[{"id":172998,"href":"https:\/\/aconteceunovale.com.br\/portal\/index.php?rest_route=\/wp\/v2\/posts\/172994\/revisions\/172998"}],"wp:featuredmedia":[{"embeddable":true,"href":"https:\/\/aconteceunovale.com.br\/portal\/index.php?rest_route=\/wp\/v2\/media\/172997"}],"wp:attachment":[{"href":"https:\/\/aconteceunovale.com.br\/portal\/index.php?rest_route=%2Fwp%2Fv2%2Fmedia&parent=172994"}],"wp:term":[{"taxonomy":"category","embeddable":true,"href":"https:\/\/aconteceunovale.com.br\/portal\/index.php?rest_route=%2Fwp%2Fv2%2Fcategories&post=172994"},{"taxonomy":"post_tag","embeddable":true,"href":"https:\/\/aconteceunovale.com.br\/portal\/index.php?rest_route=%2Fwp%2Fv2%2Ftags&post=172994"}],"curies":[{"name":"wp","href":"https:\/\/api.w.org\/{rel}","templated":true}]}}