{"id":172982,"date":"2021-01-27T23:28:41","date_gmt":"2021-01-28T02:28:41","guid":{"rendered":"https:\/\/aconteceunovale.com.br\/portal\/?p=172982"},"modified":"2021-01-27T23:28:54","modified_gmt":"2021-01-28T02:28:54","slug":"colisao-entre-veiculos-deixa-um-morto-e-tres-feridos-na-br-135","status":"publish","type":"post","link":"https:\/\/aconteceunovale.com.br\/portal\/?p=172982","title":{"rendered":"Colis\u00e3o entre ve\u00edculos deixa um morto e tr\u00eas feridos na BR-135"},"content":{"rendered":"\n<p>Uma pessoa morreu e tr\u00eas ficaram feridas em um acidente envolvendo dois carros na BR-135, no munic\u00edpio de Montes Claros, na manh\u00e3 desta quarta-feira (27\/1\/2021).<\/p>\n\n\n\n<p>Segundo informa\u00e7\u00f5es da Pol\u00edcia Militar Rodovi\u00e1ria, um dos motoristas tentava fazer uma ultrapassagem, em local proibido, e colidiu frontalmente contra o outro ve\u00edculo. Ele morreu no local da colis\u00e3o.<\/p>\n\n\n\n<p>Outras duas pessoas que estavam no ve\u00edculo que provocou o acidente e a motorista do carro atingido ficaram feridas e foram socorridas por equipes da Eco-135.<\/p>\n\n\n\n<p>De acordo com a assessoria, os feridos foram levados para a Santa Casa de Montes Claros. O tr\u00e2nsito ficou interditado nos dois sentidos na altura do quil\u00f4metro 394, mas foi liberado por volta das 10h.<\/p>\n\n\n\n<figure class=\"wp-block-gallery columns-1 is-cropped wp-block-gallery-1 is-layout-flex wp-block-gallery-is-layout-flex\"><ul class=\"blocks-gallery-grid\"><li class=\"blocks-gallery-item\"><figure><img loading=\"lazy\" decoding=\"async\" width=\"678\" height=\"442\" src=\"https:\/\/aconteceunovale.com.br\/portal\/wp-content\/uploads\/2021\/01\/acidente_135-1.jpeg\" alt=\"\" data-id=\"172983\" data-full-url=\"https:\/\/aconteceunovale.com.br\/portal\/wp-content\/uploads\/2021\/01\/acidente_135-1.jpeg\" data-link=\"https:\/\/aconteceunovale.com.br\/portal\/?attachment_id=172983\" class=\"wp-image-172983\" srcset=\"https:\/\/aconteceunovale.com.br\/portal\/wp-content\/uploads\/2021\/01\/acidente_135-1.jpeg 678w, https:\/\/aconteceunovale.com.br\/portal\/wp-content\/uploads\/2021\/01\/acidente_135-1-300x196.jpeg 300w, https:\/\/aconteceunovale.com.br\/portal\/wp-content\/uploads\/2021\/01\/acidente_135-1-644x420.jpeg 644w\" sizes=\"auto, (max-width: 678px) 100vw, 678px\" \/><figcaption class=\"blocks-gallery-item__caption\"><em>Foto: Pol\u00edcia Militar Rodovi\u00e1ria \/ Divulga\u00e7\u00e3o<\/em><\/figcaption><\/figure><\/li><\/ul><\/figure>\n\n\n\n<h2 class=\"wp-block-heading\"><strong>Caminh\u00e3o tomba na BR-251<\/strong><\/h2>\n\n\n\n<p>Um caminh\u00e3o carregado com ripas tombou na BR-251, em Salinas, na noite de ter\u00e7a-feira (26\/1). O acidente aconteceu no km 331 da rodovia.<\/p>\n\n\n\n<p>Segundo a Pol\u00edcia Rodovi\u00e1ria Federal, o motorista contou que perdeu o controle da dire\u00e7\u00e3o ap\u00f3s a carga mover em uma curva. Ele foi socorrido por uma equipe do Samu e levado para o hospital de Taiobeiras.<\/p>\n\n\n\n<p>Parte da carga ficou espalhada no acostamento e houve vazamento de diesel. Os bombeiros controlaram o tr\u00e2nsito at\u00e9 a chegada da PRF e depois espalharam serragem na pista para eliminar o risco de acidentes.<\/p>\n\n\n\n<figure class=\"wp-block-gallery columns-1 is-cropped wp-block-gallery-2 is-layout-flex wp-block-gallery-is-layout-flex\"><ul class=\"blocks-gallery-grid\"><li class=\"blocks-gallery-item\"><figure><img loading=\"lazy\" decoding=\"async\" width=\"678\" height=\"437\" src=\"https:\/\/aconteceunovale.com.br\/portal\/wp-content\/uploads\/2021\/01\/acidente_salinas.jpeg\" alt=\"\" data-id=\"172984\" data-full-url=\"https:\/\/aconteceunovale.com.br\/portal\/wp-content\/uploads\/2021\/01\/acidente_salinas.jpeg\" data-link=\"https:\/\/aconteceunovale.com.br\/portal\/?attachment_id=172984\" class=\"wp-image-172984\" srcset=\"https:\/\/aconteceunovale.com.br\/portal\/wp-content\/uploads\/2021\/01\/acidente_salinas.jpeg 678w, https:\/\/aconteceunovale.com.br\/portal\/wp-content\/uploads\/2021\/01\/acidente_salinas-300x193.jpeg 300w, https:\/\/aconteceunovale.com.br\/portal\/wp-content\/uploads\/2021\/01\/acidente_salinas-652x420.jpeg 652w\" sizes=\"auto, (max-width: 678px) 100vw, 678px\" \/><figcaption class=\"blocks-gallery-item__caption\"><em>Foto: Corpo de Bombeiros \/ Divulga\u00e7\u00e3o<\/em><\/figcaption><\/figure><\/li><\/ul><\/figure>\n\n\n\n<p class=\"has-white-color has-black-background-color has-text-color has-background\">Quer saber as not\u00edcias do <strong>Aconteceu no Vale<\/strong> em primeira m\u00e3o? Siga-nos no Facebook <a rel=\"noreferrer noopener\" href=\"http:\/\/facebook.com\/aconteceunovale\" target=\"_blank\">@aconteceunovale<\/a>, Twitter <a rel=\"noreferrer noopener\" href=\"https:\/\/twitter.com\/noticiadosvales\" target=\"_blank\">@noticiadosvales<\/a> e Instagram <a rel=\"noreferrer noopener\" href=\"https:\/\/www.instagram.com\/aconteceunovale\" target=\"_blank\">@aconteceunovale<\/a>.<\/p>\n","protected":false},"excerpt":{"rendered":"<p>Uma pessoa morreu e tr\u00eas ficaram feridas em um acidente envolvendo dois carros na BR-135, no munic\u00edpio de Montes Claros, na manh\u00e3 desta quarta-feira (27\/1\/2021). Segundo informa\u00e7\u00f5es da Pol\u00edcia Militar Rodovi\u00e1ria, um dos motoristas tentava fazer uma ultrapassagem, em local proibido, e colidiu frontalmente contra o outro ve\u00edculo. Ele morreu no local da colis\u00e3o. Outras [&hellip;]<\/p>\n","protected":false},"author":4,"featured_media":172983,"comment_status":"open","ping_status":"closed","sticky":false,"template":"","format":"standard","meta":{"amp_status":"","footnotes":""},"categories":[1236],"tags":[156140,16673,13619,219026,235798,95682,235797,1018,191022,210,190,419],"class_list":["post-172982","post","type-post","status-publish","format-standard","has-post-thumbnail","hentry","category-norte_de_minas","tag-acidente-com-caminhao-em-salinas","tag-acidente-em-montes-claros","tag-acidente-em-salinas","tag-caminhao-tomba-na-br-251","tag-caminhao-tomba-na-br-251-em-salinas","tag-colisao-entre-carros-em-montes-claros","tag-colisao-entre-veiculos-deixa-um-morto-e-tres-feridos-na-br-135","tag-destaque","tag-eco-135","tag-montes-claros","tag-salinas","tag-taiobeiras"],"_links":{"self":[{"href":"https:\/\/aconteceunovale.com.br\/portal\/index.php?rest_route=\/wp\/v2\/posts\/172982","targetHints":{"allow":["GET"]}}],"collection":[{"href":"https:\/\/aconteceunovale.com.br\/portal\/index.php?rest_route=\/wp\/v2\/posts"}],"about":[{"href":"https:\/\/aconteceunovale.com.br\/portal\/index.php?rest_route=\/wp\/v2\/types\/post"}],"author":[{"embeddable":true,"href":"https:\/\/aconteceunovale.com.br\/portal\/index.php?rest_route=\/wp\/v2\/users\/4"}],"replies":[{"embeddable":true,"href":"https:\/\/aconteceunovale.com.br\/portal\/index.php?rest_route=%2Fwp%2Fv2%2Fcomments&post=172982"}],"version-history":[{"count":1,"href":"https:\/\/aconteceunovale.com.br\/portal\/index.php?rest_route=\/wp\/v2\/posts\/172982\/revisions"}],"predecessor-version":[{"id":172985,"href":"https:\/\/aconteceunovale.com.br\/portal\/index.php?rest_route=\/wp\/v2\/posts\/172982\/revisions\/172985"}],"wp:featuredmedia":[{"embeddable":true,"href":"https:\/\/aconteceunovale.com.br\/portal\/index.php?rest_route=\/wp\/v2\/media\/172983"}],"wp:attachment":[{"href":"https:\/\/aconteceunovale.com.br\/portal\/index.php?rest_route=%2Fwp%2Fv2%2Fmedia&parent=172982"}],"wp:term":[{"taxonomy":"category","embeddable":true,"href":"https:\/\/aconteceunovale.com.br\/portal\/index.php?rest_route=%2Fwp%2Fv2%2Fcategories&post=172982"},{"taxonomy":"post_tag","embeddable":true,"href":"https:\/\/aconteceunovale.com.br\/portal\/index.php?rest_route=%2Fwp%2Fv2%2Ftags&post=172982"}],"curies":[{"name":"wp","href":"https:\/\/api.w.org\/{rel}","templated":true}]}}