{"id":172980,"date":"2021-01-27T22:53:54","date_gmt":"2021-01-28T01:53:54","guid":{"rendered":"https:\/\/aconteceunovale.com.br\/portal\/?p=172980"},"modified":"2021-01-27T22:54:19","modified_gmt":"2021-01-28T01:54:19","slug":"situacao-do-brasil-e-particularmente-preocupante-diz-opas","status":"publish","type":"post","link":"https:\/\/aconteceunovale.com.br\/portal\/?p=172980","title":{"rendered":"Situa\u00e7\u00e3o do Brasil \u00e9 \u201cparticularmente preocupante\u201d, diz Opas"},"content":{"rendered":"\n<p>A diretora da Organiza\u00e7\u00e3o Pan-americana de Sa\u00fade (Opas), Carissa Etienne, classificou a situa\u00e7\u00e3o do Brasil na pandemia do novo coronav\u00edrus como \u201cparticularmente preocupante\u201d. Ela destacou o esgotamento da capacidade de atendimento, a insufici\u00eancia de estruturas e as filas para leitos de Unidades de Tratamento Intensivo (UTI).<\/p>\n\n\n\n<p>\u201cAs hospitaliza\u00e7\u00f5es est\u00e3o aumentando na maior parte da regi\u00e3o. A situa\u00e7\u00e3o do Brasil \u00e9 particularmente preocupante. Em Manaus h\u00e1 crescimento dos casos. A cidade foi severamente impactada nas \u00faltimas semanas\u201d, ressaltou.<\/p>\n\n\n\n<p>A diretora da Opas relata que h\u00e1 informes de colapso do sistema de sa\u00fade em outros estados, com&nbsp;aumento das taxas de ocupa\u00e7\u00e3o dos leitos de UTI para pacientes com a covid-19.<\/p>\n\n\n\n<p>Al\u00e9m do Brasil, outros pa\u00edses na regi\u00e3o tamb\u00e9m v\u00eam apresentando crescimento da pandemia. \u201cO M\u00e9xico est\u00e1 reportando aumento. Algumas regi\u00f5es triplicando sobre as \u00faltimas semanas. Em alguns estados dos Estados Unidos e \u00e1reas do Canad\u00e1 h\u00e1 esgotamento da capacidade [de atendimento]. No Caribe pa\u00edses est\u00e3o vendo aumento das infec\u00e7\u00f5es\u201d, comentou.<\/p>\n\n\n\n<p>J\u00e1 na Argentina e no Uruguai o movimento \u00e9 de desacelera\u00e7\u00e3o. Etienne destacou a necessidade de manter as medidas de preven\u00e7\u00e3o para fazer as curvas de casos e mortes ca\u00edrem, como o distanciamento social e a higieniza\u00e7\u00e3o.<\/p>\n\n\n\n<p>Segundo ela, h\u00e1 pol\u00edticas p\u00fablicas que podem contribuir para mitigar a circula\u00e7\u00e3o do v\u00edrus. Ela citou o caso do Chile, onde foi adotado um programa de apoio a pessoas infectadas disponibilizando moradias no caso de quem n\u00e3o tinha condi\u00e7\u00f5es para&nbsp;ter&nbsp;um isolamento adequado.<\/p>\n\n\n\n<p>O subdiretor da Opas, Jarbas Barbosa, falou sobre os esfor\u00e7os para a vacina\u00e7\u00e3o dos pa\u00edses, que deve priorizar trabalhadores de sa\u00fade, popula\u00e7\u00f5es vulner\u00e1veis, idosos e pessoas com doen\u00e7as cr\u00f4nicas.<\/p>\n\n\n\n<p>Barbosa reportou que a Opas est\u00e1 em contato com fabricantes e que h\u00e1 o debate no \u00e2mbito do mecanismo Covax Facility, da OMS, para assegurar doses aos pa\u00edses da regi\u00e3o. As doses dever\u00e3o come\u00e7ar a chegar em fevereiro.&nbsp;<\/p>\n\n\n\n<h2 class=\"wp-block-heading\">1 milh\u00e3o de mortes<\/h2>\n\n\n\n<p>Carissa Etienne lembrou que as Am\u00e9ricas atingiram a marca de mais de 1 milh\u00e3o de mortes em fun\u00e7\u00e3o da pandemia. Os Estados Unidos s\u00e3o respons\u00e1veis por quase metade, com mais de 426 mil \u00f3bitos, conforme mapa da Universidade Johns Hopkins. J\u00e1 o\u00a0Brasil \u00e9 respons\u00e1vel por mais de 20% deste total, com quase 220 mil casos.\u00a0<\/p>\n\n\n\n<p class=\"has-white-color has-black-background-color has-text-color has-background\">Quer saber as not\u00edcias do <strong>Aconteceu no Vale<\/strong> em primeira m\u00e3o? Siga-nos no Facebook <a rel=\"noreferrer noopener\" href=\"http:\/\/facebook.com\/aconteceunovale\" target=\"_blank\">@aconteceunovale<\/a>, Twitter <a rel=\"noreferrer noopener\" href=\"https:\/\/twitter.com\/noticiadosvales\" target=\"_blank\">@noticiadosvales<\/a> e Instagram <a rel=\"noreferrer noopener\" href=\"https:\/\/www.instagram.com\/aconteceunovale\" target=\"_blank\">@aconteceunovale<\/a>.<\/p>\n","protected":false},"excerpt":{"rendered":"<p>A diretora da Organiza\u00e7\u00e3o Pan-americana de Sa\u00fade (Opas), Carissa Etienne, classificou a situa\u00e7\u00e3o do Brasil na pandemia do novo coronav\u00edrus como \u201cparticularmente preocupante\u201d. Ela destacou o esgotamento da capacidade de atendimento, a insufici\u00eancia de estruturas e as filas para leitos de Unidades de Tratamento Intensivo (UTI). \u201cAs hospitaliza\u00e7\u00f5es est\u00e3o aumentando na maior parte da regi\u00e3o. [&hellip;]<\/p>\n","protected":false},"author":4,"featured_media":171461,"comment_status":"open","ping_status":"closed","sticky":false,"template":"","format":"standard","meta":{"amp_status":"","footnotes":""},"categories":[6,28848,40242],"tags":[4785,220477,220660,50333,219520,218049,218205,214884,215394,216498,218043,19326,220349,218044,218045,215653,218206,219105,219104,218876,219519,74985,50332,140166,217692,220478,220479,42561,220944,220945],"class_list":["post-172980","post","type-post","status-publish","format-standard","has-post-thumbnail","hentry","category-br","category-mundo","category-saude-2","tag-brasil","tag-brasil-bate-recorde-de-obitos-e-casos-confirmados-em-um-dia","tag-brasil-ultrapassa-marca-de-4-mil-obitos-por-covid-19","tag-carissa-etienne","tag-casos-confirmados-e-obitos-no-brasil","tag-casos-de-coronavirus-no-brasil","tag-casos-de-covid-19-no-brasil","tag-coronavirus","tag-coronavirus-no-brasil","tag-covid-19","tag-covid-19-no-brasil","tag-ministerio-da-saude","tag-ministerio-da-saude-atualiza-numeros-do-coronavirus-no-brasil","tag-mortes-por-coronavirus-no-brasil","tag-mortes-por-covid-19-no-brasil","tag-novo-coronavirus","tag-numero-de-casos-de-covid-19-confirmados-no-brasil","tag-numeros-da-covid-19-no-brasil","tag-numeros-do-coronavirus-no-brasil","tag-obitos-por-coronavirus-no-brasil","tag-obitos-por-covid-19-no-brasil","tag-opas","tag-organizacao-pan-americana-de-saude","tag-pandemia","tag-pandemia-de-coronavirus","tag-recorde-de-obitos-por-coronavirus-no-brasil","tag-recorde-de-obitos-por-covid-19-no-brasil","tag-situacao-do-brasil","tag-virus-vai-atingir-70-da-populacao","tag-virus-vai-atingir-70-da-populacao-diz-jair-bolsonaro"],"_links":{"self":[{"href":"https:\/\/aconteceunovale.com.br\/portal\/index.php?rest_route=\/wp\/v2\/posts\/172980","targetHints":{"allow":["GET"]}}],"collection":[{"href":"https:\/\/aconteceunovale.com.br\/portal\/index.php?rest_route=\/wp\/v2\/posts"}],"about":[{"href":"https:\/\/aconteceunovale.com.br\/portal\/index.php?rest_route=\/wp\/v2\/types\/post"}],"author":[{"embeddable":true,"href":"https:\/\/aconteceunovale.com.br\/portal\/index.php?rest_route=\/wp\/v2\/users\/4"}],"replies":[{"embeddable":true,"href":"https:\/\/aconteceunovale.com.br\/portal\/index.php?rest_route=%2Fwp%2Fv2%2Fcomments&post=172980"}],"version-history":[{"count":1,"href":"https:\/\/aconteceunovale.com.br\/portal\/index.php?rest_route=\/wp\/v2\/posts\/172980\/revisions"}],"predecessor-version":[{"id":172981,"href":"https:\/\/aconteceunovale.com.br\/portal\/index.php?rest_route=\/wp\/v2\/posts\/172980\/revisions\/172981"}],"wp:featuredmedia":[{"embeddable":true,"href":"https:\/\/aconteceunovale.com.br\/portal\/index.php?rest_route=\/wp\/v2\/media\/171461"}],"wp:attachment":[{"href":"https:\/\/aconteceunovale.com.br\/portal\/index.php?rest_route=%2Fwp%2Fv2%2Fmedia&parent=172980"}],"wp:term":[{"taxonomy":"category","embeddable":true,"href":"https:\/\/aconteceunovale.com.br\/portal\/index.php?rest_route=%2Fwp%2Fv2%2Fcategories&post=172980"},{"taxonomy":"post_tag","embeddable":true,"href":"https:\/\/aconteceunovale.com.br\/portal\/index.php?rest_route=%2Fwp%2Fv2%2Ftags&post=172980"}],"curies":[{"name":"wp","href":"https:\/\/api.w.org\/{rel}","templated":true}]}}