{"id":172966,"date":"2021-01-27T21:06:08","date_gmt":"2021-01-28T00:06:08","guid":{"rendered":"https:\/\/aconteceunovale.com.br\/portal\/?p=172966"},"modified":"2021-01-27T21:07:16","modified_gmt":"2021-01-28T00:07:16","slug":"unileste-abre-quatro-vagas-para-contratacao-de-profissionais","status":"publish","type":"post","link":"https:\/\/aconteceunovale.com.br\/portal\/?p=172966","title":{"rendered":"Unileste abre quatro vagas para contrata\u00e7\u00e3o de profissionais"},"content":{"rendered":"\n<p>O Centro Universit\u00e1rio Cat\u00f3lica do Leste de Minas Gerais (Unileste) abriu, nesta quarta-feira (27\/1\/2021), processo seletivo para contrata\u00e7\u00e3o de profissionais que ir\u00e3o compor o corpo de colaboradores do Centro Universit\u00e1rio do Leste de Minas Gerais, no campus de Coronel Fabriciano. As vagas ofertadas pela Institui\u00e7\u00e3o s\u00e3o para\u00a0T\u00e9cnico(a) de Enfermagem, T\u00e9cnico(a) de Laborat\u00f3rio de Qu\u00edmica, Auxiliar de Administra\u00e7\u00e3o de Pessoal e Fiscal de P\u00e1tio.<\/p>\n\n\n\n<p>Os interessados nas vagas de T\u00e9cnico(a) de Enfermagem e T\u00e9cnico(a) de Laborat\u00f3rio de Qu\u00edmica, devem possuir forma\u00e7\u00e3o t\u00e9cnica nas respectivas \u00e1reas com registro ativo. Os interessados na vaga de Fiscal de P\u00e1tio devem ter ensino m\u00e9dio completo. J\u00e1 para a vaga de Auxiliar de Administra\u00e7\u00e3o de Pessoal, os candidatos devem estar com\u00a0forma\u00e7\u00e3o\u00a0em andamento em\u00a0Administra\u00e7\u00e3o,\u00a0Ci\u00eancias Cont\u00e1beis ou\u00a0Recursos Humanos.<\/p>\n\n\n\n<p>Para se candidatar, basta efetuar inscri\u00e7\u00e3o na vaga de interesse at\u00e9 o dia\u00a031\/01, na aba\u00a0<a rel=\"noreferrer noopener\" href=\"https:\/\/unileste.catolica.edu.br\/portal\/trabalhe-conosco\/\" target=\"_blank\">Trabalhe Conosco<\/a>, no site\u00a0<a rel=\"noreferrer noopener\" href=\"http:\/\/unileste.catolica.edu.br\/\" target=\"_blank\">unileste.catolica.edu.br<\/a>. No portal, os candidatos poder\u00e3o conferir os requisitos, atividades, diferenciais, \u00e1reas de atua\u00e7\u00e3o e hor\u00e1rio de trabalho.<\/p>\n\n\n\n<h2 class=\"wp-block-heading\"><strong>Benef\u00edcios<\/strong><\/h2>\n\n\n\n<p>Entre os benef\u00edcios oferecidos aos colaboradores efetivos da Institui\u00e7\u00e3o est\u00e3o: sal\u00e1rio, bolsa parcial de incentivo aos estudos para o colaborador e seus dependentes; (conforme regras da Conven\u00e7\u00e3o Coletiva de Trabalho); Vale-Transporte; Plano de Sa\u00fade com coparticipa\u00e7\u00e3o; Plano Odontol\u00f3gico sem coparticipa\u00e7\u00e3o; Seguro de Vida\/Acidente; Licen\u00e7a maternidade estendida; Folga no dia do anivers\u00e1rio; Academia de Muscula\u00e7\u00e3o e Centro Esportivo para promo\u00e7\u00e3o da sa\u00fade e qualidade de vida.<\/p>\n\n\n\n<h2 class=\"wp-block-heading\"><strong>Servi\u00e7o<\/strong><\/h2>\n\n\n\n<ul class=\"wp-block-list\"><li>Processo seletivo para vagas de\u00a0T\u00e9cnico(a) de Enfermagem, T\u00e9cnico(a) de Laborat\u00f3rio de Qu\u00edmica, Auxiliar de Administra\u00e7\u00e3o de Pessoal e Fiscal de P\u00e1tio.<\/li><\/ul>\n\n\n\n<ul class=\"wp-block-list\"><li><strong>Cadastro e inscri\u00e7\u00e3o:\u00a0<\/strong><a rel=\"noreferrer noopener\" href=\"https:\/\/unileste.catolica.edu.br\/portal\/trabalhe-conosco\/\" target=\"_blank\">https:\/\/unileste.catolica.edu.br\/portal\/trabalhe-conosco\/<\/a><\/li><\/ul>\n\n\n\n<ul class=\"wp-block-list\"><li><strong>Prazo:<\/strong>\u00a031 de janeiro<\/li><\/ul>\n\n\n\n<ul class=\"wp-block-list\"><li><strong>Mais informa\u00e7\u00f5es:<\/strong>\u00a0(31) 3846-5706 e\u00a0<a href=\"mailto:recrutamento@unileste.edu.br\">recrutamento@unileste.edu.br<\/a><\/li><\/ul>\n\n\n\n<p class=\"has-white-color has-black-background-color has-text-color has-background\">Quer saber as not\u00edcias do <strong>Aconteceu no Vale<\/strong> em primeira m\u00e3o? Siga-nos no Facebook <a rel=\"noreferrer noopener\" href=\"http:\/\/facebook.com\/aconteceunovale\" target=\"_blank\">@aconteceunovale<\/a>, Twitter <a rel=\"noreferrer noopener\" href=\"https:\/\/twitter.com\/noticiadosvales\" target=\"_blank\">@noticiadosvales<\/a> e Instagram <a rel=\"noreferrer noopener\" href=\"https:\/\/www.instagram.com\/aconteceunovale\" target=\"_blank\">@aconteceunovale<\/a>.<\/p>\n","protected":false},"excerpt":{"rendered":"<p>O Centro Universit\u00e1rio Cat\u00f3lica do Leste de Minas Gerais (Unileste) abriu, nesta quarta-feira (27\/1\/2021), processo seletivo para contrata\u00e7\u00e3o de profissionais que ir\u00e3o compor o corpo de colaboradores do Centro Universit\u00e1rio do Leste de Minas Gerais, no campus de Coronel Fabriciano. As vagas ofertadas pela Institui\u00e7\u00e3o s\u00e3o para\u00a0T\u00e9cnico(a) de Enfermagem, T\u00e9cnico(a) de Laborat\u00f3rio de Qu\u00edmica, Auxiliar [&hellip;]<\/p>\n","protected":false},"author":4,"featured_media":172627,"comment_status":"open","ping_status":"closed","sticky":false,"template":"","format":"standard","meta":{"amp_status":"","footnotes":""},"categories":[40236,121],"tags":[235275,1018,235272,235274,235273,197790,235787,235270,235276,235271],"class_list":["post-172966","post","type-post","status-publish","format-standard","has-post-thumbnail","hentry","category-empregos-2","category-leste","tag-centro-universitario-catolica-do-leste-de-minas-gerais","tag-destaque","tag-emprego-unileste","tag-oportunidade-na-unileste","tag-trabalho-na-unileste","tag-unileste","tag-unileste-abre-quatro-vagas-para-contratacao-de-profissionais","tag-unileste-abre-vagas-para-contratacao-de-profissionais-nas-areas-de-atendimento-e-manutencao","tag-unileste-coronel-fabriciano","tag-vagas-unileste"],"_links":{"self":[{"href":"https:\/\/aconteceunovale.com.br\/portal\/index.php?rest_route=\/wp\/v2\/posts\/172966","targetHints":{"allow":["GET"]}}],"collection":[{"href":"https:\/\/aconteceunovale.com.br\/portal\/index.php?rest_route=\/wp\/v2\/posts"}],"about":[{"href":"https:\/\/aconteceunovale.com.br\/portal\/index.php?rest_route=\/wp\/v2\/types\/post"}],"author":[{"embeddable":true,"href":"https:\/\/aconteceunovale.com.br\/portal\/index.php?rest_route=\/wp\/v2\/users\/4"}],"replies":[{"embeddable":true,"href":"https:\/\/aconteceunovale.com.br\/portal\/index.php?rest_route=%2Fwp%2Fv2%2Fcomments&post=172966"}],"version-history":[{"count":1,"href":"https:\/\/aconteceunovale.com.br\/portal\/index.php?rest_route=\/wp\/v2\/posts\/172966\/revisions"}],"predecessor-version":[{"id":172967,"href":"https:\/\/aconteceunovale.com.br\/portal\/index.php?rest_route=\/wp\/v2\/posts\/172966\/revisions\/172967"}],"wp:featuredmedia":[{"embeddable":true,"href":"https:\/\/aconteceunovale.com.br\/portal\/index.php?rest_route=\/wp\/v2\/media\/172627"}],"wp:attachment":[{"href":"https:\/\/aconteceunovale.com.br\/portal\/index.php?rest_route=%2Fwp%2Fv2%2Fmedia&parent=172966"}],"wp:term":[{"taxonomy":"category","embeddable":true,"href":"https:\/\/aconteceunovale.com.br\/portal\/index.php?rest_route=%2Fwp%2Fv2%2Fcategories&post=172966"},{"taxonomy":"post_tag","embeddable":true,"href":"https:\/\/aconteceunovale.com.br\/portal\/index.php?rest_route=%2Fwp%2Fv2%2Ftags&post=172966"}],"curies":[{"name":"wp","href":"https:\/\/api.w.org\/{rel}","templated":true}]}}