{"id":172962,"date":"2021-01-27T20:11:30","date_gmt":"2021-01-27T23:11:30","guid":{"rendered":"https:\/\/aconteceunovale.com.br\/portal\/?p=172962"},"modified":"2021-01-27T20:12:16","modified_gmt":"2021-01-27T23:12:16","slug":"policia-civil-prende-suspeito-de-homicidio-em-manga","status":"publish","type":"post","link":"https:\/\/aconteceunovale.com.br\/portal\/?p=172962","title":{"rendered":"Pol\u00edcia Civil prende suspeito de homic\u00eddio em Manga"},"content":{"rendered":"\n<p>A Pol\u00edcia Civil de Minas Gerais cumpriu, na ter\u00e7a-feira (26\/1\/2021), mandado de pris\u00e3o preventiva contra um suspeito de cometer homic\u00eddio em Manga (MG). O crime aconteceu neste m\u00eas e a v\u00edtima, um homem de 39 anos, foi encontrada com uma perfura\u00e7\u00e3o no abd\u00f4men e um corte na cabe\u00e7a. Ela chegou a ser socorrida, mas n\u00e3o sobreviveu.<\/p>\n\n\n\n<p>A delegada Thais Santos Duarte explica que, segundo as investiga\u00e7\u00f5es, a motiva\u00e7\u00e3o do homic\u00eddio seria uma discuss\u00e3o entre o suspeito e a v\u00edtima, ap\u00f3s esta cobrar uma d\u00edvida do investigado. \u201cAp\u00f3s a cobran\u00e7a do valor que era devido, o suspeito, usando uma faca, desferiu os golpes contra a v\u00edtima e fugiu\u201d, detalha.<\/p>\n\n\n\n<p>Com as investiga\u00e7\u00f5es, a PCMG representou pela pris\u00e3o preventiva do suspeito, que foi deferida pela Justi\u00e7a e cumprida por policiais civis.<\/p>\n\n\n\n<p class=\"has-white-color has-black-background-color has-text-color has-background\">Quer saber as not\u00edcias do <strong>Aconteceu no Vale<\/strong> em primeira m\u00e3o? Siga-nos no Facebook <a rel=\"noreferrer noopener\" href=\"http:\/\/facebook.com\/aconteceunovale\" target=\"_blank\">@aconteceunovale<\/a>, Twitter <a rel=\"noreferrer noopener\" href=\"https:\/\/twitter.com\/noticiadosvales\" target=\"_blank\">@noticiadosvales<\/a> e Instagram <a rel=\"noreferrer noopener\" href=\"https:\/\/www.instagram.com\/aconteceunovale\" target=\"_blank\">@aconteceunovale<\/a>.<\/p>\n","protected":false},"excerpt":{"rendered":"<p>A Pol\u00edcia Civil de Minas Gerais cumpriu, na ter\u00e7a-feira (26\/1\/2021), mandado de pris\u00e3o preventiva contra um suspeito de cometer homic\u00eddio em Manga (MG). O crime aconteceu neste m\u00eas e a v\u00edtima, um homem de 39 anos, foi encontrada com uma perfura\u00e7\u00e3o no abd\u00f4men e um corte na cabe\u00e7a. Ela chegou a ser socorrida, mas n\u00e3o [&hellip;]<\/p>\n","protected":false},"author":4,"featured_media":102361,"comment_status":"open","ping_status":"closed","sticky":false,"template":"","format":"standard","meta":{"amp_status":"","footnotes":""},"categories":[1236],"tags":[235780,226343,212203,1356,73868,604,235778,88395,235779],"class_list":["post-172962","post","type-post","status-publish","format-standard","has-post-thumbnail","hentry","category-norte_de_minas","tag-assassinato-em-manga","tag-delegada-thais-santos-duarte","tag-homicidio-em-manga","tag-manga","tag-morto-em-manga","tag-pcmg","tag-policia-civil-prende-suspeito-de-homicidio-em-manga","tag-preso-em-manga","tag-preso-por-homicidio-em-manga"],"_links":{"self":[{"href":"https:\/\/aconteceunovale.com.br\/portal\/index.php?rest_route=\/wp\/v2\/posts\/172962","targetHints":{"allow":["GET"]}}],"collection":[{"href":"https:\/\/aconteceunovale.com.br\/portal\/index.php?rest_route=\/wp\/v2\/posts"}],"about":[{"href":"https:\/\/aconteceunovale.com.br\/portal\/index.php?rest_route=\/wp\/v2\/types\/post"}],"author":[{"embeddable":true,"href":"https:\/\/aconteceunovale.com.br\/portal\/index.php?rest_route=\/wp\/v2\/users\/4"}],"replies":[{"embeddable":true,"href":"https:\/\/aconteceunovale.com.br\/portal\/index.php?rest_route=%2Fwp%2Fv2%2Fcomments&post=172962"}],"version-history":[{"count":1,"href":"https:\/\/aconteceunovale.com.br\/portal\/index.php?rest_route=\/wp\/v2\/posts\/172962\/revisions"}],"predecessor-version":[{"id":172963,"href":"https:\/\/aconteceunovale.com.br\/portal\/index.php?rest_route=\/wp\/v2\/posts\/172962\/revisions\/172963"}],"wp:featuredmedia":[{"embeddable":true,"href":"https:\/\/aconteceunovale.com.br\/portal\/index.php?rest_route=\/wp\/v2\/media\/102361"}],"wp:attachment":[{"href":"https:\/\/aconteceunovale.com.br\/portal\/index.php?rest_route=%2Fwp%2Fv2%2Fmedia&parent=172962"}],"wp:term":[{"taxonomy":"category","embeddable":true,"href":"https:\/\/aconteceunovale.com.br\/portal\/index.php?rest_route=%2Fwp%2Fv2%2Fcategories&post=172962"},{"taxonomy":"post_tag","embeddable":true,"href":"https:\/\/aconteceunovale.com.br\/portal\/index.php?rest_route=%2Fwp%2Fv2%2Ftags&post=172962"}],"curies":[{"name":"wp","href":"https:\/\/api.w.org\/{rel}","templated":true}]}}