{"id":172960,"date":"2021-01-27T20:02:25","date_gmt":"2021-01-27T23:02:25","guid":{"rendered":"https:\/\/aconteceunovale.com.br\/portal\/?p=172960"},"modified":"2021-01-27T20:03:22","modified_gmt":"2021-01-27T23:03:22","slug":"suspeito-de-envolvimento-em-homicidio-e-preso-em-januaria","status":"publish","type":"post","link":"https:\/\/aconteceunovale.com.br\/portal\/?p=172960","title":{"rendered":"Suspeito de envolvimento em homic\u00eddio \u00e9 preso em Janu\u00e1ria"},"content":{"rendered":"\n<p>A Pol\u00edcia Civil de Minas Gerais realizou, nesta quarta-feira (27\/1\/2021), opera\u00e7\u00e3o decorrente de investiga\u00e7\u00f5es de um homic\u00eddio e duas tentativas de homic\u00eddios ocorridos no dia 2 deste m\u00eas, nos bairros Caic e S\u00e3o Francisco, em Janu\u00e1ria (MG). Um suspeito de envolvimento nos crimes foi preso.<\/p>\n\n\n\n<p>Segundo apurado pela PCMG, os crimes ocorreram devido \u00e0 rivalidade entre integrantes de grupos criminosos daqueles bairros e do bairro S\u00e3o Domingos. Na ocasi\u00e3o, o grupo do bairro Caic atirou contra moradores do S\u00e3o Domingos e, em retalia\u00e7\u00e3o, o grupo do S\u00e3o Domingos atirou em uma lanchonete no S\u00e3o Francisco. Ao todo, duas pessoas ficaram gravemente feridas e uma faleceu.<\/p>\n\n\n\n<p>O delegado William Fernandes de Araujo ressalta que as investiga\u00e7\u00f5es prosseguem para prender outros cinco suspeitos de envolvimento nos crimes. \u201cTodos os envolvidos ser\u00e3o responsabilizados e levados \u00e0 Justi\u00e7a\u201d, alerta.<\/p>\n\n\n\n<p>O inqu\u00e9rito policial ser\u00e1 conclu\u00eddo no prazo de 30 dias e, posteriormente, remetido ao Poder Judici\u00e1rio.<\/p>\n\n\n\n<p class=\"has-white-color has-black-background-color has-text-color has-background\">Quer saber as not\u00edcias do <strong>Aconteceu no Vale<\/strong> em primeira m\u00e3o? Siga-nos no Facebook <a rel=\"noreferrer noopener\" href=\"http:\/\/facebook.com\/aconteceunovale\" target=\"_blank\">@aconteceunovale<\/a>, Twitter <a rel=\"noreferrer noopener\" href=\"https:\/\/twitter.com\/noticiadosvales\" target=\"_blank\">@noticiadosvales<\/a> e Instagram <a rel=\"noreferrer noopener\" href=\"https:\/\/www.instagram.com\/aconteceunovale\" target=\"_blank\">@aconteceunovale<\/a>.<\/p>\n","protected":false},"excerpt":{"rendered":"<p>A Pol\u00edcia Civil de Minas Gerais realizou, nesta quarta-feira (27\/1\/2021), opera\u00e7\u00e3o decorrente de investiga\u00e7\u00f5es de um homic\u00eddio e duas tentativas de homic\u00eddios ocorridos no dia 2 deste m\u00eas, nos bairros Caic e S\u00e3o Francisco, em Janu\u00e1ria (MG). Um suspeito de envolvimento nos crimes foi preso. Segundo apurado pela PCMG, os crimes ocorreram devido \u00e0 rivalidade [&hellip;]<\/p>\n","protected":false},"author":4,"featured_media":151866,"comment_status":"open","ping_status":"closed","sticky":false,"template":"","format":"standard","meta":{"amp_status":"","footnotes":""},"categories":[1236],"tags":[235774,235777,157636,205,235776,235775,63449,235773,97355],"class_list":["post-172960","post","type-post","status-publish","format-standard","has-post-thumbnail","hentry","category-norte_de_minas","tag-crimes-em-januaria","tag-delegado-william-fernandes-de-araujo","tag-homicidio-em-januaria","tag-januaria","tag-januaria-pcmg","tag-pcmg-januaria","tag-preso-em-januaria","tag-suspeito-de-envolvimento-em-homicidio-e-preso-em-januaria","tag-tentativa-de-homicidio-em-januaria"],"_links":{"self":[{"href":"https:\/\/aconteceunovale.com.br\/portal\/index.php?rest_route=\/wp\/v2\/posts\/172960","targetHints":{"allow":["GET"]}}],"collection":[{"href":"https:\/\/aconteceunovale.com.br\/portal\/index.php?rest_route=\/wp\/v2\/posts"}],"about":[{"href":"https:\/\/aconteceunovale.com.br\/portal\/index.php?rest_route=\/wp\/v2\/types\/post"}],"author":[{"embeddable":true,"href":"https:\/\/aconteceunovale.com.br\/portal\/index.php?rest_route=\/wp\/v2\/users\/4"}],"replies":[{"embeddable":true,"href":"https:\/\/aconteceunovale.com.br\/portal\/index.php?rest_route=%2Fwp%2Fv2%2Fcomments&post=172960"}],"version-history":[{"count":1,"href":"https:\/\/aconteceunovale.com.br\/portal\/index.php?rest_route=\/wp\/v2\/posts\/172960\/revisions"}],"predecessor-version":[{"id":172961,"href":"https:\/\/aconteceunovale.com.br\/portal\/index.php?rest_route=\/wp\/v2\/posts\/172960\/revisions\/172961"}],"wp:featuredmedia":[{"embeddable":true,"href":"https:\/\/aconteceunovale.com.br\/portal\/index.php?rest_route=\/wp\/v2\/media\/151866"}],"wp:attachment":[{"href":"https:\/\/aconteceunovale.com.br\/portal\/index.php?rest_route=%2Fwp%2Fv2%2Fmedia&parent=172960"}],"wp:term":[{"taxonomy":"category","embeddable":true,"href":"https:\/\/aconteceunovale.com.br\/portal\/index.php?rest_route=%2Fwp%2Fv2%2Fcategories&post=172960"},{"taxonomy":"post_tag","embeddable":true,"href":"https:\/\/aconteceunovale.com.br\/portal\/index.php?rest_route=%2Fwp%2Fv2%2Ftags&post=172960"}],"curies":[{"name":"wp","href":"https:\/\/api.w.org\/{rel}","templated":true}]}}