{"id":172954,"date":"2021-01-27T19:34:30","date_gmt":"2021-01-27T22:34:30","guid":{"rendered":"https:\/\/aconteceunovale.com.br\/portal\/?p=172954"},"modified":"2021-01-27T19:35:53","modified_gmt":"2021-01-27T22:35:53","slug":"ufmg-divulga-editais-de-selecao-para-mestrados-do-ica-em-montes-claros","status":"publish","type":"post","link":"https:\/\/aconteceunovale.com.br\/portal\/?p=172954","title":{"rendered":"UFMG divulga editais de sele\u00e7\u00e3o para mestrados do ICA em Montes Claros"},"content":{"rendered":"\n<p>Est\u00e3o abertos dois editais para sele\u00e7\u00e3o de candidatos para o\u00a0ano letivo de 2021 nos cursos de mestrado em Produ\u00e7\u00e3o Animal e Alimentos e Sa\u00fade do Instituto de Ci\u00eancias Agr\u00e1rias (ICA) em Montes Claros. Em raz\u00e3o das medidas restritivas de\u00a0conten\u00e7\u00e3o da transmiss\u00e3o do coronav\u00edrus, as inscri\u00e7\u00f5es e os processos seletivos ser\u00e3o realizados de forma remota.\u00a0<\/p>\n\n\n\n<figure class=\"wp-block-gallery columns-1 is-cropped wp-block-gallery-1 is-layout-flex wp-block-gallery-is-layout-flex\"><ul class=\"blocks-gallery-grid\"><li class=\"blocks-gallery-item\"><figure><img loading=\"lazy\" decoding=\"async\" width=\"712\" height=\"474\" src=\"https:\/\/aconteceunovale.com.br\/portal\/wp-content\/uploads\/2021\/01\/mestrado_ica.jpg\" alt=\"\" data-id=\"172955\" data-full-url=\"https:\/\/aconteceunovale.com.br\/portal\/wp-content\/uploads\/2021\/01\/mestrado_ica.jpg\" data-link=\"https:\/\/aconteceunovale.com.br\/portal\/?attachment_id=172955\" class=\"wp-image-172955\" srcset=\"https:\/\/aconteceunovale.com.br\/portal\/wp-content\/uploads\/2021\/01\/mestrado_ica.jpg 712w, https:\/\/aconteceunovale.com.br\/portal\/wp-content\/uploads\/2021\/01\/mestrado_ica-300x200.jpg 300w, https:\/\/aconteceunovale.com.br\/portal\/wp-content\/uploads\/2021\/01\/mestrado_ica-696x463.jpg 696w, https:\/\/aconteceunovale.com.br\/portal\/wp-content\/uploads\/2021\/01\/mestrado_ica-631x420.jpg 631w\" sizes=\"auto, (max-width: 712px) 100vw, 712px\" \/><figcaption class=\"blocks-gallery-item__caption\"><em>\u00c1rea de cria\u00e7\u00e3o de gado do campus do ICA, em Montes Claros (Foto: Lucas Braga \/ UFMG)<\/em><\/figcaption><\/figure><\/li><\/ul><\/figure>\n\n\n\n<h2 class=\"wp-block-heading\"><strong>Produ\u00e7\u00e3o Animal<\/strong><\/h2>\n\n\n\n<p>O processo seletivo para ingresso de estudantes no primeiro semestre letivo de 2021 do curso de Mestrado em Produ\u00e7\u00e3o Animal recebe inscri\u00e7\u00f5es at\u00e9\u00a011 de fevereiro,\u00a0por meio de\u00a0<a rel=\"noreferrer noopener\" href=\"https:\/\/docs.google.com\/forms\/d\/e\/1FAIpQLScGnOdSeaf7GpjOi6-LpxXsGq2Deii1zqxgbl-qGgjN9Movkw\/viewform\" target=\"_blank\">formul\u00e1rio on-line<\/a>. Dezessete\u00a0vagas s\u00e3o oferecidas\u00a0no\u00a0<a rel=\"noreferrer noopener\" href=\"https:\/\/www.ica.ufmg.br\/wp-content\/uploads\/2021\/01\/EDITAL_Regular_Producao-Animal_2021.18dez2020.pdf\" target=\"_blank\">edital regular<\/a>,\u00a010 das quais est\u00e3o\u00a0reservadas para candidatos autodeclarados negros. Tamb\u00e9m foi publicado\u00a0<a rel=\"noreferrer noopener\" href=\"https:\/\/www.ica.ufmg.br\/wp-content\/uploads\/2021\/01\/EDITAL_Suplementar-Producao-Animal_2021.18dez2020.pdf\" target=\"_blank\">edital suplementar<\/a>\u00a0que oferece duas\u00a0vagas para pessoas com\u00a0defici\u00eancia\u00a0ou ind\u00edgenas.<\/p>\n\n\n\n<p>O programa tem&nbsp;<a href=\"https:\/\/www.ica.ufmg.br\/?posgraduacao=producao-animal\" target=\"_blank\" rel=\"noreferrer noopener\">tr\u00eas linhas de pesquisa<\/a>:&nbsp;<em>Manejo e cria\u00e7\u00e3o de animais<\/em>,&nbsp;<em>Nutri\u00e7\u00e3o e alimenta\u00e7\u00e3o animal<\/em>&nbsp;e&nbsp;<em>Qualidade de alimentos de origem animal<\/em>.<\/p>\n\n\n\n<p>O processo seletivo \u00e9 constitu\u00eddo de etapa \u00fanica com an\u00e1lise de hist\u00f3rico escolar, curr\u00edculo e avalia\u00e7\u00e3o do projeto de pesquisa do candidato, al\u00e9m de defesa da proposta por argui\u00e7\u00e3o, em&nbsp;videoconfer\u00eancia. O projeto dever\u00e1 ser elaborado em conson\u00e2ncia&nbsp;com a linha de pesquisa e a&nbsp;\u00e1rea de estudos pretendidas. As argui\u00e7\u00f5es ser\u00e3o realizadas nos dias 25 e 26 de fevereiro, e o resultado final ser\u00e1 divulgado em&nbsp;3 de mar\u00e7o.<\/p>\n\n\n\n<p>A homologa\u00e7\u00e3o das inscri\u00e7\u00f5es ser\u00e1 publicada&nbsp;na aba do&nbsp;<a href=\"https:\/\/www.ica.ufmg.br\/?posgraduacao=producao-animal\" target=\"_blank\" rel=\"noreferrer noopener\">Programa de Mestrado<\/a>, no&nbsp;<a href=\"https:\/\/www.ica.ufmg.br\/?posgraduacao=producao-animal\" target=\"_blank\" rel=\"noreferrer noopener\">site do ICA<\/a>.&nbsp;<\/p>\n\n\n\n<h2 class=\"wp-block-heading\"><strong>Alimentos e Sa\u00fade<\/strong><\/h2>\n\n\n\n<p>Os interessados em participar do processo seletivo do\u00a0mestrado em Alimentos e Sa\u00fade poder\u00e3o se inscrever at\u00e9\u00a07 de fevereiro.\u00a0S\u00e3o oferecidas 14 vagas no\u00a0<a rel=\"noreferrer noopener\" href=\"https:\/\/www.ica.ufmg.br\/wp-content\/uploads\/2021\/01\/Edital-Regular-CMAS_2021-06jan2021.pdf\" target=\"_blank\">edital regular<\/a>, das quais tr\u00eas est\u00e3o\u00a0reservadas a candidatos autodeclarados negros. No\u00a0<a rel=\"noreferrer noopener\" href=\"https:\/\/www.ica.ufmg.br\/wp-content\/uploads\/2021\/01\/EDITAL_Suplementar-Producao-Animal_2021.18dez2020.pdf\" target=\"_blank\">edital suplementar<\/a>, o curso oferece duas\u00a0vagas para pessoas com\u00a0defici\u00eancia ou ind\u00edgenas.<\/p>\n\n\n\n<p>Os candidatos dever\u00e3o enviar propostas adequadas a uma das tr\u00eas linhas de pesquisa do curso:&nbsp;<em>Processos e controles em ci\u00eancia de alimentos aplicados \u00e0 sa\u00fade, Efeitos dos alimentos e suas tecnologias na fisiopatologia e nutri\u00e7\u00e3o<\/em>&nbsp;e&nbsp;<em>Alimentos, microbiologia e modula\u00e7\u00e3o biomolecular.<\/em><\/p>\n\n\n\n<p>A inscri\u00e7\u00f5es devem ser feitas&nbsp;exclusivamente pela internet, e todos os documentos exigidos no edital devem ser encaminhados para&nbsp;colegiadoalimentosesaude@gmail.com. O processo de sele\u00e7\u00e3o, que&nbsp;ser\u00e1 realizado a&nbsp;dist\u00e2ncia, ter\u00e1&nbsp;tr\u00eas etapas: avalia\u00e7\u00e3o de conhecimentos espec\u00edficos, de projeto de pesquisa e do curr\u00edculo.<\/p>\n\n\n\n<p>A homologa\u00e7\u00e3o das inscri\u00e7\u00f5es ser\u00e1 divulgada na&nbsp;<a href=\"https:\/\/www.ica.ufmg.br\/?posgraduacao=producao-animal\/\" target=\"_blank\" rel=\"noreferrer noopener\">p\u00e1gina do curso<\/a>&nbsp;no dia 10 de fevereiro. O resultado final dever\u00e1 ser anunciado&nbsp;no dia 26 do mesmo m\u00eas.<\/p>\n\n\n\n<p>Os editais e outras informa\u00e7\u00f5es est\u00e3o dispon\u00edveis no\u00a0<a rel=\"noreferrer noopener\" href=\"https:\/\/www.ica.ufmg.br\/?posgraduacao=producao-animal\" target=\"_blank\">site do ICA<\/a>.<\/p>\n\n\n\n<p class=\"has-white-color has-black-background-color has-text-color has-background\">Quer saber as not\u00edcias do <strong>Aconteceu no Vale<\/strong> em primeira m\u00e3o? Siga-nos no Facebook <a rel=\"noreferrer noopener\" href=\"http:\/\/facebook.com\/aconteceunovale\" target=\"_blank\">@aconteceunovale<\/a>, Twitter <a rel=\"noreferrer noopener\" href=\"https:\/\/twitter.com\/noticiadosvales\" target=\"_blank\">@noticiadosvales<\/a> e Instagram <a rel=\"noreferrer noopener\" href=\"https:\/\/www.instagram.com\/aconteceunovale\" target=\"_blank\">@aconteceunovale<\/a>.<\/p>\n","protected":false},"excerpt":{"rendered":"<p>Est\u00e3o abertos dois editais para sele\u00e7\u00e3o de candidatos para o\u00a0ano letivo de 2021 nos cursos de mestrado em Produ\u00e7\u00e3o Animal e Alimentos e Sa\u00fade do Instituto de Ci\u00eancias Agr\u00e1rias (ICA) em Montes Claros. Em raz\u00e3o das medidas restritivas de\u00a0conten\u00e7\u00e3o da transmiss\u00e3o do coronav\u00edrus, as inscri\u00e7\u00f5es e os processos seletivos ser\u00e3o realizados de forma remota.\u00a0 Produ\u00e7\u00e3o [&hellip;]<\/p>\n","protected":false},"author":4,"featured_media":172955,"comment_status":"open","ping_status":"closed","sticky":false,"template":"","format":"standard","meta":{"amp_status":"","footnotes":""},"categories":[40238,1236],"tags":[1018,181059,235770,235771,235769,235768,210,874,235767],"class_list":["post-172954","post","type-post","status-publish","format-standard","has-post-thumbnail","hentry","category-educacao-2","category-norte_de_minas","tag-destaque","tag-ica-em-montes-claros","tag-mestrado-em-alimentos-e-saude-no-ica-em-montes-claros","tag-mestrado-em-montes-claros","tag-mestrado-em-producao-animal-no-ica-em-montes-claros","tag-mestrado-no-ica-em-montes-claros","tag-montes-claros","tag-ufmg","tag-ufmg-divulga-editais-de-selecao-para-mestrados-do-ica-em-montes-claros"],"_links":{"self":[{"href":"https:\/\/aconteceunovale.com.br\/portal\/index.php?rest_route=\/wp\/v2\/posts\/172954","targetHints":{"allow":["GET"]}}],"collection":[{"href":"https:\/\/aconteceunovale.com.br\/portal\/index.php?rest_route=\/wp\/v2\/posts"}],"about":[{"href":"https:\/\/aconteceunovale.com.br\/portal\/index.php?rest_route=\/wp\/v2\/types\/post"}],"author":[{"embeddable":true,"href":"https:\/\/aconteceunovale.com.br\/portal\/index.php?rest_route=\/wp\/v2\/users\/4"}],"replies":[{"embeddable":true,"href":"https:\/\/aconteceunovale.com.br\/portal\/index.php?rest_route=%2Fwp%2Fv2%2Fcomments&post=172954"}],"version-history":[{"count":1,"href":"https:\/\/aconteceunovale.com.br\/portal\/index.php?rest_route=\/wp\/v2\/posts\/172954\/revisions"}],"predecessor-version":[{"id":172956,"href":"https:\/\/aconteceunovale.com.br\/portal\/index.php?rest_route=\/wp\/v2\/posts\/172954\/revisions\/172956"}],"wp:featuredmedia":[{"embeddable":true,"href":"https:\/\/aconteceunovale.com.br\/portal\/index.php?rest_route=\/wp\/v2\/media\/172955"}],"wp:attachment":[{"href":"https:\/\/aconteceunovale.com.br\/portal\/index.php?rest_route=%2Fwp%2Fv2%2Fmedia&parent=172954"}],"wp:term":[{"taxonomy":"category","embeddable":true,"href":"https:\/\/aconteceunovale.com.br\/portal\/index.php?rest_route=%2Fwp%2Fv2%2Fcategories&post=172954"},{"taxonomy":"post_tag","embeddable":true,"href":"https:\/\/aconteceunovale.com.br\/portal\/index.php?rest_route=%2Fwp%2Fv2%2Ftags&post=172954"}],"curies":[{"name":"wp","href":"https:\/\/api.w.org\/{rel}","templated":true}]}}