{"id":17294,"date":"2013-12-31T12:40:36","date_gmt":"2013-12-31T14:40:36","guid":{"rendered":"http:\/\/aconteceunovale.com.br\/portal\/?p=17294"},"modified":"2013-12-31T12:40:36","modified_gmt":"2013-12-31T14:40:36","slug":"prefeitura-de-itamarandiba-adquire-micro-onibus-para-o-transporte-de-pacientes-a-belo-horizonte","status":"publish","type":"post","link":"https:\/\/aconteceunovale.com.br\/portal\/?p=17294","title":{"rendered":"Prefeitura de Itamarandiba adquire micro-\u00f4nibus para o transporte de pacientes \u00e0 Belo Horizonte"},"content":{"rendered":"<p>O transporte de pacientes para Belo Horizonte conta a partir de 1\u00ba de janeiro de 2014 com mais 01 micro-\u00f4nibus adquirido pela Prefeitura Municipal de Itamarandiba.<\/p>\n<p><img decoding=\"async\" src=\"http:\/\/aconteceunovale.com.br\/portal\/wp-content\/uploads\/2013\/12\/novo_micro_ita.jpg\" alt=\"\" \/><\/p>\n<p>O ve\u00edculo j\u00e1 chegou ao munic\u00edpio e o Prefeito Erildo Gomes, mencionando o apoio dado aos pacientes itamarandibanos nas cidades de Belo Horizonte, Diamantina e Montes Claros, comemorou a conquista de mais um veiculo, o qual segundo ele, ser\u00e1 de grande valia \u00e0 toda popula\u00e7\u00e3o. \u201cSempre estamos aptos a buscar o melhor para a nossa gente. Esse micro-\u00f4nibus est\u00e1 adaptado para atender portadores de necessidades especiais e vai propiciar mais conforto e seguran\u00e7a \u00e0 todos que necessitam ir \u00e0 capital mineira para realizar tratamento de sa\u00fade.\u201d, diz.<\/p>\n","protected":false},"excerpt":{"rendered":"<p>O transporte de pacientes para Belo Horizonte conta a partir de 1\u00ba de janeiro de 2014 com mais 01 micro-\u00f4nibus adquirido pela Prefeitura Municipal de Itamarandiba. O ve\u00edculo j\u00e1 chegou ao munic\u00edpio e o Prefeito Erildo Gomes, mencionando o apoio dado aos pacientes itamarandibanos nas cidades de Belo Horizonte, Diamantina e Montes Claros, comemorou a [&hellip;]<\/p>\n","protected":false},"author":1,"featured_media":0,"comment_status":"open","ping_status":"closed","sticky":false,"template":"","format":"standard","meta":{"amp_status":"","footnotes":""},"categories":[120],"tags":[149,2321,2320],"class_list":["post-17294","post","type-post","status-publish","format-standard","hentry","category-jequi","tag-itamarandiba","tag-prefeito-erildo-gomes","tag-prefeitura-de-itamarandiba-adquire-micro-onibus-para-o-transporte-de-pacientes-a-belo-horizonte"],"_links":{"self":[{"href":"https:\/\/aconteceunovale.com.br\/portal\/index.php?rest_route=\/wp\/v2\/posts\/17294","targetHints":{"allow":["GET"]}}],"collection":[{"href":"https:\/\/aconteceunovale.com.br\/portal\/index.php?rest_route=\/wp\/v2\/posts"}],"about":[{"href":"https:\/\/aconteceunovale.com.br\/portal\/index.php?rest_route=\/wp\/v2\/types\/post"}],"author":[{"embeddable":true,"href":"https:\/\/aconteceunovale.com.br\/portal\/index.php?rest_route=\/wp\/v2\/users\/1"}],"replies":[{"embeddable":true,"href":"https:\/\/aconteceunovale.com.br\/portal\/index.php?rest_route=%2Fwp%2Fv2%2Fcomments&post=17294"}],"version-history":[{"count":0,"href":"https:\/\/aconteceunovale.com.br\/portal\/index.php?rest_route=\/wp\/v2\/posts\/17294\/revisions"}],"wp:attachment":[{"href":"https:\/\/aconteceunovale.com.br\/portal\/index.php?rest_route=%2Fwp%2Fv2%2Fmedia&parent=17294"}],"wp:term":[{"taxonomy":"category","embeddable":true,"href":"https:\/\/aconteceunovale.com.br\/portal\/index.php?rest_route=%2Fwp%2Fv2%2Fcategories&post=17294"},{"taxonomy":"post_tag","embeddable":true,"href":"https:\/\/aconteceunovale.com.br\/portal\/index.php?rest_route=%2Fwp%2Fv2%2Ftags&post=17294"}],"curies":[{"name":"wp","href":"https:\/\/api.w.org\/{rel}","templated":true}]}}