{"id":172939,"date":"2021-01-27T16:16:59","date_gmt":"2021-01-27T19:16:59","guid":{"rendered":"https:\/\/aconteceunovale.com.br\/portal\/?p=172939"},"modified":"2021-01-27T16:18:42","modified_gmt":"2021-01-27T19:18:42","slug":"saiba-como-economizar-energia-em-dias-de-calor","status":"publish","type":"post","link":"https:\/\/aconteceunovale.com.br\/portal\/?p=172939","title":{"rendered":"Saiba como economizar energia em dias de calor"},"content":{"rendered":"\n<p>O ver\u00e3o brasileiro exige o uso de eletrodom\u00e9ticos que amenizam o calor: ventiladores, climatizadores de ar e aparelhos de ar-condicionado. Contudo, o uso desses equipamentos requer aten\u00e7\u00e3o, pois impactam a conta de luz. Diante das altas temperaturas, o que fazer para gastar menos sem abrir m\u00e3o do conforto? A seguir, a&nbsp;<a href=\"http:\/\/www.cemig.com.br\/\" target=\"_blank\" rel=\"noreferrer noopener\">Cemig<\/a>&nbsp;lista algumas dicas para otimizar o uso dos aparelhos que refrescam a rotina.&nbsp;&nbsp;&nbsp;&nbsp;<\/p>\n\n\n\n<p>Mais popular entre os aparelhos, o ventilador tamb\u00e9m \u00e9 o que possui menor pot\u00eancia. Por ter custo mais baixo, \u00e9 o preferido para aplacar o calor. Por\u00e9m, vale um cuidado. Thiago Batista, engenheiro de Efici\u00eancia Energ\u00e9tica da Cemig, destaca que, apesar de gastar menos energia, \u00e9 preciso prestar aten\u00e7\u00e3o no tempo de utiliza\u00e7\u00e3o do ventilador.<\/p>\n\n\n\n<p>\u201cO consumo de energia depende, basicamente, de duas vari\u00e1veis: pot\u00eancia em Watts (W) dos equipamentos e do tempo de utiliza\u00e7\u00e3o (em horas). Para utilizar corretamente a energia, deve-se atuar nessas duas vari\u00e1veis. Por isso, mesmo que o ventilador tenha uma pot\u00eancia menor, se o aparelho ficar ligado por um per\u00edodo muito longo, o cliente poder\u00e1 ter um aumento significativo na conta de energia\u201d, pondera.<\/p>\n\n\n\n<h2 class=\"wp-block-heading\"><strong>Ar-condicionado<\/strong><\/h2>\n\n\n\n<p>O especialista tamb\u00e9m esclarece que o ar-condicionado tem uma pot\u00eancia elevada e que funciona de forma similar \u00e0 geladeira, s\u00f3 que retirando o ar quente do ambiente. Por isso, recomenda que o consumidor tamb\u00e9m fique atento ao tempo de utiliza\u00e7\u00e3o.<\/p>\n\n\n\n<p>Para quem pensa em adquirir um aparelho desse tipo, vale outra dica: o ideal \u00e9 comprar os que t\u00eam selo Procel ou que venham com a etiqueta do Inmetro com a letra \u201cA\u201d, pois s\u00e3o os mais eficientes.<\/p>\n\n\n\n<p>\u201cPara as resid\u00eancias, existem dois modelos: o do tipo janela (menos eficiente) e o Split, que \u00e9 mais eficiente. Na aquisi\u00e7\u00e3o de qualquer um deles deve-se dar prefer\u00eancia para \u00e0queles cujo selo tamb\u00e9m indica a m\u00e9dia prov\u00e1vel de consumo mensal\u201d, afirma.<\/p>\n\n\n\n<p>Batista ainda destaca uma vantagem dos modelos Split.&nbsp; Segundo ele, o modelo tem op\u00e7\u00f5es com tecnologia \u2018Inverter\u2019, que \u00e9 ainda mais eficiente, pois trabalha na medida certa para manter a temperatura ajustada.<\/p>\n\n\n\n<p>O especialista lista outras dicas de economia para o uso adequado dos equipamentos de ar-condicionado. \u201c\u00c9 importante manter o ambiente fechado; colocar cortinas ou persianas para evitar a incid\u00eancia de luz solar; manter a temperatura em 23 ou 24 graus \u2013 que \u00e9 a de conforto.&nbsp; Essas a\u00e7\u00f5es contribuem para a utiliza\u00e7\u00e3o dos aparelhos de forma consciente e aproveitando seus benef\u00edcios\u201d, afirma.<\/p>\n\n\n\n<p>Al\u00e9m disso, o engenheiro da Cemig destaca que todos os protocolos das organiza\u00e7\u00f5es de sa\u00fade est\u00e3o recomendando, neste momento de pandemia, a n\u00e3o utiliza\u00e7\u00e3o do ar-condicionado, uma vez que \u00e9 importante a circula\u00e7\u00e3o e renova\u00e7\u00e3o do ar em ambiente fechados. Mas, caso o uso do aparelho seja imprescind\u00edvel, \u00e9 importante que o filtro passe por limpeza frequente.<\/p>\n\n\n\n<h2 class=\"wp-block-heading\"><strong>Economia no banho<\/strong><\/h2>\n\n\n\n<p>Boa not\u00edcia \u00e9 que o maior gasto com aparelhos de ventila\u00e7\u00e3o e refrigera\u00e7\u00e3o tendem a ser compensados pela economia com o chuveiro quente, equipamento que consome muita energia e costuma ser respons\u00e1vel por grande fatia da conta de luz.<\/p>\n\n\n\n<p>\u201cAo colocar a chave do chuveiro na posi\u00e7\u00e3o ver\u00e3o, as pessoas podem ter economia de, aproximadamente, 30% do consumo do aparelho ligado em sua pot\u00eancia m\u00e1xima. Mas, mesmo assim, \u00e9 importante que o tempo seja mantido, pois n\u00e3o adianta diminuir a pot\u00eancia do equipamento e aumentar o tempo de banho\u201d, alerta Batista.<\/p>\n\n\n\n<p class=\"has-white-color has-black-background-color has-text-color has-background\">Quer saber as not\u00edcias do <strong>Aconteceu no Vale<\/strong> em primeira m\u00e3o? Siga-nos no Facebook <a rel=\"noreferrer noopener\" href=\"http:\/\/facebook.com\/aconteceunovale\" target=\"_blank\">@aconteceunovale<\/a>, Twitter <a rel=\"noreferrer noopener\" href=\"https:\/\/twitter.com\/noticiadosvales\" target=\"_blank\">@noticiadosvales<\/a> e Instagram <a rel=\"noreferrer noopener\" href=\"https:\/\/www.instagram.com\/aconteceunovale\" target=\"_blank\">@aconteceunovale<\/a>.<\/p>\n","protected":false},"excerpt":{"rendered":"<p>O ver\u00e3o brasileiro exige o uso de eletrodom\u00e9ticos que amenizam o calor: ventiladores, climatizadores de ar e aparelhos de ar-condicionado. Contudo, o uso desses equipamentos requer aten\u00e7\u00e3o, pois impactam a conta de luz. Diante das altas temperaturas, o que fazer para gastar menos sem abrir m\u00e3o do conforto? A seguir, a&nbsp;Cemig&nbsp;lista algumas dicas para otimizar [&hellip;]<\/p>\n","protected":false},"author":4,"featured_media":100767,"comment_status":"open","ping_status":"closed","sticky":false,"template":"","format":"standard","meta":{"amp_status":"","footnotes":""},"categories":[123],"tags":[347,1018,56391,46705,235744,18747,235743,235745,346,123231,147609],"class_list":["post-172939","post","type-post","status-publish","format-standard","has-post-thumbnail","hentry","category-gerais","tag-cemig","tag-destaque","tag-dicas-cemig","tag-dicas-para-economizar-energia","tag-economia-com-ar-condicionado","tag-economia-de-energia","tag-economia-de-energia-em-dias-de-calor","tag-economia-no-banho","tag-economizar-energia","tag-eficiencia-energetica-da-cemig","tag-thiago-batista"],"_links":{"self":[{"href":"https:\/\/aconteceunovale.com.br\/portal\/index.php?rest_route=\/wp\/v2\/posts\/172939","targetHints":{"allow":["GET"]}}],"collection":[{"href":"https:\/\/aconteceunovale.com.br\/portal\/index.php?rest_route=\/wp\/v2\/posts"}],"about":[{"href":"https:\/\/aconteceunovale.com.br\/portal\/index.php?rest_route=\/wp\/v2\/types\/post"}],"author":[{"embeddable":true,"href":"https:\/\/aconteceunovale.com.br\/portal\/index.php?rest_route=\/wp\/v2\/users\/4"}],"replies":[{"embeddable":true,"href":"https:\/\/aconteceunovale.com.br\/portal\/index.php?rest_route=%2Fwp%2Fv2%2Fcomments&post=172939"}],"version-history":[{"count":1,"href":"https:\/\/aconteceunovale.com.br\/portal\/index.php?rest_route=\/wp\/v2\/posts\/172939\/revisions"}],"predecessor-version":[{"id":172940,"href":"https:\/\/aconteceunovale.com.br\/portal\/index.php?rest_route=\/wp\/v2\/posts\/172939\/revisions\/172940"}],"wp:featuredmedia":[{"embeddable":true,"href":"https:\/\/aconteceunovale.com.br\/portal\/index.php?rest_route=\/wp\/v2\/media\/100767"}],"wp:attachment":[{"href":"https:\/\/aconteceunovale.com.br\/portal\/index.php?rest_route=%2Fwp%2Fv2%2Fmedia&parent=172939"}],"wp:term":[{"taxonomy":"category","embeddable":true,"href":"https:\/\/aconteceunovale.com.br\/portal\/index.php?rest_route=%2Fwp%2Fv2%2Fcategories&post=172939"},{"taxonomy":"post_tag","embeddable":true,"href":"https:\/\/aconteceunovale.com.br\/portal\/index.php?rest_route=%2Fwp%2Fv2%2Ftags&post=172939"}],"curies":[{"name":"wp","href":"https:\/\/api.w.org\/{rel}","templated":true}]}}