{"id":172936,"date":"2021-01-27T10:33:02","date_gmt":"2021-01-27T13:33:02","guid":{"rendered":"https:\/\/aconteceunovale.com.br\/portal\/?p=172936"},"modified":"2021-01-27T10:34:57","modified_gmt":"2021-01-27T13:34:57","slug":"policia-civil-apreende-arma-usada-em-tentativa-de-homicidio-em-bocaiuva","status":"publish","type":"post","link":"https:\/\/aconteceunovale.com.br\/portal\/?p=172936","title":{"rendered":"Pol\u00edcia Civil apreende arma usada em tentativa de homic\u00eddio em Bocaiuva"},"content":{"rendered":"\n<p>A Pol\u00edcia Civil de Minas Gerais (PCMG) efetuou, nessa ter\u00e7a-feira (26\/1\/2021), a apreens\u00e3o de uma arma de fogo usada em crime de homic\u00eddio tentado, ocorrido no \u00faltimo dia 16, no munic\u00edpio de Bocaiuva. A partir das investiga\u00e7\u00f5es, a equipe identificou o suspeito e apurou que a motiva\u00e7\u00e3o do crime est\u00e1 relacionada com a disputa por tr\u00e1fico de drogas na regi\u00e3o.<\/p>\n\n\n\n<figure class=\"wp-block-gallery columns-1 is-cropped wp-block-gallery-1 is-layout-flex wp-block-gallery-is-layout-flex\"><ul class=\"blocks-gallery-grid\"><li class=\"blocks-gallery-item\"><figure><img loading=\"lazy\" decoding=\"async\" width=\"678\" height=\"439\" src=\"https:\/\/aconteceunovale.com.br\/portal\/wp-content\/uploads\/2021\/01\/arma_bocaiuva.jpg\" alt=\"\" data-id=\"172937\" data-full-url=\"https:\/\/aconteceunovale.com.br\/portal\/wp-content\/uploads\/2021\/01\/arma_bocaiuva.jpg\" data-link=\"https:\/\/aconteceunovale.com.br\/portal\/?attachment_id=172937\" class=\"wp-image-172937\" srcset=\"https:\/\/aconteceunovale.com.br\/portal\/wp-content\/uploads\/2021\/01\/arma_bocaiuva.jpg 678w, https:\/\/aconteceunovale.com.br\/portal\/wp-content\/uploads\/2021\/01\/arma_bocaiuva-300x194.jpg 300w, https:\/\/aconteceunovale.com.br\/portal\/wp-content\/uploads\/2021\/01\/arma_bocaiuva-649x420.jpg 649w\" sizes=\"auto, (max-width: 678px) 100vw, 678px\" \/><figcaption class=\"blocks-gallery-item__caption\"><em>Foto: Divulga\u00e7\u00e3o\/PCMG<\/em><\/figcaption><\/figure><\/li><\/ul><\/figure>\n\n\n\n<p>No dia dos fatos, a v\u00edtima foi atingida quando estava em via p\u00fablica. O suspeito se posicionou do lado contr\u00e1rio da rua e efetuou o disparo, em seguida, fugiu por uma mata. A v\u00edtima foi socorrida com perfura\u00e7\u00f5es no t\u00f3rax e no pesco\u00e7o.<\/p>\n\n\n\n<p>O suspeito prestou declara\u00e7\u00f5es e, diante das provas reunidas pela equipe, assumiu a autoria dos disparos. O investigado ainda levou os policiais at\u00e9 o local onde havia guardado a arma, na Comunidade de Andirino, distante 20 quil\u00f4metros de Bocaiuva. Trata-se de uma espingarda cartucheira, calibre 36 e com duas muni\u00e7\u00f5es deflagradas, que foi apreendida e enviada ao setor de per\u00edcia t\u00e9cnica.<\/p>\n\n\n\n<p>De acordo com o delegado Leonardo Diniz, o inqu\u00e9rito encontra-se em andamento na unidade policial e, ao fim do trabalho investigativo, o suspeito ser\u00e1 indiciado pelo crime praticado. \u201cEm dez dias do crime, nossa equipe identificou o suspeito e apreendeu a arma usada por ele. Isso demonstra o compromisso da institui\u00e7\u00e3o com a sociedade de Bocaiuva e regi\u00e3o\u201d, pontua.<\/p>\n\n\n\n<p class=\"has-white-color has-black-background-color has-text-color has-background\">Quer saber as not\u00edcias do <strong>Aconteceu no Vale<\/strong> em primeira m\u00e3o? Siga-nos no Facebook <a rel=\"noreferrer noopener\" href=\"http:\/\/facebook.com\/aconteceunovale\" target=\"_blank\">@aconteceunovale<\/a>, Twitter <a rel=\"noreferrer noopener\" href=\"https:\/\/twitter.com\/noticiadosvales\" target=\"_blank\">@noticiadosvales<\/a> e Instagram <a rel=\"noreferrer noopener\" href=\"https:\/\/www.instagram.com\/aconteceunovale\" target=\"_blank\">@aconteceunovale<\/a>.<\/p>\n","protected":false},"excerpt":{"rendered":"<p>A Pol\u00edcia Civil de Minas Gerais (PCMG) efetuou, nessa ter\u00e7a-feira (26\/1\/2021), a apreens\u00e3o de uma arma de fogo usada em crime de homic\u00eddio tentado, ocorrido no \u00faltimo dia 16, no munic\u00edpio de Bocaiuva. A partir das investiga\u00e7\u00f5es, a equipe identificou o suspeito e apurou que a motiva\u00e7\u00e3o do crime est\u00e1 relacionada com a disputa por [&hellip;]<\/p>\n","protected":false},"author":4,"featured_media":172937,"comment_status":"open","ping_status":"closed","sticky":false,"template":"","format":"standard","meta":{"amp_status":"","footnotes":""},"categories":[1236],"tags":[183556,183557,645,92424,76352,604,235740,235741,235742],"class_list":["post-172936","post","type-post","status-publish","format-standard","has-post-thumbnail","hentry","category-norte_de_minas","tag-apreensao-de-arma-em-bocaiuva","tag-arma-apreendida-em-bocaiuva","tag-bocaiuva","tag-delegado-de-bocaiuva","tag-delegado-leonardo-diniz","tag-pcmg","tag-policia-civil-apreende-arma-usada-em-tentativa-de-homicidio-em-bocaiuva","tag-preso-por-tentativa-de-homicidio-em-bocaiuva","tag-tentativa-de-homicidio-em-bocaiuva"],"_links":{"self":[{"href":"https:\/\/aconteceunovale.com.br\/portal\/index.php?rest_route=\/wp\/v2\/posts\/172936","targetHints":{"allow":["GET"]}}],"collection":[{"href":"https:\/\/aconteceunovale.com.br\/portal\/index.php?rest_route=\/wp\/v2\/posts"}],"about":[{"href":"https:\/\/aconteceunovale.com.br\/portal\/index.php?rest_route=\/wp\/v2\/types\/post"}],"author":[{"embeddable":true,"href":"https:\/\/aconteceunovale.com.br\/portal\/index.php?rest_route=\/wp\/v2\/users\/4"}],"replies":[{"embeddable":true,"href":"https:\/\/aconteceunovale.com.br\/portal\/index.php?rest_route=%2Fwp%2Fv2%2Fcomments&post=172936"}],"version-history":[{"count":1,"href":"https:\/\/aconteceunovale.com.br\/portal\/index.php?rest_route=\/wp\/v2\/posts\/172936\/revisions"}],"predecessor-version":[{"id":172938,"href":"https:\/\/aconteceunovale.com.br\/portal\/index.php?rest_route=\/wp\/v2\/posts\/172936\/revisions\/172938"}],"wp:featuredmedia":[{"embeddable":true,"href":"https:\/\/aconteceunovale.com.br\/portal\/index.php?rest_route=\/wp\/v2\/media\/172937"}],"wp:attachment":[{"href":"https:\/\/aconteceunovale.com.br\/portal\/index.php?rest_route=%2Fwp%2Fv2%2Fmedia&parent=172936"}],"wp:term":[{"taxonomy":"category","embeddable":true,"href":"https:\/\/aconteceunovale.com.br\/portal\/index.php?rest_route=%2Fwp%2Fv2%2Fcategories&post=172936"},{"taxonomy":"post_tag","embeddable":true,"href":"https:\/\/aconteceunovale.com.br\/portal\/index.php?rest_route=%2Fwp%2Fv2%2Ftags&post=172936"}],"curies":[{"name":"wp","href":"https:\/\/api.w.org\/{rel}","templated":true}]}}