{"id":172931,"date":"2021-01-27T10:22:30","date_gmt":"2021-01-27T13:22:30","guid":{"rendered":"https:\/\/aconteceunovale.com.br\/portal\/?p=172931"},"modified":"2021-01-27T22:41:24","modified_gmt":"2021-01-28T01:41:24","slug":"governo-federal-gastou-r-18-bilhao-em-alimentos-no-ano-de-2020-r-15-milhoes-apenas-com-leite-condensado","status":"publish","type":"post","link":"https:\/\/aconteceunovale.com.br\/portal\/?p=172931","title":{"rendered":"Governo federal gastou R$ 1,8 bilh\u00e3o em alimentos no ano de 2020; R$ 15 milh\u00f5es apenas com leite condensado"},"content":{"rendered":"\n<p>A rotina do presidente Jair Bolsonaro de colocar leite condensado no p\u00e3o no caf\u00e9 da manh\u00e3 fica bem aparente na tabela de compras do Executivo Federal. Levantamento divulgado pelo&nbsp;Portal Metr\u00f3poles&nbsp;no domingo (25\/1\/2021) mostra que o item est\u00e1 entre os principais gastos do governo em alimentos.<\/p>\n\n\n\n<figure class=\"wp-block-image size-large\"><img loading=\"lazy\" decoding=\"async\" width=\"630\" height=\"450\" src=\"https:\/\/aconteceunovale.com.br\/portal\/wp-content\/uploads\/2021\/01\/bolsonaro-1.jpg\" alt=\"\" class=\"wp-image-172933\" srcset=\"https:\/\/aconteceunovale.com.br\/portal\/wp-content\/uploads\/2021\/01\/bolsonaro-1.jpg 630w, https:\/\/aconteceunovale.com.br\/portal\/wp-content\/uploads\/2021\/01\/bolsonaro-1-300x214.jpg 300w, https:\/\/aconteceunovale.com.br\/portal\/wp-content\/uploads\/2021\/01\/bolsonaro-1-100x70.jpg 100w, https:\/\/aconteceunovale.com.br\/portal\/wp-content\/uploads\/2021\/01\/bolsonaro-1-588x420.jpg 588w\" sizes=\"auto, (max-width: 630px) 100vw, 630px\" \/><figcaption><em>Bolsonaro toma caf\u00e9 da manh\u00e3 com leite condensado (Reprodu\u00e7\u00e3o)<\/em><\/figcaption><\/figure>\n\n\n\n<p>Segundo o&nbsp;<a href=\"https:\/\/www.metropoles.com\/brasil\/mais-de-r-18-bilhao-em-compras-carrinho-do-governo-federal-tem-de-sagu-a-chicletes\" target=\"_blank\" rel=\"noreferrer noopener\">(M)dados,<\/a>&nbsp;foram R$ 15.641.777,49 gastos apenas em Leite Condensado no ano de 2020. Com base no Painel de Compras, do Minist\u00e9rio da Economia, o Metr\u00f3poles estimou gastos de mais de R$ 1,8 bilh\u00e3o no carrinho de compras do governo, um aumento de 20%.<\/p>\n\n\n\n<p>Al\u00e9m dos itens de \u201ccesta b\u00e1sica\u201d, chamam aten\u00e7\u00e3o os R$ 16,5 milh\u00f5es gastos em batata frita embalada, R$ 13,4 milh\u00f5es em barra de cereal, R$ 12,4 milh\u00f5es em ervilha em conserva, R$ 21,4 milh\u00f5es em iogurte natural. S\u00f3 em goma de mascar, foram R$ 2.203.681.<\/p>\n\n\n\n<p>Em 2019, primeiro ano de governo, os gastos com leite condensado foram ainda maiores: R$ 26 milh\u00f5es, segundo o portal de compras do governo.<\/p>\n\n\n\n<h2 class=\"wp-block-heading\"><strong>Confira&nbsp;o levantamento:<\/strong><\/h2>\n\n\n\n<div class=\"flourish-embed flourish-table\" data-src=\"visualisation\/5042812\"><script src=\"https:\/\/public.flourish.studio\/resources\/embed.js\"><\/script><\/div>\n\n\n\n<h2 class=\"wp-block-heading\"><strong>Minist\u00e9rio da Defesa divulga nota sobre custos de alimenta\u00e7\u00e3o de militares<\/strong><\/h2>\n\n\n\n<p>O Minist\u00e9rio da Defesa divulgou hoje (27\/1\/2021) uma nota \u00e0 imprensa para esclarecer os gastos das For\u00e7as Armadas com alimenta\u00e7\u00e3o. Nesta semana, mat\u00e9rias jornal\u00edsticas questionaram a legalidade das compras de comida para os militares. Segundo o minist\u00e9rio, os valores s\u00e3o compat\u00edveis com as tarefas das tropas.&nbsp;<\/p>\n\n\n\n<p>De acordo com a pasta, os militares n\u00e3o recebem nenhum valor referente ao pagamento de aux\u00edlio alimenta\u00e7\u00e3o, sendo obrigat\u00f3ria por lei a disponibiliza\u00e7\u00e3o de alimenta\u00e7\u00e3o aos que est\u00e3o em atividade.&nbsp;<\/p>\n\n\n\n<p>Segundo o minist\u00e9rio, desde 2017, o gasto di\u00e1rio com a compra de alimentos \u00e9 de R$ 9 por militar, valor que n\u00e3o \u00e9 reajustado h\u00e1 tr\u00eas anos e que \u00e9 usado para custear o caf\u00e9 da manh\u00e3, almo\u00e7o e o jantar dos militares que comp\u00f5em as For\u00e7as Armadas.<\/p>\n\n\n\n<p>Sobre a compra de itens como leite condensado, o minist\u00e9rio explicou que o produto pode ser usado para substituir o leite comum, devido ao seu alto potencial energ\u00e9tico e melhor conserva\u00e7\u00e3o em altas temperaturas.&nbsp;<\/p>\n\n\n\n<p>No caso da compra de gomas de mascar, o minist\u00e9rio afirmou que o produto \u00e9 usado na higiene bucal quando ocorre a impossibilidade de escova\u00e7\u00e3o e para aliviar os efeitos da press\u00e3o durante a atividade a\u00e9rea.&nbsp;<\/p>\n\n\n\n<p>Em todo o pa\u00eds, o efetivo \u00e9 de 370 mil militares, que est\u00e3o alocados em 1,6 mil organiza\u00e7\u00f5es militares.<\/p>\n\n\n\n<p class=\"has-white-color has-black-background-color has-text-color has-background\">Quer saber as not\u00edcias do <strong>Aconteceu no Vale<\/strong> em primeira m\u00e3o? Siga-nos no Facebook <a rel=\"noreferrer noopener\" href=\"http:\/\/facebook.com\/aconteceunovale\" target=\"_blank\">@aconteceunovale<\/a>, Twitter <a rel=\"noreferrer noopener\" href=\"https:\/\/twitter.com\/noticiadosvales\" target=\"_blank\">@noticiadosvales<\/a> e Instagram <a rel=\"noreferrer noopener\" href=\"https:\/\/www.instagram.com\/aconteceunovale\" target=\"_blank\">@aconteceunovale<\/a>.<\/p>\n","protected":false},"excerpt":{"rendered":"<p>A rotina do presidente Jair Bolsonaro de colocar leite condensado no p\u00e3o no caf\u00e9 da manh\u00e3 fica bem aparente na tabela de compras do Executivo Federal. Levantamento divulgado pelo&nbsp;Portal Metr\u00f3poles&nbsp;no domingo (25\/1\/2021) mostra que o item est\u00e1 entre os principais gastos do governo em alimentos. Segundo o&nbsp;(M)dados,&nbsp;foram R$ 15.641.777,49 gastos apenas em Leite Condensado no [&hellip;]<\/p>\n","protected":false},"author":4,"featured_media":172934,"comment_status":"open","ping_status":"closed","sticky":false,"template":"","format":"standard","meta":{"amp_status":"","footnotes":""},"categories":[6],"tags":[235737,235736,235738,235739,235732,235731,235735,235730,235729,235733,184405,4610,26436,235734],"class_list":["post-172931","post","type-post","status-publish","format-standard","has-post-thumbnail","hentry","category-br","tag-gasto-do-governo-federal-com-barra-de-cereal","tag-gasto-do-governo-federal-com-batata-frita","tag-gasto-do-governo-federal-com-ervilha","tag-gasto-do-governo-federal-com-iogurte","tag-gastos-do-governo-bolsonaro-com-alimentacao","tag-gastos-do-governo-bolsonaro-com-alimentos","tag-gastos-do-governo-bolsonaro-com-leite-condensado","tag-gastos-do-governo-federal-com-alimentacao","tag-gastos-do-governo-federal-com-alimentos","tag-gastos-do-governo-federal-com-leite-condensado","tag-governo-bolsonaro","tag-governo-federal","tag-jair-bolsonaro","tag-leite-condensado-bolsonaro"],"_links":{"self":[{"href":"https:\/\/aconteceunovale.com.br\/portal\/index.php?rest_route=\/wp\/v2\/posts\/172931","targetHints":{"allow":["GET"]}}],"collection":[{"href":"https:\/\/aconteceunovale.com.br\/portal\/index.php?rest_route=\/wp\/v2\/posts"}],"about":[{"href":"https:\/\/aconteceunovale.com.br\/portal\/index.php?rest_route=\/wp\/v2\/types\/post"}],"author":[{"embeddable":true,"href":"https:\/\/aconteceunovale.com.br\/portal\/index.php?rest_route=\/wp\/v2\/users\/4"}],"replies":[{"embeddable":true,"href":"https:\/\/aconteceunovale.com.br\/portal\/index.php?rest_route=%2Fwp%2Fv2%2Fcomments&post=172931"}],"version-history":[{"count":3,"href":"https:\/\/aconteceunovale.com.br\/portal\/index.php?rest_route=\/wp\/v2\/posts\/172931\/revisions"}],"predecessor-version":[{"id":172978,"href":"https:\/\/aconteceunovale.com.br\/portal\/index.php?rest_route=\/wp\/v2\/posts\/172931\/revisions\/172978"}],"wp:featuredmedia":[{"embeddable":true,"href":"https:\/\/aconteceunovale.com.br\/portal\/index.php?rest_route=\/wp\/v2\/media\/172934"}],"wp:attachment":[{"href":"https:\/\/aconteceunovale.com.br\/portal\/index.php?rest_route=%2Fwp%2Fv2%2Fmedia&parent=172931"}],"wp:term":[{"taxonomy":"category","embeddable":true,"href":"https:\/\/aconteceunovale.com.br\/portal\/index.php?rest_route=%2Fwp%2Fv2%2Fcategories&post=172931"},{"taxonomy":"post_tag","embeddable":true,"href":"https:\/\/aconteceunovale.com.br\/portal\/index.php?rest_route=%2Fwp%2Fv2%2Ftags&post=172931"}],"curies":[{"name":"wp","href":"https:\/\/api.w.org\/{rel}","templated":true}]}}