{"id":172928,"date":"2021-01-27T09:51:28","date_gmt":"2021-01-27T12:51:28","guid":{"rendered":"https:\/\/aconteceunovale.com.br\/portal\/?p=172928"},"modified":"2021-01-27T09:51:45","modified_gmt":"2021-01-27T12:51:45","slug":"policia-civil-prende-homem-que-tentou-matar-o-sogro-em-porteirinha-no-norte-de-minas","status":"publish","type":"post","link":"https:\/\/aconteceunovale.com.br\/portal\/?p=172928","title":{"rendered":"Pol\u00edcia Civil prende homem que tentou matar o sogro em Porteirinha, no Norte de Minas"},"content":{"rendered":"\n<p>A Pol\u00edcia Civil de Minas Gerais (PCMG) cumpriu, na tarde de segunda-feira (25\/1\/2021), mandado de pris\u00e3o preventiva de um homem, de 31 anos, suspeito de homic\u00eddio tentado contra o sogro dele, de 36. O crime aconteceu em 15 de novembro de 2020, na Pra\u00e7a Odilon Coelho, regi\u00e3o central de Porteirinha.<\/p>\n\n\n\n<p>No dia dos fatos, segundo as investiga\u00e7\u00f5es, a v\u00edtima participava de comemora\u00e7\u00e3o da vit\u00f3ria de candidato eleito a cargo no Executivo Municipal. O suspeito a abordou em via p\u00fablica e desferiu v\u00e1rios golpes de faca, atingindo a regi\u00e3o abdominal dela. O homem foi socorrido por terceiros at\u00e9 o hospital. Mesmo debilitado gravemente, relatou o nome do agressor.<\/p>\n\n\n\n<p>Segundo a delegada Wendy Martins Moreira, a v\u00edtima informou que o companheiro da pr\u00f3pria filha teria desferido os golpes de faca e fugido em seguida. Ainda de acordo com a delegada, as investiga\u00e7\u00f5es apontam que o suspeito foi movido por desaven\u00e7as anteriores, decorrentes de conflitos familiares, para praticar o crime.<\/p>\n\n\n\n<p>Diante da gravidade dos fatos, a Pol\u00edcia Civil representou pela pris\u00e3o preventiva do suspeito e o mandado foi deferido pelo Poder Judici\u00e1rio. O investigado encontra-se \u00e0 disposi\u00e7\u00e3o da Justi\u00e7a no Sistema Prisional.<\/p>\n\n\n\n<p>A delegada ressalta que essa pris\u00e3o \u00e9 mais uma resposta pontual dada pela PCMG \u00e0 popula\u00e7\u00e3o local no combate \u00e0 criminalidade violenta e promo\u00e7\u00e3o da seguran\u00e7a e pacifica\u00e7\u00e3o social na regi\u00e3o.<\/p>\n\n\n\n<p class=\"has-white-color has-black-background-color has-text-color has-background\">Quer saber as not\u00edcias do <strong>Aconteceu no Vale<\/strong> em primeira m\u00e3o? Siga-nos no Facebook <a rel=\"noreferrer noopener\" href=\"http:\/\/facebook.com\/aconteceunovale\" target=\"_blank\">@aconteceunovale<\/a>, Twitter <a rel=\"noreferrer noopener\" href=\"https:\/\/twitter.com\/noticiadosvales\" target=\"_blank\">@noticiadosvales<\/a> e Instagram <a rel=\"noreferrer noopener\" href=\"https:\/\/www.instagram.com\/aconteceunovale\" target=\"_blank\">@aconteceunovale<\/a>.<\/p>\n","protected":false},"excerpt":{"rendered":"<p>A Pol\u00edcia Civil de Minas Gerais (PCMG) cumpriu, na tarde de segunda-feira (25\/1\/2021), mandado de pris\u00e3o preventiva de um homem, de 31 anos, suspeito de homic\u00eddio tentado contra o sogro dele, de 36. O crime aconteceu em 15 de novembro de 2020, na Pra\u00e7a Odilon Coelho, regi\u00e3o central de Porteirinha. No dia dos fatos, segundo [&hellip;]<\/p>\n","protected":false},"author":4,"featured_media":172929,"comment_status":"open","ping_status":"closed","sticky":false,"template":"","format":"standard","meta":{"amp_status":"","footnotes":""},"categories":[1236],"tags":[226211,235727,604,235725,1194,175311,235728,235726],"class_list":["post-172928","post","type-post","status-publish","format-standard","has-post-thumbnail","hentry","category-norte_de_minas","tag-delegada-wendy-martins-moreira","tag-esfaqueado-em-porteirinha","tag-pcmg","tag-policia-civil-prende-homem-que-tentou-matar-o-sogro-em-porteirinha","tag-porteirinha","tag-preso-em-porteirinha","tag-preso-por-tentativa-de-homicidio-em-porteirinha","tag-tentativa-de-homicidio-em-porteirinha"],"_links":{"self":[{"href":"https:\/\/aconteceunovale.com.br\/portal\/index.php?rest_route=\/wp\/v2\/posts\/172928","targetHints":{"allow":["GET"]}}],"collection":[{"href":"https:\/\/aconteceunovale.com.br\/portal\/index.php?rest_route=\/wp\/v2\/posts"}],"about":[{"href":"https:\/\/aconteceunovale.com.br\/portal\/index.php?rest_route=\/wp\/v2\/types\/post"}],"author":[{"embeddable":true,"href":"https:\/\/aconteceunovale.com.br\/portal\/index.php?rest_route=\/wp\/v2\/users\/4"}],"replies":[{"embeddable":true,"href":"https:\/\/aconteceunovale.com.br\/portal\/index.php?rest_route=%2Fwp%2Fv2%2Fcomments&post=172928"}],"version-history":[{"count":1,"href":"https:\/\/aconteceunovale.com.br\/portal\/index.php?rest_route=\/wp\/v2\/posts\/172928\/revisions"}],"predecessor-version":[{"id":172930,"href":"https:\/\/aconteceunovale.com.br\/portal\/index.php?rest_route=\/wp\/v2\/posts\/172928\/revisions\/172930"}],"wp:featuredmedia":[{"embeddable":true,"href":"https:\/\/aconteceunovale.com.br\/portal\/index.php?rest_route=\/wp\/v2\/media\/172929"}],"wp:attachment":[{"href":"https:\/\/aconteceunovale.com.br\/portal\/index.php?rest_route=%2Fwp%2Fv2%2Fmedia&parent=172928"}],"wp:term":[{"taxonomy":"category","embeddable":true,"href":"https:\/\/aconteceunovale.com.br\/portal\/index.php?rest_route=%2Fwp%2Fv2%2Fcategories&post=172928"},{"taxonomy":"post_tag","embeddable":true,"href":"https:\/\/aconteceunovale.com.br\/portal\/index.php?rest_route=%2Fwp%2Fv2%2Ftags&post=172928"}],"curies":[{"name":"wp","href":"https:\/\/api.w.org\/{rel}","templated":true}]}}