{"id":172924,"date":"2021-01-27T09:34:00","date_gmt":"2021-01-27T12:34:00","guid":{"rendered":"https:\/\/aconteceunovale.com.br\/portal\/?p=172924"},"modified":"2021-01-27T09:35:26","modified_gmt":"2021-01-27T12:35:26","slug":"preso-em-minas-gerais-homem-que-abusava-da-filha-de-seis-anos-e-transmitia-ao-vivo-internet","status":"publish","type":"post","link":"https:\/\/aconteceunovale.com.br\/portal\/?p=172924","title":{"rendered":"Preso em Minas Gerais homem que abusava da filha de seis anos e transmitia ao vivo internet"},"content":{"rendered":"\n<p>A Pol\u00edcia Civil de Minas Gerais (PCMG), em apoio \u00e0 Pol\u00edcia Civil do Estado de Goi\u00e1s (PCGO), prendeu, na manh\u00e3 dessa ter\u00e7a-feira (26\/1\/2021), um homem suspeito de produzir e divulgar em uma rede social imagens \u00edntimas da pr\u00f3pria filha, de 6 anos. O investigado, de 39, foi localizado em uma cidade no Centro-Oeste mineiro. O celular dele e um caderno da v\u00edtima foram apreendidos.<\/p>\n\n\n\n<figure class=\"wp-block-gallery columns-1 is-cropped wp-block-gallery-1 is-layout-flex wp-block-gallery-is-layout-flex\"><ul class=\"blocks-gallery-grid\"><li class=\"blocks-gallery-item\"><figure><img loading=\"lazy\" decoding=\"async\" width=\"678\" height=\"411\" src=\"https:\/\/aconteceunovale.com.br\/portal\/wp-content\/uploads\/2021\/01\/preso_mg_coletiva.jpeg\" alt=\"\" data-id=\"172926\" data-full-url=\"https:\/\/aconteceunovale.com.br\/portal\/wp-content\/uploads\/2021\/01\/preso_mg_coletiva.jpeg\" data-link=\"https:\/\/aconteceunovale.com.br\/portal\/?attachment_id=172926\" class=\"wp-image-172926\" srcset=\"https:\/\/aconteceunovale.com.br\/portal\/wp-content\/uploads\/2021\/01\/preso_mg_coletiva.jpeg 678w, https:\/\/aconteceunovale.com.br\/portal\/wp-content\/uploads\/2021\/01\/preso_mg_coletiva-300x182.jpeg 300w\" sizes=\"auto, (max-width: 678px) 100vw, 678px\" \/><figcaption class=\"blocks-gallery-item__caption\"><em>Foto: Divulga\u00e7\u00e3o \/ PCMG<\/em><\/figcaption><\/figure><\/li><\/ul><\/figure>\n\n\n\n<p>De acordo com a titular da Delegacia Estadual de Repress\u00e3o a Crimes Cibern\u00e9ticos da PCGO, delegada Sabrina Leves de Lima, as investiga\u00e7\u00f5es come\u00e7aram a partir do recebimento de den\u00fancia de uma testemunha, com informa\u00e7\u00f5es de que um homem estaria transmitindo imagens de uma crian\u00e7a nua em um aplicativo de celular. Al\u00e9m disso, estaria exibindo a pr\u00e1tica de atos libidinosos na v\u00edtima, conforme os usu\u00e1rios solicitavam, em troca de criptomoedas, que posteriormente poderiam ser convertidas em real. Com a den\u00fancia, ainda foram apresentados trechos de v\u00eddeos produzidos pelo investigado.<\/p>\n\n\n\n<p>Ap\u00f3s as apura\u00e7\u00f5es realizadas pela PCGO, a investiga\u00e7\u00e3o foi encaminhada \u00e0 PCMG, que representou judicialmente pela pris\u00e3o do investigado e pela busca e apreens\u00e3o domiciliar. \u201cQuestionado sobre os fatos, o pai da crian\u00e7a confessou a autoria dos v\u00eddeos. Ao final do inqu\u00e9rito, ele poder\u00e1 ser indiciado pelos crimes de estupro de vulner\u00e1vel e satisfa\u00e7\u00e3o de lasc\u00edvia mediante presen\u00e7a de crian\u00e7a\u201d, informa o delegado Douglas Barcelos, respons\u00e1vel pelas investiga\u00e7\u00f5es na Delegacia Regional em Par\u00e1 de Minas.<\/p>\n\n\n\n<p>Conforme apurado, suspeito e v\u00edtima s\u00e3o moradores de uma pequena cidade do interior de Minas Gerais. Al\u00e9m disso, as informa\u00e7\u00f5es levantadas pela Pol\u00edcia Civil de Goi\u00e1s apontam que o homem possui intenso contato com a filha e ostenta, em sua foto de perfil em um aplicativo, uma imagem na qual ele aparece beijando a boca da menina.<\/p>\n\n\n\n<p>O delegado regional em Par\u00e1 de Minas, Carlos Henrique Gomes Bueno, destaca o trabalho executado pelas equipes. \u201cA pris\u00e3o desse investigado s\u00f3 foi poss\u00edvel gra\u00e7as \u00e0 atua\u00e7\u00e3o integrada das pol\u00edcias civis de Minas Gerais e de Goi\u00e1s\u201d, pontua. E a delegada Sabrina Leves refor\u00e7a que o resultado alcan\u00e7ado \u201cfoi poss\u00edvel pela atitude corajosa da denunciante e pelo trabalho policial em conjunto, o que certamente resultou no acolhimento da crian\u00e7a\u201d.<\/p>\n\n\n\n<p>As investiga\u00e7\u00f5es foram realizadas pela Delegacia Estadual de Repress\u00e3o a Crimes Cibern\u00e9ticos da PCGO, com apoio da PCMG em Par\u00e1 de Minas e Pitangui.<\/p>\n\n\n\n<h2 class=\"wp-block-heading\"><strong>Outras informa\u00e7\u00f5es<\/strong><\/h2>\n\n\n\n<p>O delegado Carlos Henrique Gomes Bueno fala sobre a a\u00e7\u00e3o policial. Confira o v\u00eddeo:<\/p>\n\n\n\n<figure class=\"wp-block-embed is-type-rich is-provider-incorporar-manipulador wp-block-embed-incorporar-manipulador wp-embed-aspect-16-9 wp-has-aspect-ratio\"><div class=\"wp-block-embed__wrapper\">\n<iframe loading=\"lazy\" title=\"A\u00e7\u00e3o conjunta entre as Pol\u00edcias Civis prende suspeito de divulgar imagens de nudez da filha\" width=\"696\" height=\"392\" src=\"https:\/\/www.youtube.com\/embed\/24lMJCFOjFo?feature=oembed\" frameborder=\"0\" allow=\"accelerometer; autoplay; clipboard-write; encrypted-media; gyroscope; picture-in-picture\" allowfullscreen><\/iframe>\n<\/div><\/figure>\n\n\n\n<p class=\"has-white-color has-black-background-color has-text-color has-background\">Quer saber as not\u00edcias do <strong>Aconteceu no Vale<\/strong> em primeira m\u00e3o? Siga-nos no Facebook <a rel=\"noreferrer noopener\" href=\"http:\/\/facebook.com\/aconteceunovale\" target=\"_blank\">@aconteceunovale<\/a>, Twitter <a rel=\"noreferrer noopener\" href=\"https:\/\/twitter.com\/noticiadosvales\" target=\"_blank\">@noticiadosvales<\/a> e Instagram <a rel=\"noreferrer noopener\" href=\"https:\/\/www.instagram.com\/aconteceunovale\" target=\"_blank\">@aconteceunovale<\/a>.<\/p>\n","protected":false},"excerpt":{"rendered":"<p>A Pol\u00edcia Civil de Minas Gerais (PCMG), em apoio \u00e0 Pol\u00edcia Civil do Estado de Goi\u00e1s (PCGO), prendeu, na manh\u00e3 dessa ter\u00e7a-feira (26\/1\/2021), um homem suspeito de produzir e divulgar em uma rede social imagens \u00edntimas da pr\u00f3pria filha, de 6 anos. O investigado, de 39, foi localizado em uma cidade no Centro-Oeste mineiro. O [&hellip;]<\/p>\n","protected":false},"author":4,"featured_media":172926,"comment_status":"open","ping_status":"closed","sticky":false,"template":"","format":"standard","meta":{"amp_status":"","footnotes":""},"categories":[123],"tags":[235720,235722,235721,235724,962,235719,604,20686,235718,44644,235717,235723],"class_list":["post-172924","post","type-post","status-publish","format-standard","has-post-thumbnail","hentry","category-gerais","tag-delegacia-estadual-de-repressao-a-crimes-ciberneticos-da-pcgo","tag-delegacia-regional-em-para-de-minas","tag-delegada-sabrina-leves-de-lima","tag-delegado-carlos-henrique-gomes-bueno","tag-para-de-minas","tag-pcgo","tag-pcmg","tag-pitangui","tag-policia-civil-de-goias","tag-policia-civil-de-minas-gerais","tag-preso-em-minas-gerais-homem-que-abusava-da-filha-de-seis-anos-e-transmitia-ao-vivo-internet","tag-preso-em-para-de-minas"],"_links":{"self":[{"href":"https:\/\/aconteceunovale.com.br\/portal\/index.php?rest_route=\/wp\/v2\/posts\/172924","targetHints":{"allow":["GET"]}}],"collection":[{"href":"https:\/\/aconteceunovale.com.br\/portal\/index.php?rest_route=\/wp\/v2\/posts"}],"about":[{"href":"https:\/\/aconteceunovale.com.br\/portal\/index.php?rest_route=\/wp\/v2\/types\/post"}],"author":[{"embeddable":true,"href":"https:\/\/aconteceunovale.com.br\/portal\/index.php?rest_route=\/wp\/v2\/users\/4"}],"replies":[{"embeddable":true,"href":"https:\/\/aconteceunovale.com.br\/portal\/index.php?rest_route=%2Fwp%2Fv2%2Fcomments&post=172924"}],"version-history":[{"count":1,"href":"https:\/\/aconteceunovale.com.br\/portal\/index.php?rest_route=\/wp\/v2\/posts\/172924\/revisions"}],"predecessor-version":[{"id":172927,"href":"https:\/\/aconteceunovale.com.br\/portal\/index.php?rest_route=\/wp\/v2\/posts\/172924\/revisions\/172927"}],"wp:featuredmedia":[{"embeddable":true,"href":"https:\/\/aconteceunovale.com.br\/portal\/index.php?rest_route=\/wp\/v2\/media\/172926"}],"wp:attachment":[{"href":"https:\/\/aconteceunovale.com.br\/portal\/index.php?rest_route=%2Fwp%2Fv2%2Fmedia&parent=172924"}],"wp:term":[{"taxonomy":"category","embeddable":true,"href":"https:\/\/aconteceunovale.com.br\/portal\/index.php?rest_route=%2Fwp%2Fv2%2Fcategories&post=172924"},{"taxonomy":"post_tag","embeddable":true,"href":"https:\/\/aconteceunovale.com.br\/portal\/index.php?rest_route=%2Fwp%2Fv2%2Ftags&post=172924"}],"curies":[{"name":"wp","href":"https:\/\/api.w.org\/{rel}","templated":true}]}}