{"id":172909,"date":"2021-01-26T22:48:43","date_gmt":"2021-01-27T01:48:43","guid":{"rendered":"https:\/\/aconteceunovale.com.br\/portal\/?p=172909"},"modified":"2021-01-26T22:49:22","modified_gmt":"2021-01-27T01:49:22","slug":"juiz-determina-reabertura-do-comercio-nao-essencial-em-bh","status":"publish","type":"post","link":"https:\/\/aconteceunovale.com.br\/portal\/?p=172909","title":{"rendered":"Juiz determina reabertura do com\u00e9rcio n\u00e3o essencial em BH"},"content":{"rendered":"\n<p>O juiz Wauner Batista Ferreira Machado, da 3\u00aa Vara da Fazenda P\u00fablica de Belo Horizonte, determinou hoje (26\/1\/2021) a abertura do com\u00e9rcio n\u00e3o essencial de Belo Horizonte. Pela decis\u00e3o, a prefeitura n\u00e3o poder\u00e1 impedir o funcionamento do com\u00e9rcio para evitar aglomera\u00e7\u00f5es de pessoas em fun\u00e7\u00e3o do aumento de casos da covid-19 na capital mineira.\u00a0<\/p>\n\n\n\n<p>No dia 6 deste m\u00eas, a prefeitura decidiu fechar o com\u00e9rcio n\u00e3o essencial da cidade. A\u00a0decis\u00e3o foi tomada\u00a0em reuni\u00e3o do Comit\u00ea de Combate \u00e0 Covid-19 e motivada pelo aumento da ocupa\u00e7\u00e3o dos leitos de UTI. Dessa forma, somente supermercados, farm\u00e1cias, postos de gasolina, entre outros, podem abrir.<\/p>\n\n\n\n<p>A decis\u00e3o judicial foi tomada em favor do sindicato das empresas de eventos de Minas Gerais. Na liminar, o magistrado entendeu que a restri\u00e7\u00e3o do funcionamento das atividades n\u00e3o essenciais ofende o princ\u00edpio constitucional da isonomia.&nbsp;<\/p>\n\n\n\n<p>\u201cPor exemplo, qual \u00e9 a diferen\u00e7a sobre as possibilidades de contamina\u00e7\u00e3o entre as pessoas que frequentam um com\u00e9rcio de administra\u00e7\u00e3o de valores imobili\u00e1rios de outras que frequentam um com\u00e9rcio comum? Ou, qual a raz\u00e3o de se impedir o funcionamento de um botequim de corredor, devido ao seu espa\u00e7o ex\u00edguo, de outro com centenas ou milhares de metros quadrados?\u201d, questionou o juiz.&nbsp;<\/p>\n\n\n\n<p>Ap\u00f3s a decis\u00e3o, a prefeitura apresentou recurso contra a decis\u00e3o.\u00a0<\/p>\n\n\n\n<p class=\"has-white-color has-black-background-color has-text-color has-background\">Quer saber as not\u00edcias do <strong>Aconteceu no Vale<\/strong> em primeira m\u00e3o? Siga-nos no Facebook <a rel=\"noreferrer noopener\" href=\"http:\/\/facebook.com\/aconteceunovale\" target=\"_blank\">@aconteceunovale<\/a>, Twitter <a rel=\"noreferrer noopener\" href=\"https:\/\/twitter.com\/noticiadosvales\" target=\"_blank\">@noticiadosvales<\/a> e Instagram <a rel=\"noreferrer noopener\" href=\"https:\/\/www.instagram.com\/aconteceunovale\" target=\"_blank\">@aconteceunovale<\/a>.<\/p>\n","protected":false},"excerpt":{"rendered":"<p>O juiz Wauner Batista Ferreira Machado, da 3\u00aa Vara da Fazenda P\u00fablica de Belo Horizonte, determinou hoje (26\/1\/2021) a abertura do com\u00e9rcio n\u00e3o essencial de Belo Horizonte. Pela decis\u00e3o, a prefeitura n\u00e3o poder\u00e1 impedir o funcionamento do com\u00e9rcio para evitar aglomera\u00e7\u00f5es de pessoas em fun\u00e7\u00e3o do aumento de casos da covid-19 na capital mineira.\u00a0 No [&hellip;]<\/p>\n","protected":false},"author":4,"featured_media":71176,"comment_status":"open","ping_status":"closed","sticky":false,"template":"","format":"standard","meta":{"amp_status":"","footnotes":""},"categories":[123],"tags":[25087,234216,234215,194,234223,1017,234222,234220,234219,234221,234224,215396,215652,217923,217929,1018,235697,119292,234213,234214,234218,234217,142010,82787,149272],"class_list":["post-172909","post","type-post","status-publish","format-standard","has-post-thumbnail","hentry","category-gerais","tag-alexandre-kalil","tag-alexandre-kalil-decretara-bloqueio-total-em-belo-horizonte","tag-alexandre-kalil-decretara-bloqueio-total-em-bh","tag-belo-horizonte","tag-belo-horizonte-chega-ao-limite","tag-bh","tag-bh-chega-ao-limite","tag-bloqueio-total-em-belo-horizonte","tag-bloqueio-total-em-bh","tag-chegamos-ao-limite-diz-kalil","tag-chegamos-ao-limite-diz-kalil-ao-anunciar-lockdown-em-bh","tag-coronavirus-em-belo-horizonte","tag-coronavirus-em-bh","tag-covid-19-em-belo-horizonte","tag-covid-19-em-bh","tag-destaque","tag-juiz-determina-reabertura-do-comercio-nao-essencial-em-bh","tag-kalil","tag-kalil-decretara-bloqueio-total-em-belo-horizonte","tag-kalil-decretara-bloqueio-total-em-bh","tag-lockdown-em-belo-horizonte","tag-lockdown-em-bh","tag-pbh","tag-prefeito-de-belo-horizonte","tag-prefeito-de-bh"],"_links":{"self":[{"href":"https:\/\/aconteceunovale.com.br\/portal\/index.php?rest_route=\/wp\/v2\/posts\/172909","targetHints":{"allow":["GET"]}}],"collection":[{"href":"https:\/\/aconteceunovale.com.br\/portal\/index.php?rest_route=\/wp\/v2\/posts"}],"about":[{"href":"https:\/\/aconteceunovale.com.br\/portal\/index.php?rest_route=\/wp\/v2\/types\/post"}],"author":[{"embeddable":true,"href":"https:\/\/aconteceunovale.com.br\/portal\/index.php?rest_route=\/wp\/v2\/users\/4"}],"replies":[{"embeddable":true,"href":"https:\/\/aconteceunovale.com.br\/portal\/index.php?rest_route=%2Fwp%2Fv2%2Fcomments&post=172909"}],"version-history":[{"count":1,"href":"https:\/\/aconteceunovale.com.br\/portal\/index.php?rest_route=\/wp\/v2\/posts\/172909\/revisions"}],"predecessor-version":[{"id":172910,"href":"https:\/\/aconteceunovale.com.br\/portal\/index.php?rest_route=\/wp\/v2\/posts\/172909\/revisions\/172910"}],"wp:featuredmedia":[{"embeddable":true,"href":"https:\/\/aconteceunovale.com.br\/portal\/index.php?rest_route=\/wp\/v2\/media\/71176"}],"wp:attachment":[{"href":"https:\/\/aconteceunovale.com.br\/portal\/index.php?rest_route=%2Fwp%2Fv2%2Fmedia&parent=172909"}],"wp:term":[{"taxonomy":"category","embeddable":true,"href":"https:\/\/aconteceunovale.com.br\/portal\/index.php?rest_route=%2Fwp%2Fv2%2Fcategories&post=172909"},{"taxonomy":"post_tag","embeddable":true,"href":"https:\/\/aconteceunovale.com.br\/portal\/index.php?rest_route=%2Fwp%2Fv2%2Ftags&post=172909"}],"curies":[{"name":"wp","href":"https:\/\/api.w.org\/{rel}","templated":true}]}}