{"id":172894,"date":"2021-01-26T20:07:34","date_gmt":"2021-01-26T23:07:34","guid":{"rendered":"https:\/\/aconteceunovale.com.br\/portal\/?p=172894"},"modified":"2021-01-26T20:08:17","modified_gmt":"2021-01-26T23:08:17","slug":"suspeitos-de-envolvimento-em-tortura-sao-detidos-pela-policia-civil-em-itambacuri","status":"publish","type":"post","link":"https:\/\/aconteceunovale.com.br\/portal\/?p=172894","title":{"rendered":"Suspeitos de envolvimento em tortura s\u00e3o detidos pela Pol\u00edcia Civil em Itambacuri"},"content":{"rendered":"\n<p>A Pol\u00edcia Civil de Minas Gerais (PCMG) cumpriu, na manh\u00e3 desta ter\u00e7a-feira (26\/1\/2021), mandados de pris\u00e3o preventiva e de busca e apreens\u00e3o decorrentes de investiga\u00e7\u00f5es acerca de um grupo criminoso especializado em tr\u00e1fico de drogas no munic\u00edpio de Itambacuri. Um homem, de 27 anos, foi preso e um adolescente, de 17, apreendido.<\/p>\n\n\n\n<p><em>\u201cDurante as buscas, foram apreendidos sete telefones celulares, cerca de R$ 640 em dinheiro e maconha, al\u00e9m de um cord\u00e3o de prata, que teria sido utilizado pelo suspeito de 27 anos no momento da tortura\u201d<\/em>, informou a Pol\u00edcia Civil.<\/p>\n\n\n\n<figure class=\"wp-block-gallery columns-1 is-cropped wp-block-gallery-1 is-layout-flex wp-block-gallery-is-layout-flex\"><ul class=\"blocks-gallery-grid\"><li class=\"blocks-gallery-item\"><figure><img loading=\"lazy\" decoding=\"async\" width=\"639\" height=\"450\" src=\"https:\/\/aconteceunovale.com.br\/portal\/wp-content\/uploads\/2021\/01\/operacao_pcmg.jpeg\" alt=\"\" data-id=\"172895\" data-full-url=\"https:\/\/aconteceunovale.com.br\/portal\/wp-content\/uploads\/2021\/01\/operacao_pcmg.jpeg\" data-link=\"https:\/\/aconteceunovale.com.br\/portal\/?attachment_id=172895\" class=\"wp-image-172895\" srcset=\"https:\/\/aconteceunovale.com.br\/portal\/wp-content\/uploads\/2021\/01\/operacao_pcmg.jpeg 639w, https:\/\/aconteceunovale.com.br\/portal\/wp-content\/uploads\/2021\/01\/operacao_pcmg-300x211.jpeg 300w, https:\/\/aconteceunovale.com.br\/portal\/wp-content\/uploads\/2021\/01\/operacao_pcmg-100x70.jpeg 100w, https:\/\/aconteceunovale.com.br\/portal\/wp-content\/uploads\/2021\/01\/operacao_pcmg-596x420.jpeg 596w\" sizes=\"auto, (max-width: 639px) 100vw, 639px\" \/><figcaption class=\"blocks-gallery-item__caption\"><em>Material apreendido (Foto: Divulga\u00e7\u00e3o\/PCMG)<\/em><\/figcaption><\/figure><\/li><\/ul><\/figure>\n\n\n\n<h2 class=\"wp-block-heading\">Tortura<\/h2>\n\n\n\n<p>Segundo a Pol\u00edcia Civil, tr\u00eas suspeitos e o adolescente levaram uma v\u00edtima para uma resid\u00eancia, onde a torturaram, impondo castigo f\u00edsico e psicol\u00f3gico, ao acus\u00e1-la de cometer crimes patrimoniais na comunidade.<\/p>\n\n\n\n<p>Ainda segundo as investiga\u00e7\u00f5es, os suspeitos tamb\u00e9m filmaram a a\u00e7\u00e3o criminosa e divulgaram as imagens na comunidade como forma de exemplo e intimida\u00e7\u00e3o.<\/p>\n\n\n\n<p class=\"has-white-color has-black-background-color has-text-color has-background\">Quer saber as not\u00edcias do <strong>Aconteceu no Vale<\/strong> em primeira m\u00e3o? Siga-nos no Facebook <a rel=\"noreferrer noopener\" href=\"http:\/\/facebook.com\/aconteceunovale\" target=\"_blank\">@aconteceunovale<\/a>, Twitter <a rel=\"noreferrer noopener\" href=\"https:\/\/twitter.com\/noticiadosvales\" target=\"_blank\">@noticiadosvales<\/a> e Instagram <a rel=\"noreferrer noopener\" href=\"https:\/\/www.instagram.com\/aconteceunovale\" target=\"_blank\">@aconteceunovale<\/a>.<\/p>\n","protected":false},"excerpt":{"rendered":"<p>A Pol\u00edcia Civil de Minas Gerais (PCMG) cumpriu, na manh\u00e3 desta ter\u00e7a-feira (26\/1\/2021), mandados de pris\u00e3o preventiva e de busca e apreens\u00e3o decorrentes de investiga\u00e7\u00f5es acerca de um grupo criminoso especializado em tr\u00e1fico de drogas no munic\u00edpio de Itambacuri. Um homem, de 27 anos, foi preso e um adolescente, de 17, apreendido. \u201cDurante as buscas, [&hellip;]<\/p>\n","protected":false},"author":4,"featured_media":172895,"comment_status":"open","ping_status":"closed","sticky":false,"template":"","format":"standard","meta":{"amp_status":"","footnotes":""},"categories":[121],"tags":[235675,235676,188,235674,235673,46884,235669,235670,235672,235671],"class_list":["post-172894","post","type-post","status-publish","format-standard","has-post-thumbnail","hentry","category-leste","tag-apreensao-de-drogas-em-itambacuri","tag-drogas-apreendidas-em-itambacuri","tag-itambacuri","tag-itambacuri-pcmg","tag-pcmg-itambacuri","tag-presos-em-itambacuri","tag-suspeitos-de-envolvimento-em-tortura-sao-detidos-pela-policia-civil-em-itambacuri","tag-tortura-em-itambacuri","tag-traficantes-presos-em-itambacuri","tag-trafico-em-itambacuri"],"_links":{"self":[{"href":"https:\/\/aconteceunovale.com.br\/portal\/index.php?rest_route=\/wp\/v2\/posts\/172894","targetHints":{"allow":["GET"]}}],"collection":[{"href":"https:\/\/aconteceunovale.com.br\/portal\/index.php?rest_route=\/wp\/v2\/posts"}],"about":[{"href":"https:\/\/aconteceunovale.com.br\/portal\/index.php?rest_route=\/wp\/v2\/types\/post"}],"author":[{"embeddable":true,"href":"https:\/\/aconteceunovale.com.br\/portal\/index.php?rest_route=\/wp\/v2\/users\/4"}],"replies":[{"embeddable":true,"href":"https:\/\/aconteceunovale.com.br\/portal\/index.php?rest_route=%2Fwp%2Fv2%2Fcomments&post=172894"}],"version-history":[{"count":1,"href":"https:\/\/aconteceunovale.com.br\/portal\/index.php?rest_route=\/wp\/v2\/posts\/172894\/revisions"}],"predecessor-version":[{"id":172896,"href":"https:\/\/aconteceunovale.com.br\/portal\/index.php?rest_route=\/wp\/v2\/posts\/172894\/revisions\/172896"}],"wp:featuredmedia":[{"embeddable":true,"href":"https:\/\/aconteceunovale.com.br\/portal\/index.php?rest_route=\/wp\/v2\/media\/172895"}],"wp:attachment":[{"href":"https:\/\/aconteceunovale.com.br\/portal\/index.php?rest_route=%2Fwp%2Fv2%2Fmedia&parent=172894"}],"wp:term":[{"taxonomy":"category","embeddable":true,"href":"https:\/\/aconteceunovale.com.br\/portal\/index.php?rest_route=%2Fwp%2Fv2%2Fcategories&post=172894"},{"taxonomy":"post_tag","embeddable":true,"href":"https:\/\/aconteceunovale.com.br\/portal\/index.php?rest_route=%2Fwp%2Fv2%2Ftags&post=172894"}],"curies":[{"name":"wp","href":"https:\/\/api.w.org\/{rel}","templated":true}]}}