{"id":172889,"date":"2021-01-26T16:19:40","date_gmt":"2021-01-26T19:19:40","guid":{"rendered":"https:\/\/aconteceunovale.com.br\/portal\/?p=172889"},"modified":"2021-01-26T16:20:16","modified_gmt":"2021-01-26T19:20:16","slug":"astrazeneca-diz-que-nao-tem-vacinas-contra-covid-19-disponiveis-ao-mercado-privado","status":"publish","type":"post","link":"https:\/\/aconteceunovale.com.br\/portal\/?p=172889","title":{"rendered":"AstraZeneca diz que n\u00e3o tem vacinas contra Covid-19 dispon\u00edveis ao mercado privado"},"content":{"rendered":"\n<p>A farmac\u00eautica AstraZeneca, que desenvolve uma\u00a0vacina contra o novo coronav\u00edrus em parceria com a Universidade de Oxford, informou hoje (26\/1\/2021) que n\u00e3o tem doses dispon\u00edveis do imunizante para o mercado privado.<\/p>\n\n\n\n<p>\u201cNo momento, todas as doses da vacina est\u00e3o dispon\u00edveis por meio de acordos firmados com governos e organiza\u00e7\u00f5es multilaterais ao redor do mundo, incluindo da Covax Facility, n\u00e3o sendo poss\u00edvel disponibilizar vacinas para o mercado privado\u201d, diz a nota.<\/p>\n\n\n\n<p>A Covax Facility \u00e9 um cons\u00f3rcio internacional, do qual o Brasil faz parte, para garantir a distribui\u00e7\u00e3o de vacinas a pa\u00edses mais pobres.<\/p>\n\n\n\n<p>Mais cedo, ao participar de um semin\u00e1rio sobre investimentos na Am\u00e9rica Latina, o presidente Jair Bolsonaro disse que\u00a0<a href=\"https:\/\/aconteceunovale.com.br\/portal\/?p=172874\" data-type=\"post\" data-id=\"172874\" target=\"_blank\" rel=\"noreferrer noopener\"><strong>apoiaria\u00a0uma\u00a0iniciativa<\/strong><\/a>\u00a0de empres\u00e1rios de importar, por conta pr\u00f3pria, vacinas contra a covid-19 para imunizar seus funcion\u00e1rios.\u00a0\u00a0<\/p>\n\n\n\n<p>Na nota, a Astrazeneca informa ainda que, como parte do acordo com a Funda\u00e7\u00e3o Oswaldo Cruz (Fiocruz), mais de 100 milh\u00f5es de doses da vacina Oxford\/AstraZeneca estar\u00e3o dispon\u00edveis ao Brasil, em parceria com o governo federal. \u201cNos \u00faltimos 7 meses, trabalhamos incansavelmente para cumprir o nosso compromisso de acesso amplo e equitativo no fornecimento da vacina para o maior n\u00famero poss\u00edvel de pa\u00edses ao redor do mundo\u201d, afirmou.<\/p>\n\n\n\n<p class=\"has-white-color has-black-background-color has-text-color has-background\">Quer saber as not\u00edcias do <strong>Aconteceu no Vale<\/strong> em primeira m\u00e3o? Siga-nos no Facebook <a rel=\"noreferrer noopener\" href=\"http:\/\/facebook.com\/aconteceunovale\" target=\"_blank\">@aconteceunovale<\/a>, Twitter <a rel=\"noreferrer noopener\" href=\"https:\/\/twitter.com\/noticiadosvales\" target=\"_blank\">@noticiadosvales<\/a> e Instagram <a rel=\"noreferrer noopener\" href=\"https:\/\/www.instagram.com\/aconteceunovale\" target=\"_blank\">@aconteceunovale<\/a>.<\/p>\n","protected":false},"excerpt":{"rendered":"<p>A farmac\u00eautica AstraZeneca, que desenvolve uma\u00a0vacina contra o novo coronav\u00edrus em parceria com a Universidade de Oxford, informou hoje (26\/1\/2021) que n\u00e3o tem doses dispon\u00edveis do imunizante para o mercado privado. \u201cNo momento, todas as doses da vacina est\u00e3o dispon\u00edveis por meio de acordos firmados com governos e organiza\u00e7\u00f5es multilaterais ao redor do mundo, incluindo [&hellip;]<\/p>\n","protected":false},"author":4,"featured_media":172890,"comment_status":"open","ping_status":"closed","sticky":false,"template":"","format":"standard","meta":{"amp_status":"","footnotes":""},"categories":[6,28848,40242],"tags":[224214,100375,235646,235654,235647,235650,235645,235653,235652,235655,235649,235648,26436,19326,174222,235651,28873,219775,219773,227418],"class_list":["post-172889","post","type-post","status-publish","format-standard","has-post-thumbnail","hentry","category-br","category-mundo","category-saude-2","tag-astrazeneca","tag-bolsonaro","tag-compra-de-vacina-por-empresas","tag-compra-de-vacinas","tag-compra-de-vacinas-pelo-setor-privado","tag-credit-suisse","tag-governo-apoia-compra-de-33-milhoes-de-doses-de-vacinas-contra-covid-19-por-empresas","tag-importacao-da-vacina-de-oxford-pelo-setor-privado","tag-importacao-da-vacina-de-oxford-por-empresas","tag-importacao-de-vacinas","tag-importacao-de-vacinas-pelo-setor-privado","tag-importacao-de-vacinas-por-empresas","tag-jair-bolsonaro","tag-ministerio-da-saude","tag-presidente-jair-bolsonaro","tag-seminario-banco-credit-suisse","tag-sus","tag-vacina-contra-coronavirus","tag-vacina-contra-covid-19","tag-vacina-da-astrazeneca"],"_links":{"self":[{"href":"https:\/\/aconteceunovale.com.br\/portal\/index.php?rest_route=\/wp\/v2\/posts\/172889","targetHints":{"allow":["GET"]}}],"collection":[{"href":"https:\/\/aconteceunovale.com.br\/portal\/index.php?rest_route=\/wp\/v2\/posts"}],"about":[{"href":"https:\/\/aconteceunovale.com.br\/portal\/index.php?rest_route=\/wp\/v2\/types\/post"}],"author":[{"embeddable":true,"href":"https:\/\/aconteceunovale.com.br\/portal\/index.php?rest_route=\/wp\/v2\/users\/4"}],"replies":[{"embeddable":true,"href":"https:\/\/aconteceunovale.com.br\/portal\/index.php?rest_route=%2Fwp%2Fv2%2Fcomments&post=172889"}],"version-history":[{"count":1,"href":"https:\/\/aconteceunovale.com.br\/portal\/index.php?rest_route=\/wp\/v2\/posts\/172889\/revisions"}],"predecessor-version":[{"id":172891,"href":"https:\/\/aconteceunovale.com.br\/portal\/index.php?rest_route=\/wp\/v2\/posts\/172889\/revisions\/172891"}],"wp:featuredmedia":[{"embeddable":true,"href":"https:\/\/aconteceunovale.com.br\/portal\/index.php?rest_route=\/wp\/v2\/media\/172890"}],"wp:attachment":[{"href":"https:\/\/aconteceunovale.com.br\/portal\/index.php?rest_route=%2Fwp%2Fv2%2Fmedia&parent=172889"}],"wp:term":[{"taxonomy":"category","embeddable":true,"href":"https:\/\/aconteceunovale.com.br\/portal\/index.php?rest_route=%2Fwp%2Fv2%2Fcategories&post=172889"},{"taxonomy":"post_tag","embeddable":true,"href":"https:\/\/aconteceunovale.com.br\/portal\/index.php?rest_route=%2Fwp%2Fv2%2Ftags&post=172889"}],"curies":[{"name":"wp","href":"https:\/\/api.w.org\/{rel}","templated":true}]}}