{"id":172882,"date":"2021-01-26T13:36:19","date_gmt":"2021-01-26T16:36:19","guid":{"rendered":"https:\/\/aconteceunovale.com.br\/portal\/?p=172882"},"modified":"2021-01-26T13:39:29","modified_gmt":"2021-01-26T16:39:29","slug":"padre-paulo-roberto-marques-sera-sepultado-em-bocaiuva","status":"publish","type":"post","link":"https:\/\/aconteceunovale.com.br\/portal\/?p=172882","title":{"rendered":"Padre Paulo Roberto Marques ser\u00e1 sepultado em Bocaiuva"},"content":{"rendered":"\n<p>O padre Paulo Roberto Marques ser\u00e1 sepultado em Bocaiuva, no Norte de Minas, nesta ter\u00e7a-feira (26\/1\/2021). O vel\u00f3rio iniciou na madrugada de hoje e o sepultamento acontecer\u00e1 logo ap\u00f3s a missa de corpo presente. De acordo com a Arquidiocese de Montes Claros, a celebra\u00e7\u00e3o est\u00e1 prevista para as 15h e ser\u00e1 presidida por Dom Jo\u00e3o Justino de Medeiros Silva.<\/p>\n\n\n\n<p><em>\u201cEm raz\u00e3o da pandemia pede-se, insistentemente, que as pessoas que desejarem fazer sua ora\u00e7\u00e3o junto \u00e0 urna funer\u00e1ria, o fa\u00e7am sem aglomera\u00e7\u00e3o e respeitem as orienta\u00e7\u00f5es da par\u00f3quia\u201d<\/em>, diz nota da arquidiocese.<\/p>\n\n\n\n<figure class=\"wp-block-image size-large\"><img loading=\"lazy\" decoding=\"async\" width=\"678\" height=\"379\" src=\"https:\/\/aconteceunovale.com.br\/portal\/wp-content\/uploads\/2021\/01\/missa_padre_paulo.png\" alt=\"\" class=\"wp-image-172883\" srcset=\"https:\/\/aconteceunovale.com.br\/portal\/wp-content\/uploads\/2021\/01\/missa_padre_paulo.png 678w, https:\/\/aconteceunovale.com.br\/portal\/wp-content\/uploads\/2021\/01\/missa_padre_paulo-300x168.png 300w\" sizes=\"auto, (max-width: 678px) 100vw, 678px\" \/><\/figure>\n\n\n\n<p>Padre Paulo tinha 42 anos e era vig\u00e1rio da Catedral Metropolitana de Montes Claros. Ele tamb\u00e9m atuou nas par\u00f3quias de Mirabela, Patis e Salinas.<\/p>\n\n\n\n<h4 class=\"wp-block-heading\"><strong>Entenda o acidente<\/strong><\/h4>\n\n\n\n<p>O padre Paul\u00e3o, como era chamado pelos amigos, estava com familiares em uma cachoeira no Distrito de Curimata\u00ed, na zona rural de Buen\u00f3polis, quando escorregou em uma pedra e caiu dentro de um po\u00e7o. O acidente aconteceu no domingo e o corpo foi encontrado na manh\u00e3 dessa segunda-feira (25).<\/p>\n\n\n\n<p><em>\u201cN\u00f3s subimos na cachoeira at\u00e9 l\u00e1 em cima, tiramos fotos no caminho no meu celular. Na volta, depois que a gente j\u00e1 estava chegando aqui embaixo, ele escorregou de uma altura consider\u00e1vel, desceu sentado e veio a cair aqui embaixo, provavelmente bateu a cabe\u00e7a. Quando ele caiu na \u00e1gua eu desci correndo, cheguei a nadar, mas n\u00e3o consegui v\u00ea-lo. \u00c9 muito fundo, ele desceu para o fundo e a \u00e1gua \u00e9 muito escura\u201d<\/em>, disse Luciano Marques, irm\u00e3o do padre.<\/p>\n\n\n\n<figure class=\"wp-block-gallery columns-1 is-cropped wp-block-gallery-1 is-layout-flex wp-block-gallery-is-layout-flex\"><ul class=\"blocks-gallery-grid\"><li class=\"blocks-gallery-item\"><figure><img loading=\"lazy\" decoding=\"async\" width=\"678\" height=\"444\" src=\"https:\/\/aconteceunovale.com.br\/portal\/wp-content\/uploads\/2021\/01\/padre_paulo_cachoeira.jpeg\" alt=\"\" data-id=\"172884\" data-full-url=\"https:\/\/aconteceunovale.com.br\/portal\/wp-content\/uploads\/2021\/01\/padre_paulo_cachoeira.jpeg\" data-link=\"https:\/\/aconteceunovale.com.br\/portal\/?attachment_id=172884\" class=\"wp-image-172884\" srcset=\"https:\/\/aconteceunovale.com.br\/portal\/wp-content\/uploads\/2021\/01\/padre_paulo_cachoeira.jpeg 678w, https:\/\/aconteceunovale.com.br\/portal\/wp-content\/uploads\/2021\/01\/padre_paulo_cachoeira-300x196.jpeg 300w, https:\/\/aconteceunovale.com.br\/portal\/wp-content\/uploads\/2021\/01\/padre_paulo_cachoeira-641x420.jpeg 641w\" sizes=\"auto, (max-width: 678px) 100vw, 678px\" \/><figcaption class=\"blocks-gallery-item__caption\"><em>Padre Paulo tirou fotos pouco antes de escorregar (Foto: Luciano Marques\/Arquivo pessoal)<\/em><\/figcaption><\/figure><\/li><\/ul><\/figure>\n\n\n\n<h3 class=\"wp-block-heading\">Padre Paulo Roberto Marques<\/h3>\n\n\n\n<p>Padre Paulo Roberto Marques, filho de Paulo Afonso Marques e Maria Helena da Silva Marques, nasceu em 31\/07\/1978 em Bocaiuva \u2013 MG. Cursou a 1\u00aa a 4\u00aa s\u00e9rie na E. E. Professor Antonico Soares de S\u00e1 e a 5\u00aa a 8\u00aa s\u00e9rie e o 2\u00ba grau na E. E. Professor Gast\u00e3o Valle, ambas em Bocaiuva. Entre 2003 a 2009, estudou Filosofia no Semin\u00e1rio Maior Imaculado Cora\u00e7\u00e3o de Maria e na Universidade Estadual de Montes Claros \u2013 Unimontes e Teologia no Semin\u00e1rio Maior Imaculado Cora\u00e7\u00e3o de Maria.<\/p>\n\n\n\n<p>Ordenado di\u00e1cono em 05\/02\/2010, exerceu o minist\u00e9rio diaconal na Par\u00f3quia S\u00e3o Sebasti\u00e3o em Mirabela a partir de 29\/01\/2010. Foi ordenado sacerdote por Dom Jos\u00e9 Alberto Moura, CSS em 18\/09\/2010 na Igreja Nossa Senhora Rosa M\u00edstica em Montes Claros. Em Mirabela, permaneceu como padre at\u00e9 dezembro\/2012. Em 15\/01\/2013 assumiu como administrador paroquial da Par\u00f3quia Senhora Sant\u2019Ana em Patis \u2013 MG. Em 29\/12\/2015 foi transferido para a Par\u00f3quia S\u00e3o Geraldo em Salinas \u2013 MG. E desde 24\/11\/2019 era vig\u00e1rio paroquial da Catedral Metropolitana de Montes Claros \u2013 MG.<\/p>\n\n\n\n<p>Padre Paulo Roberto Marques tamb\u00e9m era membro do Conselho Presbiteral e Assessor Eclesi\u00e1stico da Catequese na Arquidiocese de Montes Claros \u2013 MG.<\/p>\n\n\n\n<figure class=\"wp-block-gallery columns-1 is-cropped wp-block-gallery-2 is-layout-flex wp-block-gallery-is-layout-flex\"><ul class=\"blocks-gallery-grid\"><li class=\"blocks-gallery-item\"><figure><img loading=\"lazy\" decoding=\"async\" width=\"675\" height=\"450\" src=\"https:\/\/aconteceunovale.com.br\/portal\/wp-content\/uploads\/2021\/01\/padre_paulo.jpg\" alt=\"\" data-id=\"172827\" data-full-url=\"https:\/\/aconteceunovale.com.br\/portal\/wp-content\/uploads\/2021\/01\/padre_paulo.jpg\" data-link=\"https:\/\/aconteceunovale.com.br\/portal\/?attachment_id=172827\" class=\"wp-image-172827\" srcset=\"https:\/\/aconteceunovale.com.br\/portal\/wp-content\/uploads\/2021\/01\/padre_paulo.jpg 675w, https:\/\/aconteceunovale.com.br\/portal\/wp-content\/uploads\/2021\/01\/padre_paulo-300x200.jpg 300w, https:\/\/aconteceunovale.com.br\/portal\/wp-content\/uploads\/2021\/01\/padre_paulo-630x420.jpg 630w\" sizes=\"auto, (max-width: 675px) 100vw, 675px\" \/><figcaption class=\"blocks-gallery-item__caption\"><em>Padre Paulo (Foto: Arquidiocese de Montes Claros \/ Divulga\u00e7\u00e3o)<\/em><\/figcaption><\/figure><\/li><\/ul><\/figure>\n\n\n\n<p class=\"has-white-color has-black-background-color has-text-color has-background\">Quer saber as not\u00edcias do <strong>Aconteceu no Vale<\/strong> em primeira m\u00e3o? Siga-nos no Facebook <a rel=\"noreferrer noopener\" href=\"http:\/\/facebook.com\/aconteceunovale\" target=\"_blank\">@aconteceunovale<\/a>, Twitter <a rel=\"noreferrer noopener\" href=\"https:\/\/twitter.com\/noticiadosvales\" target=\"_blank\">@noticiadosvales<\/a> e Instagram <a rel=\"noreferrer noopener\" href=\"https:\/\/www.instagram.com\/aconteceunovale\" target=\"_blank\">@aconteceunovale<\/a>.<\/p>\n","protected":false},"excerpt":{"rendered":"<p>O padre Paulo Roberto Marques ser\u00e1 sepultado em Bocaiuva, no Norte de Minas, nesta ter\u00e7a-feira (26\/1\/2021). O vel\u00f3rio iniciou na madrugada de hoje e o sepultamento acontecer\u00e1 logo ap\u00f3s a missa de corpo presente. De acordo com a Arquidiocese de Montes Claros, a celebra\u00e7\u00e3o est\u00e1 prevista para as 15h e ser\u00e1 presidida por Dom Jo\u00e3o [&hellip;]<\/p>\n","protected":false},"author":4,"featured_media":172884,"comment_status":"open","ping_status":"closed","sticky":false,"template":"","format":"standard","meta":{"amp_status":"","footnotes":""},"categories":[1236],"tags":[235554,235546,235547,235559,235557,235552,960,235549,235556,235553,235558,197,1018,210,235555,235548,235551,235545,235550],"class_list":["post-172882","post","type-post","status-publish","format-standard","has-post-thumbnail","hentry","category-norte_de_minas","tag-acidente-com-padre-de-montes-claros","tag-acidente-com-padre-em-buenopolis","tag-acidente-com-padre-em-cachoeira","tag-acidente-com-padre-em-curimatai","tag-acidente-com-padre-na-cachoeira-da-roleta","tag-acidente-com-padre-paulo-roberto-marques","tag-buenopolis","tag-cachoeira-buenopolis","tag-cachoeira-da-roleta","tag-catedral-metropolitana-de-montes-claros","tag-curimatai","tag-curvelo","tag-destaque","tag-montes-claros","tag-morte-de-padre-de-montes-claros","tag-padre-desaparece-em-cachoeira-em-buenopolis","tag-padre-paulo-roberto-marques","tag-padre-sofre-acidente-em-cachoeira-no-municipio-de-buenopolis","tag-paulo-roberto-marques"],"_links":{"self":[{"href":"https:\/\/aconteceunovale.com.br\/portal\/index.php?rest_route=\/wp\/v2\/posts\/172882","targetHints":{"allow":["GET"]}}],"collection":[{"href":"https:\/\/aconteceunovale.com.br\/portal\/index.php?rest_route=\/wp\/v2\/posts"}],"about":[{"href":"https:\/\/aconteceunovale.com.br\/portal\/index.php?rest_route=\/wp\/v2\/types\/post"}],"author":[{"embeddable":true,"href":"https:\/\/aconteceunovale.com.br\/portal\/index.php?rest_route=\/wp\/v2\/users\/4"}],"replies":[{"embeddable":true,"href":"https:\/\/aconteceunovale.com.br\/portal\/index.php?rest_route=%2Fwp%2Fv2%2Fcomments&post=172882"}],"version-history":[{"count":1,"href":"https:\/\/aconteceunovale.com.br\/portal\/index.php?rest_route=\/wp\/v2\/posts\/172882\/revisions"}],"predecessor-version":[{"id":172885,"href":"https:\/\/aconteceunovale.com.br\/portal\/index.php?rest_route=\/wp\/v2\/posts\/172882\/revisions\/172885"}],"wp:featuredmedia":[{"embeddable":true,"href":"https:\/\/aconteceunovale.com.br\/portal\/index.php?rest_route=\/wp\/v2\/media\/172884"}],"wp:attachment":[{"href":"https:\/\/aconteceunovale.com.br\/portal\/index.php?rest_route=%2Fwp%2Fv2%2Fmedia&parent=172882"}],"wp:term":[{"taxonomy":"category","embeddable":true,"href":"https:\/\/aconteceunovale.com.br\/portal\/index.php?rest_route=%2Fwp%2Fv2%2Fcategories&post=172882"},{"taxonomy":"post_tag","embeddable":true,"href":"https:\/\/aconteceunovale.com.br\/portal\/index.php?rest_route=%2Fwp%2Fv2%2Ftags&post=172882"}],"curies":[{"name":"wp","href":"https:\/\/api.w.org\/{rel}","templated":true}]}}