{"id":172861,"date":"2021-01-26T10:21:41","date_gmt":"2021-01-26T13:21:41","guid":{"rendered":"https:\/\/aconteceunovale.com.br\/portal\/?p=172861"},"modified":"2021-01-26T10:31:19","modified_gmt":"2021-01-26T13:31:19","slug":"policia-investiga-homicidio-em-sardoa-no-leste-de-minas","status":"publish","type":"post","link":"https:\/\/aconteceunovale.com.br\/portal\/?p=172861","title":{"rendered":"Pol\u00edcia investiga homic\u00eddio em Sardo\u00e1, no Leste de Minas"},"content":{"rendered":"\n<p>Um homem de 44 anos foi assassinado em Sardo\u00e1, no Leste de Minas Gerais, na noite de domingo (24\/1\/2021). Segundo informa\u00e7\u00f5es da Pol\u00edcia Militar (PM), o autor do crime, de 41, fugiu em uma picape Fiat Strada, mas foi preso durante uma opera\u00e7\u00e3o de cerco\/bloqueio no distrito de Santo Ant\u00f4nio do Pontal, no munic\u00edpio de Governador Valadares.<\/p>\n\n\n\n<p>Ainda segundo a PM, o homem preso confessou o homic\u00eddio e disse que possu\u00eda desaven\u00e7as com Ronaldo de Souza por causa da divulga\u00e7\u00e3o de \u00e1udios de intimidade dele com a ex-esposa e uma outra mulher. No domingo, por volta das 23h30, os dois se encontraram na rua Jos\u00e9 Caldeira de Oliveira, no bairro Bela Vista, e o autor come\u00e7ou a agredir a v\u00edtima com um chicote. Conforme a ocorr\u00eancia, Ronaldo se armou com uma foice para se defender das agress\u00f5es e, neste momento, foi atingido por disparo de arma de fogo.<\/p>\n\n\n\n<p>A v\u00edtima n\u00e3o resistiu aos ferimentos e veio a \u00f3bito. A Per\u00edcia da Pol\u00edcia Civil foi acionada e, ap\u00f3s os trabalhos, liberou o corpo para o Instituto M\u00e9dico-Legal (IML) de Guanh\u00e3es. Um rev\u00f3lver cal.38 com duas muni\u00e7\u00f5es deflagradas, um fac\u00e3o, uma foice e um chicote foram apreendidos.<\/p>\n\n\n\n<p>A pol\u00edcia tamb\u00e9m recolheu os telefones celulares do autor e da v\u00edtima para an\u00e1lise. Um inqu\u00e9rito policial foi aberto para investigar o crime.<\/p>\n\n\n\n<figure class=\"wp-block-gallery columns-1 is-cropped wp-block-gallery-1 is-layout-flex wp-block-gallery-is-layout-flex\"><ul class=\"blocks-gallery-grid\"><li class=\"blocks-gallery-item\"><figure><img loading=\"lazy\" decoding=\"async\" width=\"678\" height=\"381\" src=\"https:\/\/aconteceunovale.com.br\/portal\/wp-content\/uploads\/2021\/01\/homicidio_sardoa.jpg\" alt=\"\" data-id=\"172864\" data-full-url=\"https:\/\/aconteceunovale.com.br\/portal\/wp-content\/uploads\/2021\/01\/homicidio_sardoa.jpg\" data-link=\"https:\/\/aconteceunovale.com.br\/portal\/?attachment_id=172864\" class=\"wp-image-172864\" srcset=\"https:\/\/aconteceunovale.com.br\/portal\/wp-content\/uploads\/2021\/01\/homicidio_sardoa.jpg 678w, https:\/\/aconteceunovale.com.br\/portal\/wp-content\/uploads\/2021\/01\/homicidio_sardoa-300x169.jpg 300w\" sizes=\"auto, (max-width: 678px) 100vw, 678px\" \/><figcaption class=\"blocks-gallery-item__caption\"><em>Foto: Divulga\u00e7\u00e3o \/ Pol\u00edcia Militar<\/em><\/figcaption><\/figure><\/li><\/ul><\/figure>\n\n\n\n<p class=\"has-white-color has-black-background-color has-text-color has-background\">Quer saber as not\u00edcias do <strong>Aconteceu no Vale<\/strong> em primeira m\u00e3o? Siga-nos no Facebook <a rel=\"noreferrer noopener\" href=\"http:\/\/facebook.com\/aconteceunovale\" target=\"_blank\">@aconteceunovale<\/a>, Twitter <a rel=\"noreferrer noopener\" href=\"https:\/\/twitter.com\/noticiadosvales\" target=\"_blank\">@noticiadosvales<\/a> e Instagram <a rel=\"noreferrer noopener\" href=\"https:\/\/www.instagram.com\/aconteceunovale\" target=\"_blank\">@aconteceunovale<\/a>.<\/p>\n","protected":false},"excerpt":{"rendered":"<p>Um homem de 44 anos foi assassinado em Sardo\u00e1, no Leste de Minas Gerais, na noite de domingo (24\/1\/2021). Segundo informa\u00e7\u00f5es da Pol\u00edcia Militar (PM), o autor do crime, de 41, fugiu em uma picape Fiat Strada, mas foi preso durante uma opera\u00e7\u00e3o de cerco\/bloqueio no distrito de Santo Ant\u00f4nio do Pontal, no munic\u00edpio de [&hellip;]<\/p>\n","protected":false},"author":4,"featured_media":172864,"comment_status":"open","ping_status":"closed","sticky":false,"template":"","format":"standard","meta":{"amp_status":"","footnotes":""},"categories":[121],"tags":[235610,235609,247,18800,235607,235606,235608,235605,235612,235611,235613,325,18801],"class_list":["post-172861","post","type-post","status-publish","format-standard","has-post-thumbnail","hentry","category-leste","tag-assassinado-em-sardoa","tag-assassinato-em-sardoa","tag-governador-valadares","tag-gv","tag-homem-morto-em-sardoa","tag-homicidio-em-sardoa","tag-morto-em-sardoa","tag-policia-investiga-homicidio-em-sardoa","tag-primeiro-homicidio-de-2021-em-sardoa","tag-primeiro-homicidio-do-ano-em-sardoa","tag-ronaldo-de-souza","tag-sardoa","tag-valadares"],"_links":{"self":[{"href":"https:\/\/aconteceunovale.com.br\/portal\/index.php?rest_route=\/wp\/v2\/posts\/172861","targetHints":{"allow":["GET"]}}],"collection":[{"href":"https:\/\/aconteceunovale.com.br\/portal\/index.php?rest_route=\/wp\/v2\/posts"}],"about":[{"href":"https:\/\/aconteceunovale.com.br\/portal\/index.php?rest_route=\/wp\/v2\/types\/post"}],"author":[{"embeddable":true,"href":"https:\/\/aconteceunovale.com.br\/portal\/index.php?rest_route=\/wp\/v2\/users\/4"}],"replies":[{"embeddable":true,"href":"https:\/\/aconteceunovale.com.br\/portal\/index.php?rest_route=%2Fwp%2Fv2%2Fcomments&post=172861"}],"version-history":[{"count":2,"href":"https:\/\/aconteceunovale.com.br\/portal\/index.php?rest_route=\/wp\/v2\/posts\/172861\/revisions"}],"predecessor-version":[{"id":172866,"href":"https:\/\/aconteceunovale.com.br\/portal\/index.php?rest_route=\/wp\/v2\/posts\/172861\/revisions\/172866"}],"wp:featuredmedia":[{"embeddable":true,"href":"https:\/\/aconteceunovale.com.br\/portal\/index.php?rest_route=\/wp\/v2\/media\/172864"}],"wp:attachment":[{"href":"https:\/\/aconteceunovale.com.br\/portal\/index.php?rest_route=%2Fwp%2Fv2%2Fmedia&parent=172861"}],"wp:term":[{"taxonomy":"category","embeddable":true,"href":"https:\/\/aconteceunovale.com.br\/portal\/index.php?rest_route=%2Fwp%2Fv2%2Fcategories&post=172861"},{"taxonomy":"post_tag","embeddable":true,"href":"https:\/\/aconteceunovale.com.br\/portal\/index.php?rest_route=%2Fwp%2Fv2%2Ftags&post=172861"}],"curies":[{"name":"wp","href":"https:\/\/api.w.org\/{rel}","templated":true}]}}