{"id":172735,"date":"2021-01-23T19:18:41","date_gmt":"2021-01-23T22:18:41","guid":{"rendered":"https:\/\/aconteceunovale.com.br\/portal\/?p=172735"},"modified":"2021-01-23T19:19:40","modified_gmt":"2021-01-23T22:19:40","slug":"homem-e-preso-com-armas-e-municoes-no-municipio-de-coroaci","status":"publish","type":"post","link":"https:\/\/aconteceunovale.com.br\/portal\/?p=172735","title":{"rendered":"Homem \u00e9 preso com armas e muni\u00e7\u00f5es no munic\u00edpio de Coroaci"},"content":{"rendered":"\n<p>Um homem de 37 anos foi preso na zona rural de Coroaci, nessa sexta-feira (22\/1\/2021), por posse ilegal de arma de fogo. A Pol\u00edcia Militar foi chegou \u00e0 casa do suspeito, no distrito de S\u00e3o Sebasti\u00e3o do Bugre, ap\u00f3s den\u00fancias.<\/p>\n\n\n\n<p>De acordo com a PM, quatro armas de fogo e 22 muni\u00e7\u00f5es de diversos calibres foram encontradas no im\u00f3vel. O suspeito foi encontrado em um dos c\u00f4modos da casa e indicou aos policiais o local onde estava o material il\u00edcito.<\/p>\n\n\n\n<p>O suspeito e os materiais apreendidos foram encaminhados \u00e0 Delegacia de Pol\u00edcia Civil.<\/p>\n\n\n\n<figure class=\"wp-block-gallery columns-1 is-cropped wp-block-gallery-1 is-layout-flex wp-block-gallery-is-layout-flex\"><ul class=\"blocks-gallery-grid\"><li class=\"blocks-gallery-item\"><figure><img loading=\"lazy\" decoding=\"async\" width=\"678\" height=\"381\" src=\"https:\/\/aconteceunovale.com.br\/portal\/wp-content\/uploads\/2021\/01\/armas_coroaci.jpeg\" alt=\"\" data-id=\"172736\" data-full-url=\"https:\/\/aconteceunovale.com.br\/portal\/wp-content\/uploads\/2021\/01\/armas_coroaci.jpeg\" data-link=\"https:\/\/aconteceunovale.com.br\/portal\/?attachment_id=172736\" class=\"wp-image-172736\" srcset=\"https:\/\/aconteceunovale.com.br\/portal\/wp-content\/uploads\/2021\/01\/armas_coroaci.jpeg 678w, https:\/\/aconteceunovale.com.br\/portal\/wp-content\/uploads\/2021\/01\/armas_coroaci-300x169.jpeg 300w\" sizes=\"auto, (max-width: 678px) 100vw, 678px\" \/><figcaption class=\"blocks-gallery-item__caption\"><em>Material apreendido (Foto: PM\/Divulga\u00e7\u00e3o)<\/em><\/figcaption><\/figure><\/li><\/ul><\/figure>\n\n\n\n<p class=\"has-white-color has-black-background-color has-text-color has-background\">Quer saber as not\u00edcias do <strong>Aconteceu no Vale<\/strong> em primeira m\u00e3o? Siga-nos no Facebook <a rel=\"noreferrer noopener\" href=\"http:\/\/facebook.com\/aconteceunovale\" target=\"_blank\">@aconteceunovale<\/a>, Twitter <a rel=\"noreferrer noopener\" href=\"https:\/\/twitter.com\/noticiadosvales\" target=\"_blank\">@noticiadosvales<\/a> e Instagram <a rel=\"noreferrer noopener\" href=\"https:\/\/www.instagram.com\/aconteceunovale\" target=\"_blank\">@aconteceunovale<\/a>.<\/p>\n","protected":false},"excerpt":{"rendered":"<p>Um homem de 37 anos foi preso na zona rural de Coroaci, nessa sexta-feira (22\/1\/2021), por posse ilegal de arma de fogo. A Pol\u00edcia Militar foi chegou \u00e0 casa do suspeito, no distrito de S\u00e3o Sebasti\u00e3o do Bugre, ap\u00f3s den\u00fancias. De acordo com a PM, quatro armas de fogo e 22 muni\u00e7\u00f5es de diversos calibres [&hellip;]<\/p>\n","protected":false},"author":4,"featured_media":172736,"comment_status":"open","ping_status":"closed","sticky":false,"template":"","format":"standard","meta":{"amp_status":"","footnotes":""},"categories":[121],"tags":[235428,235427,235429,283,235426,235430,140543],"class_list":["post-172735","post","type-post","status-publish","format-standard","has-post-thumbnail","hentry","category-leste","tag-apreensao-de-armas-e-municoes-em-coroaci","tag-apreensao-de-armas-em-coroaci","tag-armas-apreendidas-em-coroaci","tag-coroaci","tag-homem-e-preso-com-armas-e-municoes-no-municipio-de-coroaci","tag-preso-com-armas-em-coroaci","tag-sao-sebastiao-do-bugre"],"_links":{"self":[{"href":"https:\/\/aconteceunovale.com.br\/portal\/index.php?rest_route=\/wp\/v2\/posts\/172735","targetHints":{"allow":["GET"]}}],"collection":[{"href":"https:\/\/aconteceunovale.com.br\/portal\/index.php?rest_route=\/wp\/v2\/posts"}],"about":[{"href":"https:\/\/aconteceunovale.com.br\/portal\/index.php?rest_route=\/wp\/v2\/types\/post"}],"author":[{"embeddable":true,"href":"https:\/\/aconteceunovale.com.br\/portal\/index.php?rest_route=\/wp\/v2\/users\/4"}],"replies":[{"embeddable":true,"href":"https:\/\/aconteceunovale.com.br\/portal\/index.php?rest_route=%2Fwp%2Fv2%2Fcomments&post=172735"}],"version-history":[{"count":1,"href":"https:\/\/aconteceunovale.com.br\/portal\/index.php?rest_route=\/wp\/v2\/posts\/172735\/revisions"}],"predecessor-version":[{"id":172737,"href":"https:\/\/aconteceunovale.com.br\/portal\/index.php?rest_route=\/wp\/v2\/posts\/172735\/revisions\/172737"}],"wp:featuredmedia":[{"embeddable":true,"href":"https:\/\/aconteceunovale.com.br\/portal\/index.php?rest_route=\/wp\/v2\/media\/172736"}],"wp:attachment":[{"href":"https:\/\/aconteceunovale.com.br\/portal\/index.php?rest_route=%2Fwp%2Fv2%2Fmedia&parent=172735"}],"wp:term":[{"taxonomy":"category","embeddable":true,"href":"https:\/\/aconteceunovale.com.br\/portal\/index.php?rest_route=%2Fwp%2Fv2%2Fcategories&post=172735"},{"taxonomy":"post_tag","embeddable":true,"href":"https:\/\/aconteceunovale.com.br\/portal\/index.php?rest_route=%2Fwp%2Fv2%2Ftags&post=172735"}],"curies":[{"name":"wp","href":"https:\/\/api.w.org\/{rel}","templated":true}]}}