{"id":172732,"date":"2021-01-23T19:09:51","date_gmt":"2021-01-23T22:09:51","guid":{"rendered":"https:\/\/aconteceunovale.com.br\/portal\/?p=172732"},"modified":"2021-01-23T19:10:49","modified_gmt":"2021-01-23T22:10:49","slug":"homem-morre-em-acidente-na-br-365-no-norte-de-minas","status":"publish","type":"post","link":"https:\/\/aconteceunovale.com.br\/portal\/?p=172732","title":{"rendered":"Homem morre em acidente na BR-365, no Norte de Minas"},"content":{"rendered":"\n<p>Uma pessoa morreu e outra ficou ferida ap\u00f3s a colis\u00e3o entre dois carros na BR-365, em Pirapora (MG), na madrugada deste s\u00e1bado (23\/1\/2021). Segundo informa\u00e7\u00f5es da Pol\u00edcia Rodovi\u00e1ria Federal (PRF), o motorista de um dos ve\u00edculos, de 35 anos, perdeu o controle da dire\u00e7\u00e3o na altura do quil\u00f4metro 163, invadiu a contram\u00e3o e colidiu frontalmente contra o outro autom\u00f3vel, que era conduzido por um homem de 60 anos.<\/p>\n\n\n\n<p>O motorista do carro atingido foi socorrido por uma equipe do Samu com traumatismo cranioencef\u00e1lico e suspeita de fratura, mas n\u00e3o resistiu aos ferimentos. De acordo com a PRF, o condutor morreu ap\u00f3s dar entrada no Hospital Doutor Mois\u00e9s Magalh\u00e3es Freire, em Pirapora.<\/p>\n\n\n\n<p>O motorista que provocou o acidente sofreu les\u00f5es leves e foi socorrido por terceiros. A PRF informou que ele apresentava sinais de embriaguez.<\/p>\n\n\n\n<p>As causas do acidente ser\u00e3o apuradas.<\/p>\n\n\n\n<figure class=\"wp-block-gallery columns-1 is-cropped wp-block-gallery-1 is-layout-flex wp-block-gallery-is-layout-flex\"><ul class=\"blocks-gallery-grid\"><li class=\"blocks-gallery-item\"><figure><img loading=\"lazy\" decoding=\"async\" width=\"674\" height=\"450\" src=\"https:\/\/aconteceunovale.com.br\/portal\/wp-content\/uploads\/2021\/01\/acidente_pirapora.jpeg\" alt=\"\" data-id=\"172733\" data-full-url=\"https:\/\/aconteceunovale.com.br\/portal\/wp-content\/uploads\/2021\/01\/acidente_pirapora.jpeg\" data-link=\"https:\/\/aconteceunovale.com.br\/portal\/?attachment_id=172733\" class=\"wp-image-172733\" srcset=\"https:\/\/aconteceunovale.com.br\/portal\/wp-content\/uploads\/2021\/01\/acidente_pirapora.jpeg 674w, https:\/\/aconteceunovale.com.br\/portal\/wp-content\/uploads\/2021\/01\/acidente_pirapora-300x200.jpeg 300w, https:\/\/aconteceunovale.com.br\/portal\/wp-content\/uploads\/2021\/01\/acidente_pirapora-629x420.jpeg 629w\" sizes=\"auto, (max-width: 674px) 100vw, 674px\" \/><figcaption class=\"blocks-gallery-item__caption\"><em>Acidente aconteceu no km 163 da BR-365 (Foto: Divulga\u00e7\u00e3o\/PRF)<\/em><\/figcaption><\/figure><\/li><\/ul><\/figure>\n\n\n\n<p class=\"has-white-color has-black-background-color has-text-color has-background\">Quer saber as not\u00edcias do <strong>Aconteceu no Vale<\/strong> em primeira m\u00e3o? Siga-nos no Facebook <a rel=\"noreferrer noopener\" href=\"http:\/\/facebook.com\/aconteceunovale\" target=\"_blank\">@aconteceunovale<\/a>, Twitter <a rel=\"noreferrer noopener\" href=\"https:\/\/twitter.com\/noticiadosvales\" target=\"_blank\">@noticiadosvales<\/a> e Instagram <a rel=\"noreferrer noopener\" href=\"https:\/\/www.instagram.com\/aconteceunovale\" target=\"_blank\">@aconteceunovale<\/a>.<\/p>\n","protected":false},"excerpt":{"rendered":"<p>Uma pessoa morreu e outra ficou ferida ap\u00f3s a colis\u00e3o entre dois carros na BR-365, em Pirapora (MG), na madrugada deste s\u00e1bado (23\/1\/2021). Segundo informa\u00e7\u00f5es da Pol\u00edcia Rodovi\u00e1ria Federal (PRF), o motorista de um dos ve\u00edculos, de 35 anos, perdeu o controle da dire\u00e7\u00e3o na altura do quil\u00f4metro 163, invadiu a contram\u00e3o e colidiu frontalmente [&hellip;]<\/p>\n","protected":false},"author":4,"featured_media":172733,"comment_status":"open","ping_status":"closed","sticky":false,"template":"","format":"standard","meta":{"amp_status":"","footnotes":""},"categories":[1236],"tags":[71009,235423,235422,235425,235424,207970,210354,207894,1018,235421],"class_list":["post-172732","post","type-post","status-publish","format-standard","has-post-thumbnail","hentry","category-norte_de_minas","tag-acidente-em-pirapora","tag-acidente-entre-dois-carros-em-pirapora","tag-acidente-entre-dois-carros-na-br-365","tag-acidente-fatal-em-pirapora","tag-acidente-fatal-na-br-365","tag-acidente-na-br-365-2","tag-acidente-na-br-365-em-pirapora-2","tag-br-365-2","tag-destaque","tag-homem-morre-em-acidente-na-br-365"],"_links":{"self":[{"href":"https:\/\/aconteceunovale.com.br\/portal\/index.php?rest_route=\/wp\/v2\/posts\/172732","targetHints":{"allow":["GET"]}}],"collection":[{"href":"https:\/\/aconteceunovale.com.br\/portal\/index.php?rest_route=\/wp\/v2\/posts"}],"about":[{"href":"https:\/\/aconteceunovale.com.br\/portal\/index.php?rest_route=\/wp\/v2\/types\/post"}],"author":[{"embeddable":true,"href":"https:\/\/aconteceunovale.com.br\/portal\/index.php?rest_route=\/wp\/v2\/users\/4"}],"replies":[{"embeddable":true,"href":"https:\/\/aconteceunovale.com.br\/portal\/index.php?rest_route=%2Fwp%2Fv2%2Fcomments&post=172732"}],"version-history":[{"count":1,"href":"https:\/\/aconteceunovale.com.br\/portal\/index.php?rest_route=\/wp\/v2\/posts\/172732\/revisions"}],"predecessor-version":[{"id":172734,"href":"https:\/\/aconteceunovale.com.br\/portal\/index.php?rest_route=\/wp\/v2\/posts\/172732\/revisions\/172734"}],"wp:featuredmedia":[{"embeddable":true,"href":"https:\/\/aconteceunovale.com.br\/portal\/index.php?rest_route=\/wp\/v2\/media\/172733"}],"wp:attachment":[{"href":"https:\/\/aconteceunovale.com.br\/portal\/index.php?rest_route=%2Fwp%2Fv2%2Fmedia&parent=172732"}],"wp:term":[{"taxonomy":"category","embeddable":true,"href":"https:\/\/aconteceunovale.com.br\/portal\/index.php?rest_route=%2Fwp%2Fv2%2Fcategories&post=172732"},{"taxonomy":"post_tag","embeddable":true,"href":"https:\/\/aconteceunovale.com.br\/portal\/index.php?rest_route=%2Fwp%2Fv2%2Ftags&post=172732"}],"curies":[{"name":"wp","href":"https:\/\/api.w.org\/{rel}","templated":true}]}}