{"id":172646,"date":"2021-01-21T21:12:51","date_gmt":"2021-01-22T00:12:51","guid":{"rendered":"https:\/\/aconteceunovale.com.br\/portal\/?p=172646"},"modified":"2021-01-21T21:13:29","modified_gmt":"2021-01-22T00:13:29","slug":"governo-de-minas-gerais-lanca-site-para-esclarecer-duvidas-sobre-a-vacina-contra-a-covid-19","status":"publish","type":"post","link":"https:\/\/aconteceunovale.com.br\/portal\/?p=172646","title":{"rendered":"Governo de Minas Gerais lan\u00e7a site para esclarecer d\u00favidas sobre a vacina contra a Covid-19"},"content":{"rendered":"\n<p class=\"wp-block-paragraph\">A chegada de milhares de doses da vacina contra a covid-19 em Minas Gerais, na \u00faltima segunda-feira (18\/1\/2021), trouxe esperan\u00e7a aos mineiros e intensificou a vontade de se informar sobre o assunto. Para dar ainda mais transpar\u00eancia sobre os imunizantes recebidos pelo Estado e ajudar a esclarecer d\u00favidas da popula\u00e7\u00e3o, o\u00a0Governo de Minas\u00a0lan\u00e7ou, nesta quinta-feira (21\/1\/2021), o site\u00a0<a rel=\"noreferrer noopener\" href=\"http:\/\/vacinaminas.mg.gov.br\/\" target=\"_blank\">vacinaminas.mg.gov.br<\/a>.<br><br>O portal re\u00fane informa\u00e7\u00f5es sobre o n\u00famero de doses, expectativa de pessoas a serem vacinadas e informa\u00e7\u00f5es sobre os grupos priorit\u00e1rios. Al\u00e9m disso, o material oferece um compilado de perguntas e respostas para esclarecer os principais questionamentos sobre a imuniza\u00e7\u00e3o no estado.<br><br>Veja, a seguir,\u00a0algumas das perguntas e respostas presentes no site:<\/p>\n\n\n\n<p class=\"wp-block-paragraph\"><strong>Qual a vacina que ser\u00e1 utilizada neste momento na campanha de vacina\u00e7\u00e3o covid-19?<\/strong><br><br><em>No primeiro momento, ser\u00e1 utilizada a vacina CoronaVac, desenvolvida atrav\u00e9s de uma parceria entre o laborat\u00f3rio chin\u00eas Sinovac e o Instituto Butantan. Conforme o Minist\u00e9rio da Sa\u00fade for enviando vacinas de outros laborat\u00f3rios, elas ser\u00e3o integradas \u00e0 campanha de vacina\u00e7\u00e3o de Minas Gerais.<\/em><br><br><strong>\u00c9 uma vacina segura?<\/strong><br><br><em>Sim. Toda vacina licenciada para uso passou antes por diversas fases de avalia\u00e7\u00e3o, desde os processos iniciais de desenvolvimento at\u00e9 a produ\u00e7\u00e3o e a fase final \u2013 que \u00e9 a aplica\u00e7\u00e3o \u2013, garantindo assim sua seguran\u00e7a. Todas as vacinas s\u00e3o avaliadas e aprovadas por institutos reguladores muito r\u00edgidos e independentes. No Brasil, essa fun\u00e7\u00e3o cabe \u00e0 Ag\u00eancia Nacional de Vigil\u00e2ncia Sanit\u00e1ria (Anvisa), \u00f3rg\u00e3o vinculado ao Minist\u00e9rio da Sa\u00fade.<\/em><br><br><strong>Quais os crit\u00e9rios utilizados para defini\u00e7\u00e3o dos grupos priorit\u00e1rios?<\/strong><br><br><em>De acordo com o Plano Nacional de\u00a0Operacionaliza\u00e7\u00e3o da Vacina\u00e7\u00e3o\u00a0contra a\u00a0Covid-19,\u00a0do Minist\u00e9rio da Sa\u00fade, os crit\u00e9rios utilizados foram:\u00a0preserva\u00e7\u00e3o do funcionamento dos servi\u00e7os de\u00a0sa\u00fade e\u00a0prote\u00e7\u00e3o dos indiv\u00edduos com maior risco de desenvolvimento de formas graves e \u00f3bitos,\u00a0seguidos\u00a0da preserva\u00e7\u00e3o do funcionamento dos servi\u00e7os essenciais e\u00a0da\u00a0prote\u00e7\u00e3o dos indiv\u00edduos com maior risco de infec\u00e7\u00e3o.<\/em><\/p>\n\n\n\n<ul class=\"wp-block-list\"><li><strong>Para acessar o material completo, acesse&nbsp;<a href=\"http:\/\/vacinaminas.mg.gov.br\/\" target=\"_blank\" rel=\"noreferrer noopener\">vacinaminas.mg.gov.br<\/a>.<\/strong><\/li><\/ul>\n\n\n\n<p class=\"has-white-color has-black-background-color has-text-color has-background wp-block-paragraph\">Quer saber as not\u00edcias do <strong>Aconteceu no Vale<\/strong> em primeira m\u00e3o? Siga-nos no Facebook <a rel=\"noreferrer noopener\" href=\"http:\/\/facebook.com\/aconteceunovale\" target=\"_blank\">@aconteceunovale<\/a>, Twitter <a rel=\"noreferrer noopener\" href=\"https:\/\/twitter.com\/noticiadosvales\" target=\"_blank\">@noticiadosvales<\/a> e Instagram <a rel=\"noreferrer noopener\" href=\"https:\/\/www.instagram.com\/aconteceunovale\" target=\"_blank\">@aconteceunovale<\/a>.<\/p>\n","protected":false},"excerpt":{"rendered":"<p>A chegada de milhares de doses da vacina contra a covid-19 em Minas Gerais, na \u00faltima segunda-feira (18\/1\/2021), trouxe esperan\u00e7a aos mineiros e intensificou a vontade de se informar sobre o assunto. Para dar ainda mais transpar\u00eancia sobre os imunizantes recebidos pelo Estado e ajudar a esclarecer d\u00favidas da popula\u00e7\u00e3o, o\u00a0Governo de Minas\u00a0lan\u00e7ou, nesta quinta-feira [&hellip;]<\/p>\n","protected":false},"author":4,"featured_media":172189,"comment_status":"open","ping_status":"closed","sticky":false,"template":"","format":"standard","meta":{"amp_status":"","footnotes":""},"categories":[123,40242],"tags":[235100,235104,194,235098,22090,1018,235105,231330,231334,184213,235287,235103,135894,235094,235096,235097,235095,235015,235101,231333,231337,231332,231336,178207,235102,235099,231331,231335],"class_list":["post-172646","post","type-post","status-publish","format-standard","has-post-thumbnail","hentry","category-gerais","category-saude-2","tag-adileia-pereira-de-jesus-cardoso","tag-adriana-vilella-avila-de-castro","tag-belo-horizonte","tag-cece","tag-confins","tag-destaque","tag-distribuicao-da-vacina-em-minas-gerais","tag-governador-detalha-plano-de-contingencia-para-vacinacao-contra-a-covid-19-em-minas-gerais","tag-governador-detalha-plano-de-contingencia-para-vacinacao-contra-o-novo-coronavirus-em-minas-gerais","tag-governador-romeu-zema","tag-governo-de-minas-gerais-lanca-site-para-esclarecer-duvidas-sobre-a-vacina-contra-a-covid-19","tag-hem","tag-hospital-eduardo-de-menezes","tag-iniciada-a-maior-operacao-de-vacinacao-da-historia-de-minas-gerais","tag-maior-operacao-de-vacinacao-da-historia-de-minas-gerais","tag-maria-bom-sucesso-pereira","tag-minas-gerais-inicia-a-maior-operacao-de-vacinacao-da-sua-historia","tag-minas-gerais-recebe-561-mil-doses-da-coronavac","tag-moises-alves-senra","tag-plano-de-contingencia-para-vacinacao-contra-a-covid-19-em-minas-gerais","tag-plano-de-contingencia-para-vacinacao-contra-o-novo-coronavirus-em-minas-gerais","tag-plano-para-vacinacao-contra-a-covid-19-em-minas-gerais","tag-plano-para-vacinacao-contra-o-novo-coronavirus-em-minas-gerais","tag-romeu-zema","tag-teresa-gamarano-barros","tag-thiago-liberio-santana-medina","tag-vacinacao-contra-a-covid-19-em-minas-gerais","tag-vacinacao-contra-o-novo-coronavirus-em-minas-gerais"],"yoast_head":"<!-- This site is optimized with the Yoast SEO plugin v28.3 - https:\/\/yoast.com\/product\/yoast-seo-wordpress\/ -->\n<title>Governo de Minas Gerais lan\u00e7a site para esclarecer d\u00favidas sobre a vacina contra a Covid-19 - Aconteceu no Vale<\/title>\n<meta name=\"robots\" content=\"index, follow, max-snippet:-1, max-image-preview:large, max-video-preview:-1\" \/>\n<link rel=\"canonical\" href=\"https:\/\/aconteceunovale.com.br\/portal\/?p=172646\" \/>\n<meta property=\"og:locale\" content=\"pt_BR\" \/>\n<meta property=\"og:type\" content=\"article\" \/>\n<meta property=\"og:title\" content=\"Governo de Minas Gerais lan\u00e7a site para esclarecer d\u00favidas sobre a vacina contra a Covid-19 - Aconteceu no Vale\" \/>\n<meta property=\"og:description\" content=\"A chegada de milhares de doses da vacina contra a covid-19 em Minas Gerais, na \u00faltima segunda-feira (18\/1\/2021), trouxe esperan\u00e7a aos mineiros e intensificou a vontade de se informar sobre o assunto. Para dar ainda mais transpar\u00eancia sobre os imunizantes recebidos pelo Estado e ajudar a esclarecer d\u00favidas da popula\u00e7\u00e3o, o\u00a0Governo de Minas\u00a0lan\u00e7ou, nesta quinta-feira [&hellip;]\" \/>\n<meta property=\"og:url\" content=\"https:\/\/aconteceunovale.com.br\/portal\/?p=172646\" \/>\n<meta property=\"og:site_name\" content=\"Aconteceu no Vale\" \/>\n<meta property=\"article:publisher\" content=\"https:\/\/www.facebook.com\/aconteceunovale\/\" \/>\n<meta property=\"article:published_time\" content=\"2021-01-22T00:12:51+00:00\" \/>\n<meta property=\"article:modified_time\" content=\"2021-01-22T00:13:29+00:00\" \/>\n<meta property=\"og:image\" content=\"https:\/\/aconteceunovale.com.br\/portal\/wp-content\/uploads\/2021\/01\/vacina_butanta.jpeg\" \/>\n\t<meta property=\"og:image:width\" content=\"678\" \/>\n\t<meta property=\"og:image:height\" content=\"340\" \/>\n\t<meta property=\"og:image:type\" content=\"image\/jpeg\" \/>\n<meta name=\"author\" content=\"Reda\u00e7\u00e3o Aconteceu no Vale\" \/>\n<meta name=\"twitter:card\" content=\"summary_large_image\" \/>\n<meta name=\"twitter:creator\" content=\"@noticiadosvales\" \/>\n<meta name=\"twitter:site\" content=\"@noticiadosvales\" \/>\n<meta name=\"twitter:label1\" content=\"Escrito por\" \/>\n\t<meta name=\"twitter:data1\" content=\"Reda\u00e7\u00e3o Aconteceu no Vale\" \/>\n\t<meta name=\"twitter:label2\" content=\"Est. tempo de leitura\" \/>\n\t<meta name=\"twitter:data2\" content=\"2 minutos\" \/>\n<script type=\"application\/ld+json\" class=\"yoast-schema-graph\">{\"@context\":\"https:\\\/\\\/schema.org\",\"@graph\":[{\"@type\":\"Article\",\"@id\":\"https:\\\/\\\/aconteceunovale.com.br\\\/portal\\\/?p=172646#article\",\"isPartOf\":{\"@id\":\"https:\\\/\\\/aconteceunovale.com.br\\\/portal\\\/?p=172646\"},\"author\":{\"name\":\"Reda\u00e7\u00e3o Aconteceu no Vale\",\"@id\":\"https:\\\/\\\/aconteceunovale.com.br\\\/portal\\\/#\\\/schema\\\/person\\\/7d2f26d1483f8a63de73da1ee0754d35\"},\"headline\":\"Governo de Minas Gerais lan\u00e7a site para esclarecer d\u00favidas sobre a vacina contra a Covid-19\",\"datePublished\":\"2021-01-22T00:12:51+00:00\",\"dateModified\":\"2021-01-22T00:13:29+00:00\",\"mainEntityOfPage\":{\"@id\":\"https:\\\/\\\/aconteceunovale.com.br\\\/portal\\\/?p=172646\"},\"wordCount\":408,\"commentCount\":0,\"image\":{\"@id\":\"https:\\\/\\\/aconteceunovale.com.br\\\/portal\\\/?p=172646#primaryimage\"},\"thumbnailUrl\":\"https:\\\/\\\/aconteceunovale.com.br\\\/portal\\\/wp-content\\\/uploads\\\/2021\\\/01\\\/vacina_butanta.jpeg\",\"keywords\":[\"Adileia Pereira de Jesus Cardoso\",\"Adriana Vilella \u00c1vila de Castro\",\"Belo Horizonte\",\"Cec\u00e9\",\"Confins\",\"destaque\",\"Distribui\u00e7\u00e3o da vacina em Minas Gerais\",\"Governador detalha Plano de Conting\u00eancia para Vacina\u00e7\u00e3o contra a Covid-19 em Minas Gerais\",\"Governador detalha Plano de Conting\u00eancia para Vacina\u00e7\u00e3o contra o novo coronav\u00edrus em Minas Gerais\",\"Governador Romeu Zema\",\"Governo de Minas Gerais lan\u00e7a site para esclarecer d\u00favidas sobre a vacina contra a Covid-19\",\"HEM\",\"Hospital Eduardo de Menezes\",\"Iniciada a maior opera\u00e7\u00e3o de vacina\u00e7\u00e3o da hist\u00f3ria de Minas Gerais\",\"Maior opera\u00e7\u00e3o de vacina\u00e7\u00e3o da hist\u00f3ria de Minas Gerais\",\"Maria Bom Sucesso Pereira\",\"Minas Gerais inicia a maior opera\u00e7\u00e3o de vacina\u00e7\u00e3o da sua hist\u00f3ria\",\"Minas Gerais recebe 561 mil doses da CoronaVac\",\"Mois\u00e9s Alves Senra\",\"Plano de Conting\u00eancia para Vacina\u00e7\u00e3o contra a Covid-19 em Minas Gerais\",\"Plano de Conting\u00eancia para Vacina\u00e7\u00e3o contra o novo coronav\u00edrus em Minas Gerais\",\"Plano para Vacina\u00e7\u00e3o contra a Covid-19 em Minas Gerais\",\"Plano para Vacina\u00e7\u00e3o contra o novo coronav\u00edrus em Minas Gerais\",\"Romeu Zema\",\"Teresa Gamarano Barros\",\"Thiago Lib\u00e9rio Santana Medina\",\"Vacina\u00e7\u00e3o contra a Covid-19 em Minas Gerais\",\"Vacina\u00e7\u00e3o contra o novo coronav\u00edrus em Minas Gerais\"],\"articleSection\":[\"Minas Gerais\",\"Sa\u00fade\"],\"inLanguage\":\"pt-BR\",\"potentialAction\":[{\"@type\":\"CommentAction\",\"name\":\"Comment\",\"target\":[\"https:\\\/\\\/aconteceunovale.com.br\\\/portal\\\/?p=172646#respond\"]}]},{\"@type\":\"WebPage\",\"@id\":\"https:\\\/\\\/aconteceunovale.com.br\\\/portal\\\/?p=172646\",\"url\":\"https:\\\/\\\/aconteceunovale.com.br\\\/portal\\\/?p=172646\",\"name\":\"Governo de Minas Gerais lan\u00e7a site para esclarecer d\u00favidas sobre a vacina contra a Covid-19 - Aconteceu no Vale\",\"isPartOf\":{\"@id\":\"https:\\\/\\\/aconteceunovale.com.br\\\/portal\\\/#website\"},\"primaryImageOfPage\":{\"@id\":\"https:\\\/\\\/aconteceunovale.com.br\\\/portal\\\/?p=172646#primaryimage\"},\"image\":{\"@id\":\"https:\\\/\\\/aconteceunovale.com.br\\\/portal\\\/?p=172646#primaryimage\"},\"thumbnailUrl\":\"https:\\\/\\\/aconteceunovale.com.br\\\/portal\\\/wp-content\\\/uploads\\\/2021\\\/01\\\/vacina_butanta.jpeg\",\"datePublished\":\"2021-01-22T00:12:51+00:00\",\"dateModified\":\"2021-01-22T00:13:29+00:00\",\"author\":{\"@id\":\"https:\\\/\\\/aconteceunovale.com.br\\\/portal\\\/#\\\/schema\\\/person\\\/7d2f26d1483f8a63de73da1ee0754d35\"},\"breadcrumb\":{\"@id\":\"https:\\\/\\\/aconteceunovale.com.br\\\/portal\\\/?p=172646#breadcrumb\"},\"inLanguage\":\"pt-BR\",\"potentialAction\":[{\"@type\":\"ReadAction\",\"target\":[\"https:\\\/\\\/aconteceunovale.com.br\\\/portal\\\/?p=172646\"]}]},{\"@type\":\"ImageObject\",\"inLanguage\":\"pt-BR\",\"@id\":\"https:\\\/\\\/aconteceunovale.com.br\\\/portal\\\/?p=172646#primaryimage\",\"url\":\"https:\\\/\\\/aconteceunovale.com.br\\\/portal\\\/wp-content\\\/uploads\\\/2021\\\/01\\\/vacina_butanta.jpeg\",\"contentUrl\":\"https:\\\/\\\/aconteceunovale.com.br\\\/portal\\\/wp-content\\\/uploads\\\/2021\\\/01\\\/vacina_butanta.jpeg\",\"width\":678,\"height\":340},{\"@type\":\"BreadcrumbList\",\"@id\":\"https:\\\/\\\/aconteceunovale.com.br\\\/portal\\\/?p=172646#breadcrumb\",\"itemListElement\":[{\"@type\":\"ListItem\",\"position\":1,\"name\":\"In\u00edcio\",\"item\":\"https:\\\/\\\/aconteceunovale.com.br\\\/portal\\\/\"},{\"@type\":\"ListItem\",\"position\":2,\"name\":\"Governo de Minas Gerais lan\u00e7a site para esclarecer d\u00favidas sobre a vacina contra a Covid-19\"}]},{\"@type\":\"WebSite\",\"@id\":\"https:\\\/\\\/aconteceunovale.com.br\\\/portal\\\/#website\",\"url\":\"https:\\\/\\\/aconteceunovale.com.br\\\/portal\\\/\",\"name\":\"Aconteceu no Vale\",\"description\":\"Portal de Not\u00edcias\",\"potentialAction\":[{\"@type\":\"SearchAction\",\"target\":{\"@type\":\"EntryPoint\",\"urlTemplate\":\"https:\\\/\\\/aconteceunovale.com.br\\\/portal\\\/?s={search_term_string}\"},\"query-input\":{\"@type\":\"PropertyValueSpecification\",\"valueRequired\":true,\"valueName\":\"search_term_string\"}}],\"inLanguage\":\"pt-BR\"},{\"@type\":\"Person\",\"@id\":\"https:\\\/\\\/aconteceunovale.com.br\\\/portal\\\/#\\\/schema\\\/person\\\/7d2f26d1483f8a63de73da1ee0754d35\",\"name\":\"Reda\u00e7\u00e3o Aconteceu no Vale\",\"description\":\"Equipe de reportagem do Aconteceu no Vale, portal de not\u00edcias do Vale do Jequitinhonha, em Minas Gerais. Cobrimos as 51 cidades do Vale desde 2013. Sugest\u00f5es de pauta e pedidos de corre\u00e7\u00e3o: contato@aconteceunovale.com.br\",\"url\":\"https:\\\/\\\/aconteceunovale.com.br\\\/portal\\\/?author=4\"}]}<\/script>\n<!-- \/ Yoast SEO plugin. -->","yoast_head_json":{"title":"Governo de Minas Gerais lan\u00e7a site para esclarecer d\u00favidas sobre a vacina contra a Covid-19 - Aconteceu no Vale","robots":{"index":"index","follow":"follow","max-snippet":"max-snippet:-1","max-image-preview":"max-image-preview:large","max-video-preview":"max-video-preview:-1"},"canonical":"https:\/\/aconteceunovale.com.br\/portal\/?p=172646","og_locale":"pt_BR","og_type":"article","og_title":"Governo de Minas Gerais lan\u00e7a site para esclarecer d\u00favidas sobre a vacina contra a Covid-19 - Aconteceu no Vale","og_description":"A chegada de milhares de doses da vacina contra a covid-19 em Minas Gerais, na \u00faltima segunda-feira (18\/1\/2021), trouxe esperan\u00e7a aos mineiros e intensificou a vontade de se informar sobre o assunto. Para dar ainda mais transpar\u00eancia sobre os imunizantes recebidos pelo Estado e ajudar a esclarecer d\u00favidas da popula\u00e7\u00e3o, o\u00a0Governo de Minas\u00a0lan\u00e7ou, nesta quinta-feira [&hellip;]","og_url":"https:\/\/aconteceunovale.com.br\/portal\/?p=172646","og_site_name":"Aconteceu no Vale","article_publisher":"https:\/\/www.facebook.com\/aconteceunovale\/","article_published_time":"2021-01-22T00:12:51+00:00","article_modified_time":"2021-01-22T00:13:29+00:00","og_image":[{"width":678,"height":340,"url":"https:\/\/aconteceunovale.com.br\/portal\/wp-content\/uploads\/2021\/01\/vacina_butanta.jpeg","type":"image\/jpeg"}],"author":"Reda\u00e7\u00e3o Aconteceu no Vale","twitter_card":"summary_large_image","twitter_creator":"@noticiadosvales","twitter_site":"@noticiadosvales","twitter_misc":{"Escrito por":"Reda\u00e7\u00e3o Aconteceu no Vale","Est. tempo de leitura":"2 minutos"},"schema":{"@context":"https:\/\/schema.org","@graph":[{"@type":"Article","@id":"https:\/\/aconteceunovale.com.br\/portal\/?p=172646#article","isPartOf":{"@id":"https:\/\/aconteceunovale.com.br\/portal\/?p=172646"},"author":{"name":"Reda\u00e7\u00e3o Aconteceu no Vale","@id":"https:\/\/aconteceunovale.com.br\/portal\/#\/schema\/person\/7d2f26d1483f8a63de73da1ee0754d35"},"headline":"Governo de Minas Gerais lan\u00e7a site para esclarecer d\u00favidas sobre a vacina contra a Covid-19","datePublished":"2021-01-22T00:12:51+00:00","dateModified":"2021-01-22T00:13:29+00:00","mainEntityOfPage":{"@id":"https:\/\/aconteceunovale.com.br\/portal\/?p=172646"},"wordCount":408,"commentCount":0,"image":{"@id":"https:\/\/aconteceunovale.com.br\/portal\/?p=172646#primaryimage"},"thumbnailUrl":"https:\/\/aconteceunovale.com.br\/portal\/wp-content\/uploads\/2021\/01\/vacina_butanta.jpeg","keywords":["Adileia Pereira de Jesus Cardoso","Adriana Vilella \u00c1vila de Castro","Belo Horizonte","Cec\u00e9","Confins","destaque","Distribui\u00e7\u00e3o da vacina em Minas Gerais","Governador detalha Plano de Conting\u00eancia para Vacina\u00e7\u00e3o contra a Covid-19 em Minas Gerais","Governador detalha Plano de Conting\u00eancia para Vacina\u00e7\u00e3o contra o novo coronav\u00edrus em Minas Gerais","Governador Romeu Zema","Governo de Minas Gerais lan\u00e7a site para esclarecer d\u00favidas sobre a vacina contra a Covid-19","HEM","Hospital Eduardo de Menezes","Iniciada a maior opera\u00e7\u00e3o de vacina\u00e7\u00e3o da hist\u00f3ria de Minas Gerais","Maior opera\u00e7\u00e3o de vacina\u00e7\u00e3o da hist\u00f3ria de Minas Gerais","Maria Bom Sucesso Pereira","Minas Gerais inicia a maior opera\u00e7\u00e3o de vacina\u00e7\u00e3o da sua hist\u00f3ria","Minas Gerais recebe 561 mil doses da CoronaVac","Mois\u00e9s Alves Senra","Plano de Conting\u00eancia para Vacina\u00e7\u00e3o contra a Covid-19 em Minas Gerais","Plano de Conting\u00eancia para Vacina\u00e7\u00e3o contra o novo coronav\u00edrus em Minas Gerais","Plano para Vacina\u00e7\u00e3o contra a Covid-19 em Minas Gerais","Plano para Vacina\u00e7\u00e3o contra o novo coronav\u00edrus em Minas Gerais","Romeu Zema","Teresa Gamarano Barros","Thiago Lib\u00e9rio Santana Medina","Vacina\u00e7\u00e3o contra a Covid-19 em Minas Gerais","Vacina\u00e7\u00e3o contra o novo coronav\u00edrus em Minas Gerais"],"articleSection":["Minas Gerais","Sa\u00fade"],"inLanguage":"pt-BR","potentialAction":[{"@type":"CommentAction","name":"Comment","target":["https:\/\/aconteceunovale.com.br\/portal\/?p=172646#respond"]}]},{"@type":"WebPage","@id":"https:\/\/aconteceunovale.com.br\/portal\/?p=172646","url":"https:\/\/aconteceunovale.com.br\/portal\/?p=172646","name":"Governo de Minas Gerais lan\u00e7a site para esclarecer d\u00favidas sobre a vacina contra a Covid-19 - Aconteceu no Vale","isPartOf":{"@id":"https:\/\/aconteceunovale.com.br\/portal\/#website"},"primaryImageOfPage":{"@id":"https:\/\/aconteceunovale.com.br\/portal\/?p=172646#primaryimage"},"image":{"@id":"https:\/\/aconteceunovale.com.br\/portal\/?p=172646#primaryimage"},"thumbnailUrl":"https:\/\/aconteceunovale.com.br\/portal\/wp-content\/uploads\/2021\/01\/vacina_butanta.jpeg","datePublished":"2021-01-22T00:12:51+00:00","dateModified":"2021-01-22T00:13:29+00:00","author":{"@id":"https:\/\/aconteceunovale.com.br\/portal\/#\/schema\/person\/7d2f26d1483f8a63de73da1ee0754d35"},"breadcrumb":{"@id":"https:\/\/aconteceunovale.com.br\/portal\/?p=172646#breadcrumb"},"inLanguage":"pt-BR","potentialAction":[{"@type":"ReadAction","target":["https:\/\/aconteceunovale.com.br\/portal\/?p=172646"]}]},{"@type":"ImageObject","inLanguage":"pt-BR","@id":"https:\/\/aconteceunovale.com.br\/portal\/?p=172646#primaryimage","url":"https:\/\/aconteceunovale.com.br\/portal\/wp-content\/uploads\/2021\/01\/vacina_butanta.jpeg","contentUrl":"https:\/\/aconteceunovale.com.br\/portal\/wp-content\/uploads\/2021\/01\/vacina_butanta.jpeg","width":678,"height":340},{"@type":"BreadcrumbList","@id":"https:\/\/aconteceunovale.com.br\/portal\/?p=172646#breadcrumb","itemListElement":[{"@type":"ListItem","position":1,"name":"In\u00edcio","item":"https:\/\/aconteceunovale.com.br\/portal\/"},{"@type":"ListItem","position":2,"name":"Governo de Minas Gerais lan\u00e7a site para esclarecer d\u00favidas sobre a vacina contra a Covid-19"}]},{"@type":"WebSite","@id":"https:\/\/aconteceunovale.com.br\/portal\/#website","url":"https:\/\/aconteceunovale.com.br\/portal\/","name":"Aconteceu no Vale","description":"Portal de Not\u00edcias","potentialAction":[{"@type":"SearchAction","target":{"@type":"EntryPoint","urlTemplate":"https:\/\/aconteceunovale.com.br\/portal\/?s={search_term_string}"},"query-input":{"@type":"PropertyValueSpecification","valueRequired":true,"valueName":"search_term_string"}}],"inLanguage":"pt-BR"},{"@type":"Person","@id":"https:\/\/aconteceunovale.com.br\/portal\/#\/schema\/person\/7d2f26d1483f8a63de73da1ee0754d35","name":"Reda\u00e7\u00e3o Aconteceu no Vale","description":"Equipe de reportagem do Aconteceu no Vale, portal de not\u00edcias do Vale do Jequitinhonha, em Minas Gerais. Cobrimos as 51 cidades do Vale desde 2013. Sugest\u00f5es de pauta e pedidos de corre\u00e7\u00e3o: contato@aconteceunovale.com.br","url":"https:\/\/aconteceunovale.com.br\/portal\/?author=4"}]}},"_links":{"self":[{"href":"https:\/\/aconteceunovale.com.br\/portal\/index.php?rest_route=\/wp\/v2\/posts\/172646","targetHints":{"allow":["GET"]}}],"collection":[{"href":"https:\/\/aconteceunovale.com.br\/portal\/index.php?rest_route=\/wp\/v2\/posts"}],"about":[{"href":"https:\/\/aconteceunovale.com.br\/portal\/index.php?rest_route=\/wp\/v2\/types\/post"}],"author":[{"embeddable":true,"href":"https:\/\/aconteceunovale.com.br\/portal\/index.php?rest_route=\/wp\/v2\/users\/4"}],"replies":[{"embeddable":true,"href":"https:\/\/aconteceunovale.com.br\/portal\/index.php?rest_route=%2Fwp%2Fv2%2Fcomments&post=172646"}],"version-history":[{"count":1,"href":"https:\/\/aconteceunovale.com.br\/portal\/index.php?rest_route=\/wp\/v2\/posts\/172646\/revisions"}],"predecessor-version":[{"id":172647,"href":"https:\/\/aconteceunovale.com.br\/portal\/index.php?rest_route=\/wp\/v2\/posts\/172646\/revisions\/172647"}],"wp:featuredmedia":[{"embeddable":true,"href":"https:\/\/aconteceunovale.com.br\/portal\/index.php?rest_route=\/wp\/v2\/media\/172189"}],"wp:attachment":[{"href":"https:\/\/aconteceunovale.com.br\/portal\/index.php?rest_route=%2Fwp%2Fv2%2Fmedia&parent=172646"}],"wp:term":[{"taxonomy":"category","embeddable":true,"href":"https:\/\/aconteceunovale.com.br\/portal\/index.php?rest_route=%2Fwp%2Fv2%2Fcategories&post=172646"},{"taxonomy":"post_tag","embeddable":true,"href":"https:\/\/aconteceunovale.com.br\/portal\/index.php?rest_route=%2Fwp%2Fv2%2Ftags&post=172646"}],"curies":[{"name":"wp","href":"https:\/\/api.w.org\/{rel}","templated":true}]}}