{"id":172643,"date":"2021-01-21T16:10:49","date_gmt":"2021-01-21T19:10:49","guid":{"rendered":"https:\/\/aconteceunovale.com.br\/portal\/?p=172643"},"modified":"2021-01-21T16:12:44","modified_gmt":"2021-01-21T19:12:44","slug":"ricardo-lewandowski-nega-liminar-para-afastar-eduardo-pazuello","status":"publish","type":"post","link":"https:\/\/aconteceunovale.com.br\/portal\/?p=172643","title":{"rendered":"Ricardo Lewandowski nega liminar para afastar Eduardo Pazuello"},"content":{"rendered":"\n<p class=\"wp-block-paragraph\">O ministro Ricardo Lewandowski, do Supremo Tribunal Federal (STF), negou&nbsp;hoje&nbsp;(21\/1\/2021) uma liminar (decis\u00e3o provis\u00f3ria) para afastar o general da ativa Eduardo Pazuello do cargo de ministro da Sa\u00fade.<\/p>\n\n\n\n<p class=\"wp-block-paragraph\">Na decis\u00e3o, Lewandowski afirmou que o Supremo n\u00e3o possui autoridade para determinar a medida, pois \u201ccompete privativamente ao presidente da Rep\u00fablica, nos termos do art. 84, I, do texto constitucional nomear e exonerar os ministros de Estado\u2019\u201d.<\/p>\n\n\n\n<p class=\"wp-block-paragraph\">A liminar havia sido pedida pelo partido Rede, que para justificar o afastamento de Pazuello alegou \u201cdiversos equ\u00edvocos, inclu\u00eddos os de log\u00edstica, na condu\u00e7\u00e3o das atividades ministeriais durante a pandemia do Coronav\u00edrus\u201d. A legenda destacou as mais de 210 mil pessoas que morreram de covid-19 no Brasil e a recente falta de oxig\u00eanio em unidades hospitalares do Amazonas e do Par\u00e1.<\/p>\n\n\n\n<p class=\"wp-block-paragraph\">Lewandowski frisou, contudo, que eventual afastamento de ministro de Estado depende da atua\u00e7\u00e3o da Procuradoria-Geral da Rep\u00fablica, a quem cabe apurar os crimes cometidos por essas autoridades, sejam comuns ou de responsabilidade.<\/p>\n\n\n\n<p class=\"wp-block-paragraph\">\u201cAinda que, apenas para argumentar, o requerente pretendesse protocolar um pedido de\u00a0<em>impeachment<\/em>\u00a0do titular daquela pasta [Sa\u00fade], mesmo assim teria de endere\u00e7\u00e1-lo ao Procurador-Geral da Rep\u00fablica, e n\u00e3o diretamente ao Supremo Tribunal Federal\u201d, afirmou o ministro.<\/p>\n\n\n\n<figure class=\"wp-block-gallery columns-1 is-cropped wp-block-gallery-1 is-layout-flex wp-block-gallery-is-layout-flex\"><ul class=\"blocks-gallery-grid\"><li class=\"blocks-gallery-item\"><figure><img loading=\"lazy\" decoding=\"async\" width=\"678\" height=\"406\" src=\"https:\/\/aconteceunovale.com.br\/portal\/wp-content\/uploads\/2021\/01\/ricardo_lewandoski.jpg\" alt=\"\" data-id=\"172644\" data-full-url=\"https:\/\/aconteceunovale.com.br\/portal\/wp-content\/uploads\/2021\/01\/ricardo_lewandoski.jpg\" data-link=\"https:\/\/aconteceunovale.com.br\/portal\/?attachment_id=172644\" class=\"wp-image-172644\" srcset=\"https:\/\/aconteceunovale.com.br\/portal\/wp-content\/uploads\/2021\/01\/ricardo_lewandoski.jpg 678w, https:\/\/aconteceunovale.com.br\/portal\/wp-content\/uploads\/2021\/01\/ricardo_lewandoski-300x180.jpg 300w\" sizes=\"auto, (max-width: 678px) 100vw, 678px\" \/><figcaption class=\"blocks-gallery-item__caption\"><em>Ricardo Lewandowski &#8211; Foto: Nelson Jr.\/SCO\/STF<\/em><\/figcaption><\/figure><\/li><\/ul><\/figure>\n\n\n\n<p class=\"wp-block-paragraph\">Lewandowski reclamou ainda que&nbsp;a solicita\u00e7\u00e3o&nbsp;da Rede para afastar Pazuello n\u00e3o veio acompanhada de \u201cquaisquer comprova\u00e7\u00f5es emp\u00edricas\u201d, tendo sido \u201cbaseada em meras not\u00edcias jornal\u00edsticas, as quais d\u00e3o conta de uma poss\u00edvel &#8211; e, a ser verdade, preocupante &#8211; falta de insumos m\u00e9dico-hospitalares na regi\u00e3o Norte do pa\u00eds, em especial de estoques de oxig\u00eanio\u201d.<\/p>\n\n\n\n<p class=\"wp-block-paragraph\">O ministro tamb\u00e9m entendeu que o pedido, feito em uma a\u00e7\u00e3o de descumprimento de preceito fundamental, n\u00e3o tem rela\u00e7\u00e3o com a causa original da Argui\u00e7\u00e3o de Descumprimento de Preceito Fundamental (ADPF) aberta pela Rede, que trata da compra&nbsp;de vacinas pelo Minist\u00e9rio da Sa\u00fade.<\/p>\n\n\n\n<p class=\"wp-block-paragraph\">Desde que abriu a a\u00e7\u00e3o, em outubro, a Rede vem apresentando sucessivos pedidos adicionais. Al\u00e9m do afastamento de Pazuello, o partido havia pedido que o Supremo obrigasse o governo a prestar informa\u00e7\u00f5es sobre o estoque de oxig\u00eanio no sistema de sa\u00fade pa\u00eds e apresentasse, em 24 horas, um planejamento para a disponibiliza\u00e7\u00e3o do insumo aos estados da regi\u00e3o Norte.<\/p>\n\n\n\n<p class=\"wp-block-paragraph\">As solicita\u00e7\u00f5es n\u00e3o foram&nbsp;atendidas por Lewandowski. O ministro destacou que tais provid\u00eancias \u2013 requisi\u00e7\u00e3o de informa\u00e7\u00f5es e a exig\u00eancia de execu\u00e7\u00e3o de pol\u00edticas p\u00fablicas \u2013 \u201cpodem ser levadas a efeito sem a interven\u00e7\u00e3o do Judici\u00e1rio, por meio da compet\u00eancia atribu\u00edda \u00e0 C\u00e2mara dos Deputados e ao Senado\u201d.<\/p>\n\n\n\n<p class=\"wp-block-paragraph\">Em uma outra ADPF, aberta pelo PCdoB e o PT, Lewandowski determinou que o governo apresente um plano detalhado, e que o atualize a cada 48 horas, sobre o enfrentamento da crise sanit\u00e1ria no Amazonas. Em uma primeira\u00a0comunica\u00e7\u00e3o, a Advocacia-Geral da Uni\u00e3o (AGU) disse que as autoridades federais sabiam desde\u00a08 de janeiro\u00a0do risco de falta de oxig\u00eanio em Manaus.\u00a0<\/p>\n\n\n\n<p class=\"has-white-color has-black-background-color has-text-color has-background wp-block-paragraph\">Quer saber as not\u00edcias do <strong>Aconteceu no Vale<\/strong> em primeira m\u00e3o? Siga-nos no Facebook <a rel=\"noreferrer noopener\" href=\"http:\/\/facebook.com\/aconteceunovale\" target=\"_blank\">@aconteceunovale<\/a>, Twitter <a rel=\"noreferrer noopener\" href=\"https:\/\/twitter.com\/noticiadosvales\" target=\"_blank\">@noticiadosvales<\/a> e Instagram <a rel=\"noreferrer noopener\" href=\"https:\/\/www.instagram.com\/aconteceunovale\" target=\"_blank\">@aconteceunovale<\/a>.<\/p>\n","protected":false},"excerpt":{"rendered":"<p>O ministro Ricardo Lewandowski, do Supremo Tribunal Federal (STF), negou&nbsp;hoje&nbsp;(21\/1\/2021) uma liminar (decis\u00e3o provis\u00f3ria) para afastar o general da ativa Eduardo Pazuello do cargo de ministro da Sa\u00fade. Na decis\u00e3o, Lewandowski afirmou que o Supremo n\u00e3o possui autoridade para determinar a medida, pois \u201ccompete privativamente ao presidente da Rep\u00fablica, nos termos do art. 84, I, [&hellip;]<\/p>\n","protected":false},"author":4,"featured_media":172644,"comment_status":"open","ping_status":"closed","sticky":false,"template":"","format":"standard","meta":{"amp_status":"","footnotes":""},"categories":[6,40240],"tags":[235286,235285,235282,221803,235284,19326,34259,235283,59640,28512,28511],"class_list":["post-172643","post","type-post","status-publish","format-standard","has-post-thumbnail","hentry","category-br","category-politica","tag-adpf","tag-afastamento-de-pazuello","tag-afastamento-do-ministro-da-saude","tag-eduardo-pazuello","tag-general-eduardo-pazuello","tag-ministerio-da-saude","tag-ministro-da-saude","tag-ministro-eduardo-pazuello","tag-rede","tag-ricardo-lewandowski","tag-stf"],"yoast_head":"<!-- This site is optimized with the Yoast SEO plugin v28.3 - https:\/\/yoast.com\/product\/yoast-seo-wordpress\/ -->\n<title>Ricardo Lewandowski nega liminar para afastar Eduardo Pazuello - Aconteceu no Vale<\/title>\n<meta name=\"robots\" content=\"index, follow, max-snippet:-1, max-image-preview:large, max-video-preview:-1\" \/>\n<link rel=\"canonical\" href=\"https:\/\/aconteceunovale.com.br\/portal\/?p=172643\" \/>\n<meta property=\"og:locale\" content=\"pt_BR\" \/>\n<meta property=\"og:type\" content=\"article\" \/>\n<meta property=\"og:title\" content=\"Ricardo Lewandowski nega liminar para afastar Eduardo Pazuello - Aconteceu no Vale\" \/>\n<meta property=\"og:description\" content=\"O ministro Ricardo Lewandowski, do Supremo Tribunal Federal (STF), negou&nbsp;hoje&nbsp;(21\/1\/2021) uma liminar (decis\u00e3o provis\u00f3ria) para afastar o general da ativa Eduardo Pazuello do cargo de ministro da Sa\u00fade. Na decis\u00e3o, Lewandowski afirmou que o Supremo n\u00e3o possui autoridade para determinar a medida, pois \u201ccompete privativamente ao presidente da Rep\u00fablica, nos termos do art. 84, I, [&hellip;]\" \/>\n<meta property=\"og:url\" content=\"https:\/\/aconteceunovale.com.br\/portal\/?p=172643\" \/>\n<meta property=\"og:site_name\" content=\"Aconteceu no Vale\" \/>\n<meta property=\"article:publisher\" content=\"https:\/\/www.facebook.com\/aconteceunovale\/\" \/>\n<meta property=\"article:published_time\" content=\"2021-01-21T19:10:49+00:00\" \/>\n<meta property=\"article:modified_time\" content=\"2021-01-21T19:12:44+00:00\" \/>\n<meta property=\"og:image\" content=\"https:\/\/aconteceunovale.com.br\/portal\/wp-content\/uploads\/2021\/01\/ricardo_lewandoski.jpg\" \/>\n\t<meta property=\"og:image:width\" content=\"678\" \/>\n\t<meta property=\"og:image:height\" content=\"406\" \/>\n\t<meta property=\"og:image:type\" content=\"image\/jpeg\" \/>\n<meta name=\"author\" content=\"Reda\u00e7\u00e3o Aconteceu no Vale\" \/>\n<meta name=\"twitter:card\" content=\"summary_large_image\" \/>\n<meta name=\"twitter:creator\" content=\"@noticiadosvales\" \/>\n<meta name=\"twitter:site\" content=\"@noticiadosvales\" \/>\n<meta name=\"twitter:label1\" content=\"Escrito por\" \/>\n\t<meta name=\"twitter:data1\" content=\"Reda\u00e7\u00e3o Aconteceu no Vale\" \/>\n\t<meta name=\"twitter:label2\" content=\"Est. tempo de leitura\" \/>\n\t<meta name=\"twitter:data2\" content=\"3 minutos\" \/>\n<script type=\"application\/ld+json\" class=\"yoast-schema-graph\">{\"@context\":\"https:\\\/\\\/schema.org\",\"@graph\":[{\"@type\":\"Article\",\"@id\":\"https:\\\/\\\/aconteceunovale.com.br\\\/portal\\\/?p=172643#article\",\"isPartOf\":{\"@id\":\"https:\\\/\\\/aconteceunovale.com.br\\\/portal\\\/?p=172643\"},\"author\":{\"name\":\"Reda\u00e7\u00e3o Aconteceu no Vale\",\"@id\":\"https:\\\/\\\/aconteceunovale.com.br\\\/portal\\\/#\\\/schema\\\/person\\\/7d2f26d1483f8a63de73da1ee0754d35\"},\"headline\":\"Ricardo Lewandowski nega liminar para afastar Eduardo Pazuello\",\"datePublished\":\"2021-01-21T19:10:49+00:00\",\"dateModified\":\"2021-01-21T19:12:44+00:00\",\"mainEntityOfPage\":{\"@id\":\"https:\\\/\\\/aconteceunovale.com.br\\\/portal\\\/?p=172643\"},\"wordCount\":562,\"commentCount\":0,\"image\":{\"@id\":\"https:\\\/\\\/aconteceunovale.com.br\\\/portal\\\/?p=172643#primaryimage\"},\"thumbnailUrl\":\"https:\\\/\\\/aconteceunovale.com.br\\\/portal\\\/wp-content\\\/uploads\\\/2021\\\/01\\\/ricardo_lewandoski.jpg\",\"keywords\":[\"ADPF\",\"Afastamento de Pazuello\",\"Afastamento do Ministro da Sa\u00fade\",\"Eduardo Pazuello\",\"General Eduardo Pazuello\",\"Minist\u00e9rio da Sa\u00fade\",\"ministro da Sa\u00fade\",\"Ministro Eduardo Pazuello\",\"rede\",\"Ricardo Lewandowski\",\"STF\"],\"articleSection\":[\"Brasil\",\"Pol\u00edtica\"],\"inLanguage\":\"pt-BR\",\"potentialAction\":[{\"@type\":\"CommentAction\",\"name\":\"Comment\",\"target\":[\"https:\\\/\\\/aconteceunovale.com.br\\\/portal\\\/?p=172643#respond\"]}]},{\"@type\":\"WebPage\",\"@id\":\"https:\\\/\\\/aconteceunovale.com.br\\\/portal\\\/?p=172643\",\"url\":\"https:\\\/\\\/aconteceunovale.com.br\\\/portal\\\/?p=172643\",\"name\":\"Ricardo Lewandowski nega liminar para afastar Eduardo Pazuello - Aconteceu no Vale\",\"isPartOf\":{\"@id\":\"https:\\\/\\\/aconteceunovale.com.br\\\/portal\\\/#website\"},\"primaryImageOfPage\":{\"@id\":\"https:\\\/\\\/aconteceunovale.com.br\\\/portal\\\/?p=172643#primaryimage\"},\"image\":{\"@id\":\"https:\\\/\\\/aconteceunovale.com.br\\\/portal\\\/?p=172643#primaryimage\"},\"thumbnailUrl\":\"https:\\\/\\\/aconteceunovale.com.br\\\/portal\\\/wp-content\\\/uploads\\\/2021\\\/01\\\/ricardo_lewandoski.jpg\",\"datePublished\":\"2021-01-21T19:10:49+00:00\",\"dateModified\":\"2021-01-21T19:12:44+00:00\",\"author\":{\"@id\":\"https:\\\/\\\/aconteceunovale.com.br\\\/portal\\\/#\\\/schema\\\/person\\\/7d2f26d1483f8a63de73da1ee0754d35\"},\"breadcrumb\":{\"@id\":\"https:\\\/\\\/aconteceunovale.com.br\\\/portal\\\/?p=172643#breadcrumb\"},\"inLanguage\":\"pt-BR\",\"potentialAction\":[{\"@type\":\"ReadAction\",\"target\":[\"https:\\\/\\\/aconteceunovale.com.br\\\/portal\\\/?p=172643\"]}]},{\"@type\":\"ImageObject\",\"inLanguage\":\"pt-BR\",\"@id\":\"https:\\\/\\\/aconteceunovale.com.br\\\/portal\\\/?p=172643#primaryimage\",\"url\":\"https:\\\/\\\/aconteceunovale.com.br\\\/portal\\\/wp-content\\\/uploads\\\/2021\\\/01\\\/ricardo_lewandoski.jpg\",\"contentUrl\":\"https:\\\/\\\/aconteceunovale.com.br\\\/portal\\\/wp-content\\\/uploads\\\/2021\\\/01\\\/ricardo_lewandoski.jpg\",\"width\":678,\"height\":406,\"caption\":\"Ministro Ricardo Lewandowski durante sess\u00e3o da 2\u00aa turma do STF.\"},{\"@type\":\"BreadcrumbList\",\"@id\":\"https:\\\/\\\/aconteceunovale.com.br\\\/portal\\\/?p=172643#breadcrumb\",\"itemListElement\":[{\"@type\":\"ListItem\",\"position\":1,\"name\":\"In\u00edcio\",\"item\":\"https:\\\/\\\/aconteceunovale.com.br\\\/portal\\\/\"},{\"@type\":\"ListItem\",\"position\":2,\"name\":\"Ricardo Lewandowski nega liminar para afastar Eduardo Pazuello\"}]},{\"@type\":\"WebSite\",\"@id\":\"https:\\\/\\\/aconteceunovale.com.br\\\/portal\\\/#website\",\"url\":\"https:\\\/\\\/aconteceunovale.com.br\\\/portal\\\/\",\"name\":\"Aconteceu no Vale\",\"description\":\"Portal de Not\u00edcias\",\"potentialAction\":[{\"@type\":\"SearchAction\",\"target\":{\"@type\":\"EntryPoint\",\"urlTemplate\":\"https:\\\/\\\/aconteceunovale.com.br\\\/portal\\\/?s={search_term_string}\"},\"query-input\":{\"@type\":\"PropertyValueSpecification\",\"valueRequired\":true,\"valueName\":\"search_term_string\"}}],\"inLanguage\":\"pt-BR\"},{\"@type\":\"Person\",\"@id\":\"https:\\\/\\\/aconteceunovale.com.br\\\/portal\\\/#\\\/schema\\\/person\\\/7d2f26d1483f8a63de73da1ee0754d35\",\"name\":\"Reda\u00e7\u00e3o Aconteceu no Vale\",\"description\":\"Equipe de reportagem do Aconteceu no Vale, portal de not\u00edcias do Vale do Jequitinhonha, em Minas Gerais. Cobrimos as 51 cidades do Vale desde 2013. Sugest\u00f5es de pauta e pedidos de corre\u00e7\u00e3o: contato@aconteceunovale.com.br\",\"url\":\"https:\\\/\\\/aconteceunovale.com.br\\\/portal\\\/?author=4\"}]}<\/script>\n<!-- \/ Yoast SEO plugin. -->","yoast_head_json":{"title":"Ricardo Lewandowski nega liminar para afastar Eduardo Pazuello - Aconteceu no Vale","robots":{"index":"index","follow":"follow","max-snippet":"max-snippet:-1","max-image-preview":"max-image-preview:large","max-video-preview":"max-video-preview:-1"},"canonical":"https:\/\/aconteceunovale.com.br\/portal\/?p=172643","og_locale":"pt_BR","og_type":"article","og_title":"Ricardo Lewandowski nega liminar para afastar Eduardo Pazuello - Aconteceu no Vale","og_description":"O ministro Ricardo Lewandowski, do Supremo Tribunal Federal (STF), negou&nbsp;hoje&nbsp;(21\/1\/2021) uma liminar (decis\u00e3o provis\u00f3ria) para afastar o general da ativa Eduardo Pazuello do cargo de ministro da Sa\u00fade. Na decis\u00e3o, Lewandowski afirmou que o Supremo n\u00e3o possui autoridade para determinar a medida, pois \u201ccompete privativamente ao presidente da Rep\u00fablica, nos termos do art. 84, I, [&hellip;]","og_url":"https:\/\/aconteceunovale.com.br\/portal\/?p=172643","og_site_name":"Aconteceu no Vale","article_publisher":"https:\/\/www.facebook.com\/aconteceunovale\/","article_published_time":"2021-01-21T19:10:49+00:00","article_modified_time":"2021-01-21T19:12:44+00:00","og_image":[{"width":678,"height":406,"url":"https:\/\/aconteceunovale.com.br\/portal\/wp-content\/uploads\/2021\/01\/ricardo_lewandoski.jpg","type":"image\/jpeg"}],"author":"Reda\u00e7\u00e3o Aconteceu no Vale","twitter_card":"summary_large_image","twitter_creator":"@noticiadosvales","twitter_site":"@noticiadosvales","twitter_misc":{"Escrito por":"Reda\u00e7\u00e3o Aconteceu no Vale","Est. tempo de leitura":"3 minutos"},"schema":{"@context":"https:\/\/schema.org","@graph":[{"@type":"Article","@id":"https:\/\/aconteceunovale.com.br\/portal\/?p=172643#article","isPartOf":{"@id":"https:\/\/aconteceunovale.com.br\/portal\/?p=172643"},"author":{"name":"Reda\u00e7\u00e3o Aconteceu no Vale","@id":"https:\/\/aconteceunovale.com.br\/portal\/#\/schema\/person\/7d2f26d1483f8a63de73da1ee0754d35"},"headline":"Ricardo Lewandowski nega liminar para afastar Eduardo Pazuello","datePublished":"2021-01-21T19:10:49+00:00","dateModified":"2021-01-21T19:12:44+00:00","mainEntityOfPage":{"@id":"https:\/\/aconteceunovale.com.br\/portal\/?p=172643"},"wordCount":562,"commentCount":0,"image":{"@id":"https:\/\/aconteceunovale.com.br\/portal\/?p=172643#primaryimage"},"thumbnailUrl":"https:\/\/aconteceunovale.com.br\/portal\/wp-content\/uploads\/2021\/01\/ricardo_lewandoski.jpg","keywords":["ADPF","Afastamento de Pazuello","Afastamento do Ministro da Sa\u00fade","Eduardo Pazuello","General Eduardo Pazuello","Minist\u00e9rio da Sa\u00fade","ministro da Sa\u00fade","Ministro Eduardo Pazuello","rede","Ricardo Lewandowski","STF"],"articleSection":["Brasil","Pol\u00edtica"],"inLanguage":"pt-BR","potentialAction":[{"@type":"CommentAction","name":"Comment","target":["https:\/\/aconteceunovale.com.br\/portal\/?p=172643#respond"]}]},{"@type":"WebPage","@id":"https:\/\/aconteceunovale.com.br\/portal\/?p=172643","url":"https:\/\/aconteceunovale.com.br\/portal\/?p=172643","name":"Ricardo Lewandowski nega liminar para afastar Eduardo Pazuello - Aconteceu no Vale","isPartOf":{"@id":"https:\/\/aconteceunovale.com.br\/portal\/#website"},"primaryImageOfPage":{"@id":"https:\/\/aconteceunovale.com.br\/portal\/?p=172643#primaryimage"},"image":{"@id":"https:\/\/aconteceunovale.com.br\/portal\/?p=172643#primaryimage"},"thumbnailUrl":"https:\/\/aconteceunovale.com.br\/portal\/wp-content\/uploads\/2021\/01\/ricardo_lewandoski.jpg","datePublished":"2021-01-21T19:10:49+00:00","dateModified":"2021-01-21T19:12:44+00:00","author":{"@id":"https:\/\/aconteceunovale.com.br\/portal\/#\/schema\/person\/7d2f26d1483f8a63de73da1ee0754d35"},"breadcrumb":{"@id":"https:\/\/aconteceunovale.com.br\/portal\/?p=172643#breadcrumb"},"inLanguage":"pt-BR","potentialAction":[{"@type":"ReadAction","target":["https:\/\/aconteceunovale.com.br\/portal\/?p=172643"]}]},{"@type":"ImageObject","inLanguage":"pt-BR","@id":"https:\/\/aconteceunovale.com.br\/portal\/?p=172643#primaryimage","url":"https:\/\/aconteceunovale.com.br\/portal\/wp-content\/uploads\/2021\/01\/ricardo_lewandoski.jpg","contentUrl":"https:\/\/aconteceunovale.com.br\/portal\/wp-content\/uploads\/2021\/01\/ricardo_lewandoski.jpg","width":678,"height":406,"caption":"Ministro Ricardo Lewandowski durante sess\u00e3o da 2\u00aa turma do STF."},{"@type":"BreadcrumbList","@id":"https:\/\/aconteceunovale.com.br\/portal\/?p=172643#breadcrumb","itemListElement":[{"@type":"ListItem","position":1,"name":"In\u00edcio","item":"https:\/\/aconteceunovale.com.br\/portal\/"},{"@type":"ListItem","position":2,"name":"Ricardo Lewandowski nega liminar para afastar Eduardo Pazuello"}]},{"@type":"WebSite","@id":"https:\/\/aconteceunovale.com.br\/portal\/#website","url":"https:\/\/aconteceunovale.com.br\/portal\/","name":"Aconteceu no Vale","description":"Portal de Not\u00edcias","potentialAction":[{"@type":"SearchAction","target":{"@type":"EntryPoint","urlTemplate":"https:\/\/aconteceunovale.com.br\/portal\/?s={search_term_string}"},"query-input":{"@type":"PropertyValueSpecification","valueRequired":true,"valueName":"search_term_string"}}],"inLanguage":"pt-BR"},{"@type":"Person","@id":"https:\/\/aconteceunovale.com.br\/portal\/#\/schema\/person\/7d2f26d1483f8a63de73da1ee0754d35","name":"Reda\u00e7\u00e3o Aconteceu no Vale","description":"Equipe de reportagem do Aconteceu no Vale, portal de not\u00edcias do Vale do Jequitinhonha, em Minas Gerais. Cobrimos as 51 cidades do Vale desde 2013. Sugest\u00f5es de pauta e pedidos de corre\u00e7\u00e3o: contato@aconteceunovale.com.br","url":"https:\/\/aconteceunovale.com.br\/portal\/?author=4"}]}},"_links":{"self":[{"href":"https:\/\/aconteceunovale.com.br\/portal\/index.php?rest_route=\/wp\/v2\/posts\/172643","targetHints":{"allow":["GET"]}}],"collection":[{"href":"https:\/\/aconteceunovale.com.br\/portal\/index.php?rest_route=\/wp\/v2\/posts"}],"about":[{"href":"https:\/\/aconteceunovale.com.br\/portal\/index.php?rest_route=\/wp\/v2\/types\/post"}],"author":[{"embeddable":true,"href":"https:\/\/aconteceunovale.com.br\/portal\/index.php?rest_route=\/wp\/v2\/users\/4"}],"replies":[{"embeddable":true,"href":"https:\/\/aconteceunovale.com.br\/portal\/index.php?rest_route=%2Fwp%2Fv2%2Fcomments&post=172643"}],"version-history":[{"count":1,"href":"https:\/\/aconteceunovale.com.br\/portal\/index.php?rest_route=\/wp\/v2\/posts\/172643\/revisions"}],"predecessor-version":[{"id":172645,"href":"https:\/\/aconteceunovale.com.br\/portal\/index.php?rest_route=\/wp\/v2\/posts\/172643\/revisions\/172645"}],"wp:featuredmedia":[{"embeddable":true,"href":"https:\/\/aconteceunovale.com.br\/portal\/index.php?rest_route=\/wp\/v2\/media\/172644"}],"wp:attachment":[{"href":"https:\/\/aconteceunovale.com.br\/portal\/index.php?rest_route=%2Fwp%2Fv2%2Fmedia&parent=172643"}],"wp:term":[{"taxonomy":"category","embeddable":true,"href":"https:\/\/aconteceunovale.com.br\/portal\/index.php?rest_route=%2Fwp%2Fv2%2Fcategories&post=172643"},{"taxonomy":"post_tag","embeddable":true,"href":"https:\/\/aconteceunovale.com.br\/portal\/index.php?rest_route=%2Fwp%2Fv2%2Ftags&post=172643"}],"curies":[{"name":"wp","href":"https:\/\/api.w.org\/{rel}","templated":true}]}}